{"id":57514,"date":"2014-11-21T22:23:37","date_gmt":"2014-11-22T01:23:37","guid":{"rendered":"http:\/\/www.24baires.com\/?p=57514"},"modified":"2014-11-21T22:23:37","modified_gmt":"2014-11-22T01:23:37","slug":"para-anibal-fernandez-lo-de-la-oposicion-es-una-verguenza","status":"publish","type":"post","link":"http:\/\/www.24baires.com\/?p=57514","title":{"rendered":"Para An\u00edbal Fern\u00e1ndez, \u00ablo de la oposici\u00f3n es una verg\u00fcenza\u00bb"},"content":{"rendered":"<p><img data-recalc-dims=\"1\" loading=\"lazy\" decoding=\"async\" class=\"aligncenter size-full wp-image-5267\" src=\"https:\/\/i0.wp.com\/www.24baires.com\/wp-content\/uploads\/2012\/11\/fern%C3%A1ndez-an%C3%ADbal2.jpg?resize=560%2C361\" alt=\"fern\u00e1ndez an\u00edbal2\" width=\"560\" height=\"361\" srcset=\"https:\/\/i0.wp.com\/www.24baires.com\/wp-content\/uploads\/2012\/11\/fern%C3%A1ndez-an%C3%ADbal2.jpg?w=560 560w, https:\/\/i0.wp.com\/www.24baires.com\/wp-content\/uploads\/2012\/11\/fern%C3%A1ndez-an%C3%ADbal2.jpg?resize=300%2C193 300w\" sizes=\"auto, (max-width: 560px) 100vw, 560px\" \/>El senador nacional An\u00edbal Fern\u00e1ndez (Frente para la Victoria) calific\u00f3 como \u00abuna verg\u00fcenza\u00bb la decisi\u00f3n de 28 senadores de la oposici\u00f3n de firmar un documento por el cual suscribieron un \u00abcompromiso p\u00fablico\u00bb para no cubrir la vacante generada en la Corte Suprema con la renuncia del juez Eugenio Zaffaroni.<!--more--><\/p>\n<p>\u00abEs una verg\u00fcenza eso. A m\u00ed me llama la atenci\u00f3n que no sean conscientes de la denigraci\u00f3n de la pol\u00edtica, de la falta de respeto a la Rep\u00fablica\u00bb, asever\u00f3.<\/p>\n<p>El legislador remarc\u00f3 que \u00abel art\u00edculo 99, inciso cuarto, dice que la designaci\u00f3n de los ministros de la Corte son a propuesta del Poder Ejecutivo con acuerdo del Senado. Qu\u00e9 necesita de esa mayor\u00eda agravada del acuerdo del Senado: los dos tercios de los miembros presentes\u00bb.<\/p>\n<p>\u00abQuiere decir que si usted tiene un n\u00famero suficiente como los 24, en este caso (refiri\u00e9ndose a la oposici\u00f3n), porque de 72 totales, 24 habla de un n\u00famero suficientemente importante como para impedir que con la diferencia nosotros podamos designarlo, ah\u00ed tiene el tema resuelto\u00bb, agreg\u00f3.<\/p>\n<p>Y se pregunt\u00f3: \u00abPara qu\u00e9 hacen el escrito? Para sacar una ventaja politiquera? Para poner inc\u00f3modo al Poder Ejecutivo blandiendo una bandera de falta de legitimidad que no existe?\u00bb<\/p>\n<p>\u00abDan verg\u00fcenza. No se han cansado de firmar escritos para trabar al Poder Ejecutivo en cuanta cosa pudieron. \u00bfY sabe qu\u00e9? Siempre les fue muy mal con este tipo de cosas; jam\u00e1s un dirigente con responsabilidad de nuestro partido ha firmado una denuncia p\u00fablica en contra de una pol\u00edtica p\u00fablica de su gobierno\u00bb, a\u00f1adi\u00f3.<\/p>\n<p>Y concluy\u00f3: \u00abD\u00edgame cu\u00e1l es la ventaja de firmar esta estupidez\u00bb.<\/p>\n<p>Adem\u00e1s, dijo que para que el abogado Eduardo Barcesat \u00abpresente una denuncia de esa caracter\u00edstica, hablando de sedici\u00f3n, hablando de deberes de funcionario p\u00fablico, tiene que tener una base jur\u00eddica sensata. No lo veo haciendo una desprolijidad en ese tema\u00bb.<\/p>\n<p>En relaci\u00f3n a las declaraciones de los senadores radicales Ernesto Sanz y Gerardo Morales respecto del escrito de Barcesat, el senador Fern\u00e1ndez enfatiz\u00f3: \u00abEscuch\u00e9 las barbaridades que dijo el senador Sanz, que no solamente averg\u00fcenza, sino que da verg\u00fcenza, porque afirma que se dice intimidado por las expresiones en el escrito de Barcesat\u00bb.<\/p>\n<p>\u00abLa realidad es que no han tenido otra conducta como bloque, tanto \u00e9l como el senador Morales, que la de entorpecer la vida institucional de un pa\u00eds en cabeza del Poder Ejecutivo denunci\u00e1ndolo en cuanto cosa se le ocurri\u00f3\u00bb, consider\u00f3 el senador en declaraciones a C5N.<\/p>\n<p>&nbsp;<\/p>\n<p>&nbsp;<\/p>\n<p>&nbsp;<\/p>\n<p>&nbsp;<\/p>\n<p>&nbsp;<\/p>\n<p>&nbsp;<\/p>\n<p>&nbsp;<\/p>\n<p>&nbsp;<\/p>\n<p>&nbsp;<\/p>\n<p>&nbsp;<\/p>\n<p>&nbsp;<\/p>\n<p>&nbsp;<\/p>\n<p>&nbsp;<\/p>\n<p>&nbsp;<\/p>\n<p>&nbsp;<\/p>\n<p>&nbsp;<\/p>\n<p>&nbsp;<\/p>\n<p>&nbsp;<\/p>\n<p>&nbsp;<\/p>\n<p>&nbsp;<\/p>\n","protected":false},"excerpt":{"rendered":"<p>El senador nacional An\u00edbal Fern\u00e1ndez (Frente para la Victoria) calific\u00f3 como \u00abuna verg\u00fcenza\u00bb la decisi\u00f3n de 28 senadores de la oposici\u00f3n de firmar un documento por el cual suscribieron un \u00abcompromiso p\u00fablico\u00bb para no cubrir la vacante generada en la Corte Suprema con la renuncia del juez Eugenio Zaffaroni.<\/p>\n","protected":false},"author":8,"featured_media":0,"comment_status":"open","ping_status":"open","sticky":false,"template":"","format":"standard","meta":{"_jetpack_newsletter_access":"","_jetpack_dont_email_post_to_subs":false,"_jetpack_newsletter_tier_id":0,"_jetpack_memberships_contains_paywalled_content":false,"_jetpack_memberships_contains_paid_content":false,"footnotes":""},"categories":[51],"tags":[],"class_list":["post-57514","post","type-post","status-publish","format-standard","hentry","category-politica"],"jetpack_shortlink":"https:\/\/wp.me\/p2JWE0-eXE","jetpack-related-posts":[{"id":26945,"url":"http:\/\/www.24baires.com\/?p=26945","url_meta":{"origin":57514,"position":0},"title":"\u00abEs una Corte opositora, no es independiente\u00bb, asegur\u00f3 An\u00edbal Fern\u00e1ndez","author":"AF","date":"26\/06\/2013","format":false,"excerpt":"El senador nacional consider\u00f3 que la declaraci\u00f3n de inconstitucionalidad de la elecci\u00f3n popular de miembros al Consejo de la Magistratura \"es un desprop\u00f3sito\". El senador nacional An\u00edbal Fern\u00e1ndez calific\u00f3 esta ma\u00f1ana como \"opositora\" a la Corte Suprema de Justicia, y consider\u00f3 que la declaraci\u00f3n de inconstitucionalidad de la elecci\u00f3n popular\u2026","rel":"","context":"En \u00abPol\u00edtica\u00bb","block_context":{"text":"Pol\u00edtica","link":"http:\/\/www.24baires.com\/?cat=51"},"img":{"alt_text":"fern\u00e1ndez an\u00edbal2","src":"https:\/\/i0.wp.com\/www.24baires.com\/wp-content\/uploads\/2012\/11\/fern%C3%A1ndez-an%C3%ADbal2.jpg?resize=350%2C200","width":350,"height":200,"srcset":"https:\/\/i0.wp.com\/www.24baires.com\/wp-content\/uploads\/2012\/11\/fern%C3%A1ndez-an%C3%ADbal2.jpg?resize=350%2C200 1x, https:\/\/i0.wp.com\/www.24baires.com\/wp-content\/uploads\/2012\/11\/fern%C3%A1ndez-an%C3%ADbal2.jpg?resize=525%2C300 1.5x"},"classes":[]},{"id":119377,"url":"http:\/\/www.24baires.com\/?p=119377","url_meta":{"origin":57514,"position":1},"title":"El Senado debate la ampliaci\u00f3n de la Corte Suprema de Justicia","author":"AF","date":"22\/09\/2022","format":false,"excerpt":"El oficialismo buscar\u00e1 aprobar, sin el apoyo de la oposici\u00f3n, el proyecto de ley para elevar a 25 el n\u00famero de los integrantes del m\u00e1ximo tribunal. En las \u00faltimas horas surgi\u00f3 la posibilidad de reducir el n\u00famero a 15, a pedido de algunos legisladores aliados del Frente de Todos. La\u2026","rel":"","context":"En \u00abPol\u00edtica\u00bb","block_context":{"text":"Pol\u00edtica","link":"http:\/\/www.24baires.com\/?cat=51"},"img":{"alt_text":"","src":"https:\/\/i0.wp.com\/www.24baires.com\/wp-content\/uploads\/2022\/09\/senado.jpg?resize=350%2C200","width":350,"height":200,"srcset":"https:\/\/i0.wp.com\/www.24baires.com\/wp-content\/uploads\/2022\/09\/senado.jpg?resize=350%2C200 1x, https:\/\/i0.wp.com\/www.24baires.com\/wp-content\/uploads\/2022\/09\/senado.jpg?resize=525%2C300 1.5x, https:\/\/i0.wp.com\/www.24baires.com\/wp-content\/uploads\/2022\/09\/senado.jpg?resize=700%2C400 2x"},"classes":[]},{"id":63624,"url":"http:\/\/www.24baires.com\/?p=63624","url_meta":{"origin":57514,"position":2},"title":"An\u00edbal Fern\u00e1ndez calific\u00f3 a la denuncia de Nisman como \u00abuna verg\u00fcenza\u00bb","author":"AF","date":"27\/03\/2015","format":false,"excerpt":"El jefe de Gabinete volvi\u00f3 a cuestionar la denuncia del fallecido fiscal, desestimada ayer por la C\u00e1mara Federal. Afirm\u00f3, adem\u00e1s, que el camarista Jorge Ballestero dijo \"frases dur\u00edsimas\" en el fallo. El jefe de Gabinete, An\u00edbal Fern\u00e1ndez, volvi\u00f3 a cuestionar hoy la denuncia del fallecido fiscal Alberto Nisman contra la\u2026","rel":"","context":"En \u00abJUDICIALES\u00bb","block_context":{"text":"JUDICIALES","link":"http:\/\/www.24baires.com\/?cat=68"},"img":{"alt_text":"anibal","src":"https:\/\/i0.wp.com\/www.24baires.com\/wp-content\/uploads\/2015\/01\/anibal.jpg?resize=350%2C200","width":350,"height":200,"srcset":"https:\/\/i0.wp.com\/www.24baires.com\/wp-content\/uploads\/2015\/01\/anibal.jpg?resize=350%2C200 1x, https:\/\/i0.wp.com\/www.24baires.com\/wp-content\/uploads\/2015\/01\/anibal.jpg?resize=525%2C300 1.5x"},"classes":[]},{"id":10775,"url":"http:\/\/www.24baires.com\/?p=10775","url_meta":{"origin":57514,"position":3},"title":"An\u00edbal F: los saqueos fueron organizados por \u00abaquellos que no saben competir por votos\u00bb","author":"AF","date":"29\/12\/2012","format":false,"excerpt":"El senador An\u00edbal Fern\u00e1ndez se refiri\u00f3 a los saqueos organizados que se sucedieron en distintos puntos del pa\u00eds la semana pasada. El senador nacional An\u00edbal Fern\u00e1ndez (Frente para la Victoria), afirm\u00f3 este s\u00e1bado que a quienes atacaron supermercados la semana pasada en algunos puntos del pa\u00eds, \"los mandaron a robar\u2026","rel":"","context":"En \u00abPol\u00edtica\u00bb","block_context":{"text":"Pol\u00edtica","link":"http:\/\/www.24baires.com\/?cat=51"},"img":{"alt_text":"","src":"https:\/\/i0.wp.com\/www.24baires.com\/wp-content\/uploads\/2012\/12\/fern%C3%A1ndez-an%C3%ADbal.jpg?resize=350%2C200","width":350,"height":200,"srcset":"https:\/\/i0.wp.com\/www.24baires.com\/wp-content\/uploads\/2012\/12\/fern%C3%A1ndez-an%C3%ADbal.jpg?resize=350%2C200 1x, https:\/\/i0.wp.com\/www.24baires.com\/wp-content\/uploads\/2012\/12\/fern%C3%A1ndez-an%C3%ADbal.jpg?resize=525%2C300 1.5x"},"classes":[]},{"id":111892,"url":"http:\/\/www.24baires.com\/?p=111892","url_meta":{"origin":57514,"position":4},"title":"El Gobierno posterga el env\u00edo del proyecto de \u00abreperfilamiento\u00bb de deuda para buscar consenso","author":"AF","date":"02\/09\/2019","format":false,"excerpt":"El senador Federico Pinedo anunci\u00f3 a trav\u00e9s de su cuenta en Twitter la demora del env\u00edo de la iniciativa. Asegur\u00f3 que primero buscar\u00e1n los consensos necesarios con la oposici\u00f3n. El gobierno de Mauricio Macri decidi\u00f3 postergar por el momento el env\u00edo del proyecto de ley para reperfilar los vencimientos de\u2026","rel":"","context":"En \u00abPol\u00edtica\u00bb","block_context":{"text":"Pol\u00edtica","link":"http:\/\/www.24baires.com\/?cat=51"},"img":{"alt_text":"","src":"https:\/\/i0.wp.com\/www.24baires.com\/wp-content\/uploads\/2019\/09\/gobierno.jpg?resize=350%2C200","width":350,"height":200,"srcset":"https:\/\/i0.wp.com\/www.24baires.com\/wp-content\/uploads\/2019\/09\/gobierno.jpg?resize=350%2C200 1x, https:\/\/i0.wp.com\/www.24baires.com\/wp-content\/uploads\/2019\/09\/gobierno.jpg?resize=525%2C300 1.5x"},"classes":[]},{"id":58754,"url":"http:\/\/www.24baires.com\/?p=58754","url_meta":{"origin":57514,"position":5},"title":"An\u00edbal Fern\u00e1ndez confirm\u00f3 que renunciar\u00e1 al Senado","author":"Grupo Sierra","date":"16\/12\/2014","format":false,"excerpt":"El legislador por la provincia de Buenos Aires por el Frente para la Victoria asumir\u00e1 el pr\u00f3ximo jueves como secretario General de la Presidencia. El senador por la provincia de Buenos Aires por el Frente para la Victoria, An\u00edbal Fern\u00e1ndez, confirm\u00f3 hoy que renunciar\u00e1 a su banca para asumir como\u2026","rel":"","context":"En \u00abPol\u00edtica\u00bb","block_context":{"text":"Pol\u00edtica","link":"http:\/\/www.24baires.com\/?cat=51"},"img":{"alt_text":"an\u00edbal fern\u00e1ndez","src":"https:\/\/i0.wp.com\/www.24baires.com\/wp-content\/uploads\/2014\/04\/an%C3%ADbal-fern%C3%A1ndez.jpg?resize=350%2C200","width":350,"height":200,"srcset":"https:\/\/i0.wp.com\/www.24baires.com\/wp-content\/uploads\/2014\/04\/an%C3%ADbal-fern%C3%A1ndez.jpg?resize=350%2C200 1x, https:\/\/i0.wp.com\/www.24baires.com\/wp-content\/uploads\/2014\/04\/an%C3%ADbal-fern%C3%A1ndez.jpg?resize=525%2C300 1.5x"},"classes":[]}],"jetpack_sharing_enabled":true,"jetpack_likes_enabled":true,"jetpack_featured_media_url":"","_links":{"self":[{"href":"http:\/\/www.24baires.com\/index.php?rest_route=\/wp\/v2\/posts\/57514","targetHints":{"allow":["GET"]}}],"collection":[{"href":"http:\/\/www.24baires.com\/index.php?rest_route=\/wp\/v2\/posts"}],"about":[{"href":"http:\/\/www.24baires.com\/index.php?rest_route=\/wp\/v2\/types\/post"}],"author":[{"embeddable":true,"href":"http:\/\/www.24baires.com\/index.php?rest_route=\/wp\/v2\/users\/8"}],"replies":[{"embeddable":true,"href":"http:\/\/www.24baires.com\/index.php?rest_route=%2Fwp%2Fv2%2Fcomments&post=57514"}],"version-history":[{"count":1,"href":"http:\/\/www.24baires.com\/index.php?rest_route=\/wp\/v2\/posts\/57514\/revisions"}],"predecessor-version":[{"id":57515,"href":"http:\/\/www.24baires.com\/index.php?rest_route=\/wp\/v2\/posts\/57514\/revisions\/57515"}],"wp:attachment":[{"href":"http:\/\/www.24baires.com\/index.php?rest_route=%2Fwp%2Fv2%2Fmedia&parent=57514"}],"wp:term":[{"taxonomy":"category","embeddable":true,"href":"http:\/\/www.24baires.com\/index.php?rest_route=%2Fwp%2Fv2%2Fcategories&post=57514"},{"taxonomy":"post_tag","embeddable":true,"href":"http:\/\/www.24baires.com\/index.php?rest_route=%2Fwp%2Fv2%2Ftags&post=57514"}],"curies":[{"name":"wp","href":"https:\/\/api.w.org\/{rel}","templated":true}]}}