{"id":57490,"date":"2014-11-21T16:03:32","date_gmt":"2014-11-21T19:03:32","guid":{"rendered":"http:\/\/www.24baires.com\/?p=57490"},"modified":"2014-11-22T14:57:38","modified_gmt":"2014-11-22T17:57:38","slug":"por-teleconferencia-cristina-reaparecio-en-un-acto-en-chaco","status":"publish","type":"post","link":"http:\/\/www.24baires.com\/?p=57490","title":{"rendered":"Por teleconferencia, Cristina reapareci\u00f3 en un acto en Chaco"},"content":{"rendered":"<p><img data-recalc-dims=\"1\" loading=\"lazy\" decoding=\"async\" class=\"aligncenter size-full wp-image-53364\" src=\"https:\/\/i0.wp.com\/www.24baires.com\/wp-content\/uploads\/2014\/09\/cristina1.jpg?resize=560%2C373\" alt=\"cristina\" width=\"560\" height=\"373\" srcset=\"https:\/\/i0.wp.com\/www.24baires.com\/wp-content\/uploads\/2014\/09\/cristina1.jpg?w=560 560w, https:\/\/i0.wp.com\/www.24baires.com\/wp-content\/uploads\/2014\/09\/cristina1.jpg?resize=300%2C199 300w\" sizes=\"auto, (max-width: 560px) 100vw, 560px\" \/>La Presidenta de la Naci\u00f3n se comunic\u00f3 desde El Calafate con el Jefe de Gabinete, que encabezaba un acto en su provincia. \u00abEste Chaco era impensable a\u00f1os atr\u00e1s\u00bb, dijo.<!--more--><\/p>\n<p>La presidenta de la Nacion convers\u00f3 telef\u00f3nicamente con el Jefe de Gabinete Jorge Capitanich que participaba de un acto en la provincia del Chaco junto a otras autoridades y empresarios provinciales.<br \/>\nCristina regres\u00f3 as\u00ed, aunque a la distancia, a un actos p\u00fablico tras su convalecencia, aunque su reaparici\u00f3n se espera para el pr\u00f3ximo martes cuando participe en el acto de la C\u00e1mara Argentina de la Construcci\u00f3n.<br \/>\nEn la conversaci\u00f3n que mantuvo, Cristina dijo: \u00abEste Chaco era impensable a\u00f1os atr\u00e1s\u00bb, dijo al tiempo que puntualiz\u00f3 que \u00abninguna provincia puede transformarse si no est\u00e1 insertada en un proyecto nacional\u00bb.<\/p>\n<p>Instalada por unos d\u00edas en Calafate, Cristina destin\u00f3 unas palabras a las autoridades locales que \u00ablograron hoy una provincia con un gran desarrollo industrial y un \u00edndice de desocupaci\u00f3n impresionante en Resistencia; el m\u00e1s bajo en todo el pa\u00eds\u00bb.<\/p>\n<p>\u00abCreo que este Chaco est\u00e1 inaugurando algo m\u00e1s que la ampliaci\u00f3n de la f\u00e1brica de la familia Yebra; creo que est\u00e1 inaugurando sue\u00f1os de generaciones de chaque\u00f1os que nunca pensaron que su provincia pod\u00eda estar inserta en un proyecto industrial, porque Argentina no ten\u00eda antes de nosotros\u00bb, dijo tambi\u00e9n Cristina.<\/p>\n<p>&nbsp;<\/p>\n<p>&nbsp;<\/p>\n<p>&nbsp;<\/p>\n<p>&nbsp;<\/p>\n<p>&nbsp;<\/p>\n<p>&nbsp;<\/p>\n<p>&nbsp;<\/p>\n<p>&nbsp;<\/p>\n<p>&nbsp;<\/p>\n<p>&nbsp;<\/p>\n<p>&nbsp;<\/p>\n<p>&nbsp;<\/p>\n<p>&nbsp;<\/p>\n<p>&nbsp;<\/p>\n<p>&nbsp;<\/p>\n<p>\u00abHay un proyecto, hay una generaci\u00f3n de gobernantes y empresarios que trabajan y no quieren irse fuera de su provincia, debemos valorar este sacrificio y trabajo de esta empresa familiar que se capacita y apuesta\u00bb, cerr\u00f3 la mandataria.<\/p>\n","protected":false},"excerpt":{"rendered":"<p>La Presidenta de la Naci\u00f3n se comunic\u00f3 desde El Calafate con el Jefe de Gabinete, que encabezaba un acto en su provincia. \u00abEste Chaco era impensable a\u00f1os atr\u00e1s\u00bb, dijo.<\/p>\n","protected":false},"author":8,"featured_media":0,"comment_status":"open","ping_status":"open","sticky":false,"template":"","format":"standard","meta":{"_jetpack_newsletter_access":"","_jetpack_dont_email_post_to_subs":false,"_jetpack_newsletter_tier_id":0,"_jetpack_memberships_contains_paywalled_content":false,"_jetpack_memberships_contains_paid_content":false,"footnotes":""},"categories":[51],"tags":[],"class_list":["post-57490","post","type-post","status-publish","format-standard","hentry","category-politica"],"jetpack_shortlink":"https:\/\/wp.me\/p2JWE0-eXg","jetpack-related-posts":[{"id":116123,"url":"http:\/\/www.24baires.com\/?p=116123","url_meta":{"origin":57490,"position":0},"title":"\u00abLa Argentina central que tiene periferias no se puede tolerar m\u00e1s\u00bb","author":"AF","date":"01\/09\/2020","format":false,"excerpt":"El Presidente encabez\u00f3 la firma de convenios con el gobernador de Chaco, Jorge Capitanich. En ese marco, defendi\u00f3 el acceso a la conectividad y al conocimiento en todo el pa\u00eds. El presidente Alberto Fern\u00e1ndez reafirm\u00f3 que \"la Argentina central, que tiene dos periferias, al norte y a sur del pa\u00eds,\u2026","rel":"","context":"En \u00abPol\u00edtica\u00bb","block_context":{"text":"Pol\u00edtica","link":"http:\/\/www.24baires.com\/?cat=51"},"img":{"alt_text":"","src":"https:\/\/i0.wp.com\/www.24baires.com\/wp-content\/uploads\/2020\/09\/fern%C3%A1ndez-capitanich.jpg?resize=350%2C200","width":350,"height":200,"srcset":"https:\/\/i0.wp.com\/www.24baires.com\/wp-content\/uploads\/2020\/09\/fern%C3%A1ndez-capitanich.jpg?resize=350%2C200 1x, https:\/\/i0.wp.com\/www.24baires.com\/wp-content\/uploads\/2020\/09\/fern%C3%A1ndez-capitanich.jpg?resize=525%2C300 1.5x"},"classes":[]},{"id":117890,"url":"http:\/\/www.24baires.com\/?p=117890","url_meta":{"origin":57490,"position":1},"title":"Alberto Fern\u00e1ndez celebr\u00f3 que la pandemia \u00abpoco a poco se va desvaneciendo\u00bb","author":"AF","date":"20\/07\/2021","format":false,"excerpt":"Al encabezar un acto en Chaco, el Presidente celebr\u00f3 el avance del plan de vacunaci\u00f3n y llam\u00f3 a \"terminar con la cultura de los desencuentros y superar las diferencias\". El presidente\u00a0Alberto Fern\u00e1ndez\u00a0llam\u00f3 este martes \"a terminar con la cultura de los desencuentros y a superar las diferencias\", asegur\u00f3 que la\u2026","rel":"","context":"En \u00abSociedad\u00bb","block_context":{"text":"Sociedad","link":"http:\/\/www.24baires.com\/?cat=1"},"img":{"alt_text":"","src":"https:\/\/i0.wp.com\/www.24baires.com\/wp-content\/uploads\/2021\/07\/alberto-fern%C3%A1ndez.jpg?resize=350%2C200","width":350,"height":200,"srcset":"https:\/\/i0.wp.com\/www.24baires.com\/wp-content\/uploads\/2021\/07\/alberto-fern%C3%A1ndez.jpg?resize=350%2C200 1x, https:\/\/i0.wp.com\/www.24baires.com\/wp-content\/uploads\/2021\/07\/alberto-fern%C3%A1ndez.jpg?resize=525%2C300 1.5x"},"classes":[]},{"id":55761,"url":"http:\/\/www.24baires.com\/?p=55761","url_meta":{"origin":57490,"position":2},"title":"Cristina retoma su agenda y el jueves viajar\u00e1 a Chaco","author":"GB","date":"21\/10\/2014","format":false,"excerpt":"El secretario de Comunicaci\u00f3n P\u00fablica, Alfredo Scoccimarro, inform\u00f3 que la jefa de Estado est\u00e1 trabajando \"con agenda normal\" en la residencia de Olivos y que el jueves visitar\u00e1 esa provincia. La presidenta Cristina Fern\u00e1ndez de Kirchner visitar\u00e1 este jueves la provincia de Chaco, seg\u00fan inform\u00f3 hoy el secretario de Comunicaci\u00f3n\u2026","rel":"","context":"En \u00abPol\u00edtica\u00bb","block_context":{"text":"Pol\u00edtica","link":"http:\/\/www.24baires.com\/?cat=51"},"img":{"alt_text":"vuelta cristina","src":"https:\/\/i0.wp.com\/www.24baires.com\/wp-content\/uploads\/2013\/11\/vuelta-cristina.jpg?resize=350%2C200","width":350,"height":200,"srcset":"https:\/\/i0.wp.com\/www.24baires.com\/wp-content\/uploads\/2013\/11\/vuelta-cristina.jpg?resize=350%2C200 1x, https:\/\/i0.wp.com\/www.24baires.com\/wp-content\/uploads\/2013\/11\/vuelta-cristina.jpg?resize=525%2C300 1.5x"},"classes":[]},{"id":50544,"url":"http:\/\/www.24baires.com\/?p=50544","url_meta":{"origin":57490,"position":3},"title":"Cristina: \u00abLos fondos buitre son la contracara de diez a\u00f1os de crecimiento\u00bb","author":"Grupo Sierra","date":"25\/07\/2014","format":false,"excerpt":"La Presidenta realiz\u00f3 estas declaraciones a trav\u00e9s de una videoconferencia con el jefe de Gabinete, Jorge Capitanich, quien se encontraba en el Chaco para inaugurar la empresa metal\u00fargica L\u00edder en el parque industrial Puerto Tirol. La Presidenta afirm\u00f3 en su discurso que los \u201cfondos buitre\u201d son \u201cla contracara\u201d de todo\u2026","rel":"","context":"En \u00abGeneral\u00bb","block_context":{"text":"General","link":"http:\/\/www.24baires.com\/?cat=67"},"img":{"alt_text":"Cristina rosada","src":"https:\/\/i0.wp.com\/www.24baires.com\/wp-content\/uploads\/2014\/01\/Cristina-rosada.jpg?resize=350%2C200","width":350,"height":200,"srcset":"https:\/\/i0.wp.com\/www.24baires.com\/wp-content\/uploads\/2014\/01\/Cristina-rosada.jpg?resize=350%2C200 1x, https:\/\/i0.wp.com\/www.24baires.com\/wp-content\/uploads\/2014\/01\/Cristina-rosada.jpg?resize=525%2C300 1.5x"},"classes":[]},{"id":65500,"url":"http:\/\/www.24baires.com\/?p=65500","url_meta":{"origin":57490,"position":4},"title":"Cristina inaugura un hospital pedi\u00e1trico en Chaco","author":"AF","date":"07\/05\/2015","format":false,"excerpt":"Cristina Fern\u00e1ndez de Kichner encabeza el acto de habilitaci\u00f3n del nuevo edificio del hospital Avelino Castel\u00e1n. Adem\u00e1s, inaugura por videoconferencia el Pabell\u00f3n argentino en la Bienal de Venecia 2015. La presidenta Cristina Fern\u00e1ndez encabeza desde las 13.25 en el Chaco el acto de habilitaci\u00f3n del nuevo edificio del hospital Pedi\u00e1trico\u2026","rel":"","context":"En \u00abSociedad\u00bb","block_context":{"text":"Sociedad","link":"http:\/\/www.24baires.com\/?cat=1"},"img":{"alt_text":"","src":"https:\/\/i0.wp.com\/www.24baires.com\/wp-content\/uploads\/2015\/05\/crist.jpg?resize=350%2C200","width":350,"height":200,"srcset":"https:\/\/i0.wp.com\/www.24baires.com\/wp-content\/uploads\/2015\/05\/crist.jpg?resize=350%2C200 1x, https:\/\/i0.wp.com\/www.24baires.com\/wp-content\/uploads\/2015\/05\/crist.jpg?resize=525%2C300 1.5x"},"classes":[]},{"id":117553,"url":"http:\/\/www.24baires.com\/?p=117553","url_meta":{"origin":57490,"position":5},"title":"Cafiero: \u00abMientras los argentinos se arriesgan, otros aprovechan sus privilegios en Miami\u00bb","author":"AF","date":"11\/05\/2021","format":false,"excerpt":"El Jefe de Gabinete critic\u00f3 de este modo al ex presidente Mauricio Macri al poner en marcha una planta de tratamiento de residuos cloacales que cost\u00f3 79,6 millones de d\u00f3lares en Chaco. El jefe de Gabinete de Ministros, Santiago Cafiero, asegur\u00f3 este martes que \"mientras los argentinos se arriesgan combatiendo\u2026","rel":"","context":"En \u00abSociedad\u00bb","block_context":{"text":"Sociedad","link":"http:\/\/www.24baires.com\/?cat=1"},"img":{"alt_text":"","src":"https:\/\/i0.wp.com\/www.24baires.com\/wp-content\/uploads\/2021\/05\/609ace614d0e9_1004x565.jpg?resize=350%2C200","width":350,"height":200,"srcset":"https:\/\/i0.wp.com\/www.24baires.com\/wp-content\/uploads\/2021\/05\/609ace614d0e9_1004x565.jpg?resize=350%2C200 1x, https:\/\/i0.wp.com\/www.24baires.com\/wp-content\/uploads\/2021\/05\/609ace614d0e9_1004x565.jpg?resize=525%2C300 1.5x"},"classes":[]}],"jetpack_sharing_enabled":true,"jetpack_likes_enabled":true,"jetpack_featured_media_url":"","_links":{"self":[{"href":"http:\/\/www.24baires.com\/index.php?rest_route=\/wp\/v2\/posts\/57490","targetHints":{"allow":["GET"]}}],"collection":[{"href":"http:\/\/www.24baires.com\/index.php?rest_route=\/wp\/v2\/posts"}],"about":[{"href":"http:\/\/www.24baires.com\/index.php?rest_route=\/wp\/v2\/types\/post"}],"author":[{"embeddable":true,"href":"http:\/\/www.24baires.com\/index.php?rest_route=\/wp\/v2\/users\/8"}],"replies":[{"embeddable":true,"href":"http:\/\/www.24baires.com\/index.php?rest_route=%2Fwp%2Fv2%2Fcomments&post=57490"}],"version-history":[{"count":1,"href":"http:\/\/www.24baires.com\/index.php?rest_route=\/wp\/v2\/posts\/57490\/revisions"}],"predecessor-version":[{"id":57491,"href":"http:\/\/www.24baires.com\/index.php?rest_route=\/wp\/v2\/posts\/57490\/revisions\/57491"}],"wp:attachment":[{"href":"http:\/\/www.24baires.com\/index.php?rest_route=%2Fwp%2Fv2%2Fmedia&parent=57490"}],"wp:term":[{"taxonomy":"category","embeddable":true,"href":"http:\/\/www.24baires.com\/index.php?rest_route=%2Fwp%2Fv2%2Fcategories&post=57490"},{"taxonomy":"post_tag","embeddable":true,"href":"http:\/\/www.24baires.com\/index.php?rest_route=%2Fwp%2Fv2%2Ftags&post=57490"}],"curies":[{"name":"wp","href":"https:\/\/api.w.org\/{rel}","templated":true}]}}