{"id":57467,"date":"2014-11-21T10:00:26","date_gmt":"2014-11-21T13:00:26","guid":{"rendered":"http:\/\/www.24baires.com\/?p=57467"},"modified":"2014-11-22T09:57:33","modified_gmt":"2014-11-22T12:57:33","slug":"capitanich-denuncia-una-estrategia-de-golpismo-activo-del-poder-judicial","status":"publish","type":"post","link":"http:\/\/www.24baires.com\/?p=57467","title":{"rendered":"Capitanich denuncia una \u201cestrategia de golpismo activo del Poder Judicial\u201d"},"content":{"rendered":"<p><img data-recalc-dims=\"1\" loading=\"lazy\" decoding=\"async\" class=\"aligncenter size-full wp-image-53422\" src=\"https:\/\/i0.wp.com\/www.24baires.com\/wp-content\/uploads\/2014\/09\/capitanich1.jpg?resize=560%2C420\" alt=\"capitanich\" width=\"560\" height=\"420\" srcset=\"https:\/\/i0.wp.com\/www.24baires.com\/wp-content\/uploads\/2014\/09\/capitanich1.jpg?w=560 560w, https:\/\/i0.wp.com\/www.24baires.com\/wp-content\/uploads\/2014\/09\/capitanich1.jpg?resize=300%2C225 300w\" sizes=\"auto, (max-width: 560px) 100vw, 560px\" \/>El jefe de Gabinete acus\u00f3 a ese poder de mantener un \u00abataque despiadado\u00bb contra el Gobierno y dijo que algunos jueces \u201chostigan permanentemente al Ejecutivo. Fue al referirse al allanamiento a Hotesur.<!--more--><\/p>\n<p>Desde Aeroparque, antes de partir hacia la provincia de Chaco para inaugurar una escuela, el funcionario nacional cuestion\u00f3 el allanamiento ordenado por el juez Claudio Bonad\u00edo a una empresa hotelera en la que la presidenta Cristina Fern\u00e1ndez de Kirchner posee acciones.<\/p>\n<p>\u00abNo hace falta allanamiento. Los requerimientos judiciales se pueden hacer por solicitud formal\u00bb, dijo Capitanich ante lo\u00a0que defini\u00f3 como \u00abuna clara persecuci\u00f3n pol\u00edtica de hostigamiento judicial\u00bb.<\/p>\n","protected":false},"excerpt":{"rendered":"<p>El jefe de Gabinete acus\u00f3 a ese poder de mantener un \u00abataque despiadado\u00bb contra el Gobierno y dijo que algunos jueces \u201chostigan permanentemente al Ejecutivo. Fue al referirse al allanamiento a Hotesur.<\/p>\n","protected":false},"author":4,"featured_media":0,"comment_status":"open","ping_status":"open","sticky":false,"template":"","format":"standard","meta":{"_jetpack_newsletter_access":"","_jetpack_dont_email_post_to_subs":false,"_jetpack_newsletter_tier_id":0,"_jetpack_memberships_contains_paywalled_content":false,"_jetpack_memberships_contains_paid_content":false,"footnotes":""},"categories":[51],"tags":[],"class_list":["post-57467","post","type-post","status-publish","format-standard","hentry","category-politica"],"jetpack_shortlink":"https:\/\/wp.me\/p2JWE0-eWT","jetpack-related-posts":[{"id":57631,"url":"http:\/\/www.24baires.com\/?p=57631","url_meta":{"origin":57467,"position":0},"title":"Capitanich: \u00abEl accionar de Bonadio es parte de una estrategia de golpismo activo\u00bb","author":"AF","date":"25\/11\/2014","format":false,"excerpt":"El jefe de Gabinete, Jorge Capitanich, ratific\u00f3 que el accionar del magistrado en la causa que investiga a la empresa Hotesur, de la que la presidenta Cristina Fern\u00e1ndez de Kirchner es accionista, es \"una estrategia de golpismo activo\" para \"hostigar\" al Gobierno nacional. El jefe de Gabinete, Jorge Capitanich, sostuvo\u2026","rel":"","context":"En \u00abPol\u00edtica\u00bb","block_context":{"text":"Pol\u00edtica","link":"http:\/\/www.24baires.com\/?cat=51"},"img":{"alt_text":"capitanich","src":"https:\/\/i0.wp.com\/www.24baires.com\/wp-content\/uploads\/2014\/09\/capitanich1.jpg?resize=350%2C200","width":350,"height":200,"srcset":"https:\/\/i0.wp.com\/www.24baires.com\/wp-content\/uploads\/2014\/09\/capitanich1.jpg?resize=350%2C200 1x, https:\/\/i0.wp.com\/www.24baires.com\/wp-content\/uploads\/2014\/09\/capitanich1.jpg?resize=525%2C300 1.5x"},"classes":[]},{"id":107672,"url":"http:\/\/www.24baires.com\/?p=107672","url_meta":{"origin":57467,"position":1},"title":"Tensi\u00f3n en la sede de Madres de Plaza de Mayo ante un inminente allanamiento","author":"GB","date":"15\/04\/2019","format":false,"excerpt":"Nuevamente, una orden judicial busca allanar la sede del organismo de Derechos Humanos, argumentando la necesidad de inventariar el archivo hist\u00f3rico que conservan las Madres. Nuevamente, la sede de las Madres de Plaza de Mayo vuelve a ser el epicentro de tensi\u00f3n, luego de que la justicia ordenara allanar el\u2026","rel":"","context":"En \u00abPol\u00edtica\u00bb","block_context":{"text":"Pol\u00edtica","link":"http:\/\/www.24baires.com\/?cat=51"},"img":{"alt_text":"","src":"https:\/\/i0.wp.com\/www.24baires.com\/wp-content\/uploads\/2016\/02\/madres.jpg?resize=350%2C200","width":350,"height":200,"srcset":"https:\/\/i0.wp.com\/www.24baires.com\/wp-content\/uploads\/2016\/02\/madres.jpg?resize=350%2C200 1x, https:\/\/i0.wp.com\/www.24baires.com\/wp-content\/uploads\/2016\/02\/madres.jpg?resize=525%2C300 1.5x"},"classes":[]},{"id":115304,"url":"http:\/\/www.24baires.com\/?p=115304","url_meta":{"origin":57467,"position":2},"title":"Vidal complicada por una causa de inteligencia en la Provincia","author":"AF","date":"10\/06\/2020","format":false,"excerpt":"La Justicia investiga presuntas tareas de inteligencia sobre polic\u00edas, funcionarios judiciales y pol\u00edticos que habr\u00edan sido llevadas a cabo desde Asuntos Internos. El ex titular de Asuntos Internos bonaerense, Guillermo Berra, fue citado a indagatoria por la fiscal Cecilia Corfield en el marco de una causa por \u201cAbuso de autoridad\u2026","rel":"","context":"En \u00abProvincia\u00bb","block_context":{"text":"Provincia","link":"http:\/\/www.24baires.com\/?cat=40"},"img":{"alt_text":"","src":"https:\/\/i0.wp.com\/www.24baires.com\/wp-content\/uploads\/2019\/10\/voto-vidal.jpg?resize=350%2C200","width":350,"height":200,"srcset":"https:\/\/i0.wp.com\/www.24baires.com\/wp-content\/uploads\/2019\/10\/voto-vidal.jpg?resize=350%2C200 1x, https:\/\/i0.wp.com\/www.24baires.com\/wp-content\/uploads\/2019\/10\/voto-vidal.jpg?resize=525%2C300 1.5x"},"classes":[]},{"id":58977,"url":"http:\/\/www.24baires.com\/?p=58977","url_meta":{"origin":57467,"position":3},"title":"Capitanich conden\u00f3 el \u00abhostigamiento medi\u00e1tico\u00bb de Clar\u00edn contra el Gobierno","author":"AF","date":"22\/12\/2014","format":false,"excerpt":"El jefe de Gabinete defendi\u00f3 la utilizaci\u00f3n de la cuenta de Twitter de la Casa Rosada para aclarar la postura de la familia Kirchner. \"El Gobierno debe promover su leg\u00edtima defensa frente a la calumnia, la injuria o la informaci\u00f3n falsa\", dijo. El jefe de Gabinete, Jorge Capitanich, conden\u00f3 el\u2026","rel":"","context":"En \u00abPol\u00edtica\u00bb","block_context":{"text":"Pol\u00edtica","link":"http:\/\/www.24baires.com\/?cat=51"},"img":{"alt_text":"Capitanich","src":"https:\/\/i0.wp.com\/www.24baires.com\/wp-content\/uploads\/2014\/01\/Capitanich.jpg?resize=350%2C200","width":350,"height":200,"srcset":"https:\/\/i0.wp.com\/www.24baires.com\/wp-content\/uploads\/2014\/01\/Capitanich.jpg?resize=350%2C200 1x, https:\/\/i0.wp.com\/www.24baires.com\/wp-content\/uploads\/2014\/01\/Capitanich.jpg?resize=525%2C300 1.5x"},"classes":[]},{"id":62183,"url":"http:\/\/www.24baires.com\/?p=62183","url_meta":{"origin":57467,"position":4},"title":"Capitanich: \u00abLa Asociaci\u00f3n de Magistrados no es un organismo independiente\u00bb","author":"AF","date":"24\/02\/2015","format":false,"excerpt":"El jefe de Gabinete, Jorge Capitanich, asever\u00f3 hoy que tiene su \"basamento en la presi\u00f3n corporativa\". Por otro lado, destac\u00f3 el trabajo coordinado con el gobierno de Chubut para sofocar el incendio en la localidad de Cholila. El jefe de Gabinete, Jorge Capitanich, advirti\u00f3 hoy sobre la existencia de una\u2026","rel":"","context":"En \u00abPol\u00edtica\u00bb","block_context":{"text":"Pol\u00edtica","link":"http:\/\/www.24baires.com\/?cat=51"},"img":{"alt_text":"capitanich","src":"https:\/\/i0.wp.com\/www.24baires.com\/wp-content\/uploads\/2014\/09\/capitanich1.jpg?resize=350%2C200","width":350,"height":200,"srcset":"https:\/\/i0.wp.com\/www.24baires.com\/wp-content\/uploads\/2014\/09\/capitanich1.jpg?resize=350%2C200 1x, https:\/\/i0.wp.com\/www.24baires.com\/wp-content\/uploads\/2014\/09\/capitanich1.jpg?resize=525%2C300 1.5x"},"classes":[]},{"id":108026,"url":"http:\/\/www.24baires.com\/?p=108026","url_meta":{"origin":57467,"position":5},"title":"Bullrich ech\u00f3 a un gendarme y le sac\u00f3 la mitad del sueldo por sacarse una selfie con los Moyano","author":"GB","date":"08\/05\/2019","format":false,"excerpt":"La ministra de Seguridad pas\u00f3 a \"disponibilidad\" a un agente de Gendarmer\u00eda que se sac\u00f3 una foto con Hugo y Pablo Moyano en el marco del allanamiento realizado en Camioneros, y mientras se define su situaci\u00f3n tambi\u00e9n le sac\u00f3 medio salario. La funcionaria dijo que un efectivo \"puede tener su\u2026","rel":"","context":"En \u00abPol\u00edtica\u00bb","block_context":{"text":"Pol\u00edtica","link":"http:\/\/www.24baires.com\/?cat=51"},"img":{"alt_text":"","src":"https:\/\/i0.wp.com\/www.24baires.com\/wp-content\/uploads\/2019\/05\/gendarme-moyano.jpg?resize=350%2C200","width":350,"height":200,"srcset":"https:\/\/i0.wp.com\/www.24baires.com\/wp-content\/uploads\/2019\/05\/gendarme-moyano.jpg?resize=350%2C200 1x, https:\/\/i0.wp.com\/www.24baires.com\/wp-content\/uploads\/2019\/05\/gendarme-moyano.jpg?resize=525%2C300 1.5x"},"classes":[]}],"jetpack_sharing_enabled":true,"jetpack_likes_enabled":true,"jetpack_featured_media_url":"","_links":{"self":[{"href":"http:\/\/www.24baires.com\/index.php?rest_route=\/wp\/v2\/posts\/57467","targetHints":{"allow":["GET"]}}],"collection":[{"href":"http:\/\/www.24baires.com\/index.php?rest_route=\/wp\/v2\/posts"}],"about":[{"href":"http:\/\/www.24baires.com\/index.php?rest_route=\/wp\/v2\/types\/post"}],"author":[{"embeddable":true,"href":"http:\/\/www.24baires.com\/index.php?rest_route=\/wp\/v2\/users\/4"}],"replies":[{"embeddable":true,"href":"http:\/\/www.24baires.com\/index.php?rest_route=%2Fwp%2Fv2%2Fcomments&post=57467"}],"version-history":[{"count":1,"href":"http:\/\/www.24baires.com\/index.php?rest_route=\/wp\/v2\/posts\/57467\/revisions"}],"predecessor-version":[{"id":57468,"href":"http:\/\/www.24baires.com\/index.php?rest_route=\/wp\/v2\/posts\/57467\/revisions\/57468"}],"wp:attachment":[{"href":"http:\/\/www.24baires.com\/index.php?rest_route=%2Fwp%2Fv2%2Fmedia&parent=57467"}],"wp:term":[{"taxonomy":"category","embeddable":true,"href":"http:\/\/www.24baires.com\/index.php?rest_route=%2Fwp%2Fv2%2Fcategories&post=57467"},{"taxonomy":"post_tag","embeddable":true,"href":"http:\/\/www.24baires.com\/index.php?rest_route=%2Fwp%2Fv2%2Ftags&post=57467"}],"curies":[{"name":"wp","href":"https:\/\/api.w.org\/{rel}","templated":true}]}}