{"id":57461,"date":"2014-11-20T20:46:29","date_gmt":"2014-11-20T23:46:29","guid":{"rendered":"http:\/\/www.24baires.com\/?p=57461"},"modified":"2014-11-20T20:46:29","modified_gmt":"2014-11-20T23:46:29","slug":"wado-de-pedro-se-desliga-de-las-acusaciones-de-clarin-no-investigo-a-quien-se-saca-fotos-conmigo","status":"publish","type":"post","link":"http:\/\/www.24baires.com\/?p=57461","title":{"rendered":"Wado De Pedro se desliga de las acusaciones de Clar\u00edn: \u00abNo investigo a quien se saca fotos conmigo\u00bb"},"content":{"rendered":"<p><img data-recalc-dims=\"1\" loading=\"lazy\" decoding=\"async\" class=\"aligncenter size-full wp-image-45175\" src=\"https:\/\/i0.wp.com\/www.24baires.com\/wp-content\/uploads\/2014\/05\/wado-de-pedro.jpg?resize=560%2C349\" alt=\"wado de pedro\" width=\"560\" height=\"349\" srcset=\"https:\/\/i0.wp.com\/www.24baires.com\/wp-content\/uploads\/2014\/05\/wado-de-pedro.jpg?w=560 560w, https:\/\/i0.wp.com\/www.24baires.com\/wp-content\/uploads\/2014\/05\/wado-de-pedro.jpg?resize=300%2C186 300w\" sizes=\"auto, (max-width: 560px) 100vw, 560px\" \/>El diputado sali\u00f3 al cruce de la publicaci\u00f3n en la p\u00e1gina web de Clar\u00edn de una foto tomada el lunes en un acto en la que se ve al referente de La C\u00e1mpora junto a un procesado en la causa por el tr\u00e1fico de la efedrina.<!--more--><\/p>\n<p>\u00abLe cuento a @clarincom que yo no le pido el DNI a la gente que me pide fotos en los actos\u00bb, manifest\u00f3 De Pedro, en su cuenta oficial de la red social Twitter, donde agreg\u00f3: \u00abEse d\u00eda me saqu\u00e9 m\u00e1s de 30, dicho sea de paso\u00bb.<\/p>\n<p>En su contestaci\u00f3n, el diputado nacional public\u00f3 una foto de la inauguraci\u00f3n de la planta Papel Prensa durante la \u00faltima dictadura c\u00edvico-militar en la que el ex dictador Jorge Rafael Videla compart\u00eda el acto con H\u00e9ctor Magnetto y Ernestina Herrera de Noble, de Clar\u00edn, y Bartolom\u00e9 Mitre, de La Naci\u00f3n.<\/p>\n<p>En ese sentido, al contraponer que \u00e9l no conoc\u00eda al procesado por la causa de la efedrina, De Pedro asegur\u00f3: \u00abPero Magnetto y Ernestina s\u00ed sab\u00edan que Videla y sus secuaces desaparec\u00edan argentinos cuando se sacaron esta foto\u00bb.<\/p>\n<p>En su portal, Clar\u00edn public\u00f3 una foto en la que se lo ve al diputado nacional con Miguel Zacar\u00edas, uno de los procesados por la causa de la efedrina, en el acto en R\u00edo Gallegos por el D\u00eda de la Militancia, del que tambi\u00e9n particip\u00f3 el ministro de Interior y Transporte, Florencio Randazzo.<\/p>\n<p>En ese sentido, Clar\u00edn admiti\u00f3 en su nota que \u00abZacar\u00edas consigui\u00f3 la imagen tras insistir largamente\u00bb, que \u00abescribi\u00f3 en un papel una direcci\u00f3n de e-mail para que los encargados de prensa le manden las fotos de la jornada militante\u00bb y que Zacar\u00edas \u00abpidi\u00f3 hablar en privado con el ministro y con el diputado de La C\u00e1mpora, pero no lo logr\u00f3\u00bb.<\/p>\n<p>&nbsp;<\/p>\n<p>&nbsp;<\/p>\n<p>&nbsp;<\/p>\n","protected":false},"excerpt":{"rendered":"<p>El diputado sali\u00f3 al cruce de la publicaci\u00f3n en la p\u00e1gina web de Clar\u00edn de una foto tomada el lunes en un acto en la que se ve al referente de La C\u00e1mpora junto a un procesado en la causa por el tr\u00e1fico de la efedrina.<\/p>\n","protected":false},"author":11,"featured_media":0,"comment_status":"open","ping_status":"open","sticky":false,"template":"","format":"standard","meta":{"_jetpack_newsletter_access":"","_jetpack_dont_email_post_to_subs":false,"_jetpack_newsletter_tier_id":0,"_jetpack_memberships_contains_paywalled_content":false,"_jetpack_memberships_contains_paid_content":false,"footnotes":""},"categories":[51],"tags":[],"class_list":["post-57461","post","type-post","status-publish","format-standard","hentry","category-politica"],"jetpack_shortlink":"https:\/\/wp.me\/p2JWE0-eWN","jetpack-related-posts":[{"id":101974,"url":"http:\/\/www.24baires.com\/?p=101974","url_meta":{"origin":57461,"position":0},"title":"\u00abClar\u00edn adulter\u00f3 informaci\u00f3n, manipul\u00f3 a los lectores y construy\u00f3 una operaci\u00f3n berreta\u00bb","author":"AF","date":"04\/05\/2018","format":false,"excerpt":"El legislador Rodolfo Thailade carg\u00f3 con los tapones de punta contra el pol\u00e9mico multimedio hegem\u00f3nico, ante lo que denomin\u00f3 como una \"operaci\u00f3n berreta\" del \"editor (ir)responsable de Clar\u00edn, Ricardo Roa\". En una carta publicada por el legislador Rodolfo Thailade, carg\u00f3 con todo contra el multimedio Clar\u00edn por la publicaci\u00f3n de\u2026","rel":"","context":"En \u00abLocales\u00bb","block_context":{"text":"Locales","link":"http:\/\/www.24baires.com\/?cat=38"},"img":{"alt_text":"","src":"https:\/\/i0.wp.com\/www.24baires.com\/wp-content\/uploads\/2018\/05\/clar%C3%ADn-thailade.jpg?resize=350%2C200","width":350,"height":200,"srcset":"https:\/\/i0.wp.com\/www.24baires.com\/wp-content\/uploads\/2018\/05\/clar%C3%ADn-thailade.jpg?resize=350%2C200 1x, https:\/\/i0.wp.com\/www.24baires.com\/wp-content\/uploads\/2018\/05\/clar%C3%ADn-thailade.jpg?resize=525%2C300 1.5x"},"classes":[]},{"id":104780,"url":"http:\/\/www.24baires.com\/?p=104780","url_meta":{"origin":57461,"position":1},"title":"Carri\u00f3 estall\u00f3 por la absoluci\u00f3n de Menem","author":"AF","date":"04\/10\/2018","format":false,"excerpt":"Luego de que el ex presidente saliera absuelto de la causa por tr\u00e1fico de armas a Ecuador y Croacia, la diputada habl\u00f3 de su presunta proscripci\u00f3n en una comisi\u00f3n bicameral. La diputada de Cambiemos Elisa Carri\u00f3 critic\u00f3 la absoluci\u00f3n del ex presidente Carlos Menem en la causa por el tr\u00e1fico\u2026","rel":"","context":"En \u00abPol\u00edtica\u00bb","block_context":{"text":"Pol\u00edtica","link":"http:\/\/www.24baires.com\/?cat=51"},"img":{"alt_text":"","src":"https:\/\/i0.wp.com\/www.24baires.com\/wp-content\/uploads\/2018\/07\/carri%C3%B3.jpg?resize=350%2C200","width":350,"height":200,"srcset":"https:\/\/i0.wp.com\/www.24baires.com\/wp-content\/uploads\/2018\/07\/carri%C3%B3.jpg?resize=350%2C200 1x, https:\/\/i0.wp.com\/www.24baires.com\/wp-content\/uploads\/2018\/07\/carri%C3%B3.jpg?resize=525%2C300 1.5x"},"classes":[]},{"id":106149,"url":"http:\/\/www.24baires.com\/?p=106149","url_meta":{"origin":57461,"position":2},"title":"Cristina cuestion\u00f3 el secuestro de sus cuadros ordenado por Bonadio","author":"AF","date":"28\/12\/2018","format":false,"excerpt":"La expresidenta de la Naci\u00f3n, Cristina Fern\u00e1ndez, cuestion\u00f3 hoy el operativo realizado en una de sus propiedades, donde la Polic\u00eda Federal retir\u00f3 una treintena de cuadros por orden del juez federal Claudio Bonadio en el marco de la causa denominada \"Cuadernos de la corrupci\u00f3n\". En su cuenta de Twitter, la\u2026","rel":"","context":"En \u00abJUDICIALES\u00bb","block_context":{"text":"JUDICIALES","link":"http:\/\/www.24baires.com\/?cat=68"},"img":{"alt_text":"","src":"https:\/\/i0.wp.com\/www.24baires.com\/wp-content\/uploads\/2018\/12\/pfa.jpg?resize=350%2C200","width":350,"height":200,"srcset":"https:\/\/i0.wp.com\/www.24baires.com\/wp-content\/uploads\/2018\/12\/pfa.jpg?resize=350%2C200 1x, https:\/\/i0.wp.com\/www.24baires.com\/wp-content\/uploads\/2018\/12\/pfa.jpg?resize=525%2C300 1.5x"},"classes":[]},{"id":119599,"url":"http:\/\/www.24baires.com\/?p=119599","url_meta":{"origin":57461,"position":3},"title":"El gabinete denunci\u00f3 la intenci\u00f3n de proscribir electoralmente a Cristina","author":"AF","date":"30\/11\/2022","format":false,"excerpt":"De Juan Manzur a Wado de Pedro, las frases que dej\u00f3 la reuni\u00f3n de ministros sobre el juicio contra la vicepresidenta. Desde la oposici\u00f3n, Larreta se subi\u00f3 a la ola de criticas por derecha: \"Decir que un tribunal de la democracia es un pelot\u00f3n de fusilamiento es una verg\u00fcenza\". Tras\u2026","rel":"","context":"En \u00abPol\u00edtica\u00bb","block_context":{"text":"Pol\u00edtica","link":"http:\/\/www.24baires.com\/?cat=51"},"img":{"alt_text":"","src":"https:\/\/i0.wp.com\/www.24baires.com\/wp-content\/uploads\/2022\/09\/cristinakirchnerjpg.jpg?resize=350%2C200","width":350,"height":200,"srcset":"https:\/\/i0.wp.com\/www.24baires.com\/wp-content\/uploads\/2022\/09\/cristinakirchnerjpg.jpg?resize=350%2C200 1x, https:\/\/i0.wp.com\/www.24baires.com\/wp-content\/uploads\/2022\/09\/cristinakirchnerjpg.jpg?resize=525%2C300 1.5x, https:\/\/i0.wp.com\/www.24baires.com\/wp-content\/uploads\/2022\/09\/cristinakirchnerjpg.jpg?resize=700%2C400 2x"},"classes":[]},{"id":120845,"url":"http:\/\/www.24baires.com\/?p=120845","url_meta":{"origin":57461,"position":4},"title":"\u00abSi hay crisis econ\u00f3mica, no va a haber Constituci\u00f3n vigente\u00bb","author":"AF","date":"09\/01\/2024","format":false,"excerpt":"En sinton\u00eda con lo escrito en el Decreto de Necesidad y Urgencia y tambi\u00e9n en la Ley \u00d3mnibus, Rodolfo Barra justific\u00f3 una posible eliminaci\u00f3n de los tres poderes del Estado en caso de \"crisis econ\u00f3mica\". El repudio de los legisladores presentes en la comisi\u00f3n. El procurador del Tesoro, Rodolfo Barra,\u2026","rel":"","context":"En \u00abSociedad\u00bb","block_context":{"text":"Sociedad","link":"http:\/\/www.24baires.com\/?cat=1"},"img":{"alt_text":"","src":"https:\/\/i0.wp.com\/www.24baires.com\/wp-content\/uploads\/2024\/01\/WhatsApp-Image-2024-01-09-at-21.38.40.jpeg?resize=350%2C200","width":350,"height":200,"srcset":"https:\/\/i0.wp.com\/www.24baires.com\/wp-content\/uploads\/2024\/01\/WhatsApp-Image-2024-01-09-at-21.38.40.jpeg?resize=350%2C200 1x, https:\/\/i0.wp.com\/www.24baires.com\/wp-content\/uploads\/2024\/01\/WhatsApp-Image-2024-01-09-at-21.38.40.jpeg?resize=525%2C300 1.5x, https:\/\/i0.wp.com\/www.24baires.com\/wp-content\/uploads\/2024\/01\/WhatsApp-Image-2024-01-09-at-21.38.40.jpeg?resize=700%2C400 2x"},"classes":[]},{"id":119328,"url":"http:\/\/www.24baires.com\/?p=119328","url_meta":{"origin":57461,"position":5},"title":"Alberto: \u00abLos inculpados hablaban de que el pr\u00f3ximo soy yo\u00bb","author":"AF","date":"12\/09\/2022","format":false,"excerpt":"En una entrevista con el canal Telecinco Alberto Fern\u00e1ndez revel\u00f3 que los autores del ataque a la Vicepresidenta tambi\u00e9n lo ten\u00edan a \u00e9l como objetivo y agreg\u00f3 que \"es una banda de sinverg\u00fcenzas capaces de hacer semejante atrocidad\". El presidente Alberto Fern\u00e1ndez revel\u00f3 este lunes que los detenidos por el\u2026","rel":"","context":"En \u00abPol\u00edtica\u00bb","block_context":{"text":"Pol\u00edtica","link":"http:\/\/www.24baires.com\/?cat=51"},"img":{"alt_text":"","src":"https:\/\/i0.wp.com\/www.24baires.com\/wp-content\/uploads\/2022\/09\/alberto.jpg?resize=350%2C200","width":350,"height":200,"srcset":"https:\/\/i0.wp.com\/www.24baires.com\/wp-content\/uploads\/2022\/09\/alberto.jpg?resize=350%2C200 1x, https:\/\/i0.wp.com\/www.24baires.com\/wp-content\/uploads\/2022\/09\/alberto.jpg?resize=525%2C300 1.5x, https:\/\/i0.wp.com\/www.24baires.com\/wp-content\/uploads\/2022\/09\/alberto.jpg?resize=700%2C400 2x"},"classes":[]}],"jetpack_sharing_enabled":true,"jetpack_likes_enabled":true,"jetpack_featured_media_url":"","_links":{"self":[{"href":"http:\/\/www.24baires.com\/index.php?rest_route=\/wp\/v2\/posts\/57461","targetHints":{"allow":["GET"]}}],"collection":[{"href":"http:\/\/www.24baires.com\/index.php?rest_route=\/wp\/v2\/posts"}],"about":[{"href":"http:\/\/www.24baires.com\/index.php?rest_route=\/wp\/v2\/types\/post"}],"author":[{"embeddable":true,"href":"http:\/\/www.24baires.com\/index.php?rest_route=\/wp\/v2\/users\/11"}],"replies":[{"embeddable":true,"href":"http:\/\/www.24baires.com\/index.php?rest_route=%2Fwp%2Fv2%2Fcomments&post=57461"}],"version-history":[{"count":1,"href":"http:\/\/www.24baires.com\/index.php?rest_route=\/wp\/v2\/posts\/57461\/revisions"}],"predecessor-version":[{"id":57462,"href":"http:\/\/www.24baires.com\/index.php?rest_route=\/wp\/v2\/posts\/57461\/revisions\/57462"}],"wp:attachment":[{"href":"http:\/\/www.24baires.com\/index.php?rest_route=%2Fwp%2Fv2%2Fmedia&parent=57461"}],"wp:term":[{"taxonomy":"category","embeddable":true,"href":"http:\/\/www.24baires.com\/index.php?rest_route=%2Fwp%2Fv2%2Fcategories&post=57461"},{"taxonomy":"post_tag","embeddable":true,"href":"http:\/\/www.24baires.com\/index.php?rest_route=%2Fwp%2Fv2%2Ftags&post=57461"}],"curies":[{"name":"wp","href":"https:\/\/api.w.org\/{rel}","templated":true}]}}