{"id":57458,"date":"2014-11-20T20:06:14","date_gmt":"2014-11-20T23:06:14","guid":{"rendered":"http:\/\/www.24baires.com\/?p=57458"},"modified":"2014-11-20T20:14:22","modified_gmt":"2014-11-20T23:14:22","slug":"campana-ghione-paso-del-fpv-al-massismo","status":"publish","type":"post","link":"http:\/\/www.24baires.com\/?p=57458","title":{"rendered":"Campana: Ghione pas\u00f3 del FPV al massismo"},"content":{"rendered":"<p><img data-recalc-dims=\"1\" loading=\"lazy\" decoding=\"async\" class=\"aligncenter size-full wp-image-57459\" src=\"https:\/\/i0.wp.com\/www.24baires.com\/wp-content\/uploads\/2014\/11\/Juan-Ghione-campana.jpg?resize=560%2C385\" alt=\"Juan Ghione campana\" width=\"560\" height=\"385\" srcset=\"https:\/\/i0.wp.com\/www.24baires.com\/wp-content\/uploads\/2014\/11\/Juan-Ghione-campana.jpg?w=560 560w, https:\/\/i0.wp.com\/www.24baires.com\/wp-content\/uploads\/2014\/11\/Juan-Ghione-campana.jpg?resize=300%2C206 300w\" sizes=\"auto, (max-width: 560px) 100vw, 560px\" \/>El presidente del Concejo Deliberante de Campana, Juan Ghione, concret\u00f3 su salto al Frente Renovador: \u00abHemos tomado la decisi\u00f3n de sumarnos, de participar en el \u00fanico Frente que da la posibilidad de generar cambios, de construir la patria que queremos, la provincia que queremos y la ciudad de Campana con la que todos so\u00f1amos\u201d<!--more--><\/p>\n<p>Ya era casi un hecho, pero faltaba una formalidad: el anuncio y la foto. Finalmente, el presidente del Concejo Deliberante de Campana, Juan Ghione, se pas\u00f3 al Frente Renovador.<\/p>\n<p>El concejal hizo el anuncio secundado por intendentes Joaqu\u00edn de la Torre (San Miguel) y Carlos Selva (Mercedes), los senadores provinciales Sebasti\u00e1n Galmarini y Fernando Moreira, el diputado provincial Alfredo Antonuccio.<\/p>\n<p>Ghione explic\u00f3 que \u201cnosotros hemos tomado una decisi\u00f3n importante y queremos hacerlo como lo hacemos siempre, de cara a la gente. Quer\u00edamos hacerlo de manera cristalina. Hemos tomado la decisi\u00f3n de sumarnos, de participar en el \u00fanico Frente que da la posibilidad de generar cambios, de construir la patria que queremos, la provincia que queremos y la ciudad de Campana con la que todos so\u00f1amos\u201d.<\/p>\n<p>\u201cMi compromiso es con el Frente Renovador, mi compromiso es con el trabajo fuerte por la ciudad, mi compromiso es con el compa\u00f1ero Sergio Massa porque queremos trabajar fuertemente para que sea el pr\u00f3ximo Presidente de la Naci\u00f3n\u201d, sostuvo.<\/p>\n<p>Por \u00faltimo, ante la atenta mirada de Carlos Cazador, concejal de Acci\u00f3n Comunal Primero Campana &#8211; Frente Renovador y precandidato a intendente, concluy\u00f3: \u00abSeguramente, en alg\u00fan momento encontraremos la manera de resolver, si existen voluntades encontradas, de poder dirimirlo con la racionalidad y la construcci\u00f3n que el Frente Renovador se merece\u201d.<\/p>\n<p>&nbsp;<\/p>\n<p>&nbsp;<\/p>\n<p>&nbsp;<\/p>\n<p>&nbsp;<\/p>\n<p>&nbsp;<\/p>\n","protected":false},"excerpt":{"rendered":"<p>El presidente del Concejo Deliberante de Campana, Juan Ghione, concret\u00f3 su salto al Frente Renovador: \u00abHemos tomado la decisi\u00f3n de sumarnos, de participar en el \u00fanico Frente que da la posibilidad de generar cambios, de construir la patria que queremos, la provincia que queremos y la ciudad de Campana con la que todos so\u00f1amos\u201d<\/p>\n","protected":false},"author":11,"featured_media":0,"comment_status":"open","ping_status":"open","sticky":false,"template":"","format":"standard","meta":{"_jetpack_newsletter_access":"","_jetpack_dont_email_post_to_subs":false,"_jetpack_newsletter_tier_id":0,"_jetpack_memberships_contains_paywalled_content":false,"_jetpack_memberships_contains_paid_content":false,"footnotes":""},"categories":[51],"tags":[],"class_list":["post-57458","post","type-post","status-publish","format-standard","hentry","category-politica"],"jetpack_shortlink":"https:\/\/wp.me\/p2JWE0-eWK","jetpack-related-posts":[{"id":41218,"url":"http:\/\/www.24baires.com\/?p=41218","url_meta":{"origin":57458,"position":0},"title":"Renunci\u00f3 Luis Ghione, intendente de San Andr\u00e9s de Giles","author":"Grupo Sierra","date":"27\/02\/2014","format":false,"excerpt":"El funcionario present\u00f3 su renuncia ayer por la tarde aduciendo problemas de salud, y por la noche, r\u00e1pidamente el Concejo Deliberante sesion\u00f3 y la aprob\u00f3. El mandatario massista dej\u00f3 al mando a otro referente renovador, Carlos Puglielli. \u201cEspero haber estado a la altura de las circunstancias\u201d, expres\u00f3 Ghione a la\u2026","rel":"","context":"En \u00abMunicipios\u00bb","block_context":{"text":"Municipios","link":"http:\/\/www.24baires.com\/?cat=44"},"img":{"alt_text":"","src":"https:\/\/i0.wp.com\/www.24baires.com\/wp-content\/uploads\/2014\/02\/ghione.jpg?resize=350%2C200","width":350,"height":200,"srcset":"https:\/\/i0.wp.com\/www.24baires.com\/wp-content\/uploads\/2014\/02\/ghione.jpg?resize=350%2C200 1x, https:\/\/i0.wp.com\/www.24baires.com\/wp-content\/uploads\/2014\/02\/ghione.jpg?resize=525%2C300 1.5x"},"classes":[]},{"id":35556,"url":"http:\/\/www.24baires.com\/?p=35556","url_meta":{"origin":57458,"position":1},"title":"Cucull\u00fa comenzar\u00e1 a tener agua potable","author":"AF","date":"22\/11\/2013","format":false,"excerpt":"El titular del Servicio Provincial de Agua Potable y Saneamiento Rural (SPAR), Juan Mar\u00eda Vi\u00f1ales, particip\u00f3 de la inauguraci\u00f3n de la obra que facilita el acceso al agua potable a la localidad de Cucull\u00fa, partido de San Andr\u00e9s de Giles. \u201cEstamos muy contentos de poner en marcha este servicio porque\u2026","rel":"","context":"En \u00abLocales\u00bb","block_context":{"text":"Locales","link":"http:\/\/www.24baires.com\/?cat=38"},"img":{"alt_text":"","src":"","width":0,"height":0},"classes":[]},{"id":43912,"url":"http:\/\/www.24baires.com\/?p=43912","url_meta":{"origin":57458,"position":2},"title":"Eseverri no le hace caso a Massa e ir\u00e1 por otro mandato en Olavarr\u00eda","author":"GB","date":"15\/04\/2014","format":false,"excerpt":"El intendente de Olavarr\u00eda, Jos\u00e9 Eseverri, revel\u00f3 que tiene la intenci\u00f3n de buscar la re-reelecci\u00f3n en las pr\u00f3ximas elecciones, a pesar de que el Frente Renovador present\u00f3 un proyecto de ley en la Legislatura provincial para limitar la reelecci\u00f3n de los jefes comunales. \"Es un desaf\u00edo, tengo ganas\", precis\u00f3 el\u2026","rel":"","context":"En \u00abMunicipios\u00bb","block_context":{"text":"Municipios","link":"http:\/\/www.24baires.com\/?cat=44"},"img":{"alt_text":"eseverri","src":"https:\/\/i0.wp.com\/www.24baires.com\/wp-content\/uploads\/2013\/07\/eseverri.jpg?resize=350%2C200","width":350,"height":200,"srcset":"https:\/\/i0.wp.com\/www.24baires.com\/wp-content\/uploads\/2013\/07\/eseverri.jpg?resize=350%2C200 1x, https:\/\/i0.wp.com\/www.24baires.com\/wp-content\/uploads\/2013\/07\/eseverri.jpg?resize=525%2C300 1.5x"},"classes":[]},{"id":26807,"url":"http:\/\/www.24baires.com\/?p=26807","url_meta":{"origin":57458,"position":3},"title":"Massa al presentar su equipo lo catalag\u00f3 como de \u00abcoraz\u00f3n peronista y cerebro modernista\u00bb","author":"Grupo Sierra","date":"24\/06\/2013","format":false,"excerpt":"El intendente de Tigre y primer candidato a diputado nacional por la Provincia en el Frente Renovador, Sergio Massa, present\u00f3 hoy a su lista para las elecciones legislativas y tambi\u00e9n estren\u00f3 una estrategia electoral sin polemizar y haciendo eje \"en la unidad y el futuro\". Tras confirmar su candidatura sobre\u2026","rel":"","context":"En \u00abPol\u00edtica\u00bb","block_context":{"text":"Pol\u00edtica","link":"http:\/\/www.24baires.com\/?cat=51"},"img":{"alt_text":"","src":"","width":0,"height":0},"classes":[]},{"id":66012,"url":"http:\/\/www.24baires.com\/?p=66012","url_meta":{"origin":57458,"position":4},"title":"Otro hombre del Frente Renovador vuelve al Frente para la Victoria","author":"GB","date":"15\/05\/2015","format":false,"excerpt":"SAN MART\u00cdN-El vicepresidente del Concejo Deliberante de San Mart\u00edn, Alfredo Buglioni, confirm\u00f3 en su alejamiento del Frente Renovador y su retorno al Frente para la Victoria. En declaraciones a Radio Provincia, Buglioni se\u00f1al\u00f3 \u201cdiferencias insostenibles\u201d con el espacio de Sergio Massa dijo que su partida no tiene que ver con\u2026","rel":"","context":"En \u00abElecciones 2015\u00bb","block_context":{"text":"Elecciones 2015","link":"http:\/\/www.24baires.com\/?cat=74"},"img":{"alt_text":"","src":"","width":0,"height":0},"classes":[]},{"id":117467,"url":"http:\/\/www.24baires.com\/?p=117467","url_meta":{"origin":57458,"position":5},"title":"Rivadavia: acusan al municipio de montar un vacunatorio vip","author":"GB","date":"21\/04\/2021","format":false,"excerpt":"Concejales del FDT de Rivadavia realizaron una presentaci\u00f3n en el Concejo Deliberante donde exigen \"transparentar la campa\u00f1a de vacunaci\u00f3n\". Silencio oficial Los concejales del Frente de Todos Somos Rivadavia realizaron la presentaci\u00f3n de un Pedido de Informe a las autoridades sanitarias locales y provinciales mediante el cual buscan que el\u2026","rel":"","context":"En \u00abLocales\u00bb","block_context":{"text":"Locales","link":"http:\/\/www.24baires.com\/?cat=38"},"img":{"alt_text":"","src":"https:\/\/i0.wp.com\/www.24baires.com\/wp-content\/uploads\/2021\/04\/evbrvcpwqaanj6yjpg-300x200.jpg?resize=350%2C200","width":350,"height":200},"classes":[]}],"jetpack_sharing_enabled":true,"jetpack_likes_enabled":true,"jetpack_featured_media_url":"","_links":{"self":[{"href":"http:\/\/www.24baires.com\/index.php?rest_route=\/wp\/v2\/posts\/57458","targetHints":{"allow":["GET"]}}],"collection":[{"href":"http:\/\/www.24baires.com\/index.php?rest_route=\/wp\/v2\/posts"}],"about":[{"href":"http:\/\/www.24baires.com\/index.php?rest_route=\/wp\/v2\/types\/post"}],"author":[{"embeddable":true,"href":"http:\/\/www.24baires.com\/index.php?rest_route=\/wp\/v2\/users\/11"}],"replies":[{"embeddable":true,"href":"http:\/\/www.24baires.com\/index.php?rest_route=%2Fwp%2Fv2%2Fcomments&post=57458"}],"version-history":[{"count":1,"href":"http:\/\/www.24baires.com\/index.php?rest_route=\/wp\/v2\/posts\/57458\/revisions"}],"predecessor-version":[{"id":57460,"href":"http:\/\/www.24baires.com\/index.php?rest_route=\/wp\/v2\/posts\/57458\/revisions\/57460"}],"wp:attachment":[{"href":"http:\/\/www.24baires.com\/index.php?rest_route=%2Fwp%2Fv2%2Fmedia&parent=57458"}],"wp:term":[{"taxonomy":"category","embeddable":true,"href":"http:\/\/www.24baires.com\/index.php?rest_route=%2Fwp%2Fv2%2Fcategories&post=57458"},{"taxonomy":"post_tag","embeddable":true,"href":"http:\/\/www.24baires.com\/index.php?rest_route=%2Fwp%2Fv2%2Ftags&post=57458"}],"curies":[{"name":"wp","href":"https:\/\/api.w.org\/{rel}","templated":true}]}}