{"id":57449,"date":"2014-11-20T18:30:20","date_gmt":"2014-11-20T21:30:20","guid":{"rendered":"http:\/\/www.24baires.com\/?p=57449"},"modified":"2014-11-20T18:12:35","modified_gmt":"2014-11-20T21:12:35","slug":"el-senado-bonaerense-aprobo-ley-de-paritarias-municipales","status":"publish","type":"post","link":"http:\/\/www.24baires.com\/?p=57449","title":{"rendered":"El Senado bonaerense aprob\u00f3 la ley de paritarias municipales"},"content":{"rendered":"<p><img data-recalc-dims=\"1\" loading=\"lazy\" decoding=\"async\" class=\"alignleft size-medium wp-image-7222\" src=\"https:\/\/i0.wp.com\/www.24baires.com\/wp-content\/uploads\/2012\/11\/senado-BA.jpg?resize=300%2C220\" alt=\"senado BA\" width=\"300\" height=\"220\" srcset=\"https:\/\/i0.wp.com\/www.24baires.com\/wp-content\/uploads\/2012\/11\/senado-BA.jpg?resize=300%2C220 300w, https:\/\/i0.wp.com\/www.24baires.com\/wp-content\/uploads\/2012\/11\/senado-BA.jpg?w=375 375w\" sizes=\"auto, (max-width: 300px) 100vw, 300px\" \/>La C\u00e1mara alta de la provincia de Buenos Aires aprob\u00f3 la medida que fija las nuevas relaciones laborales para los municipios. Diputados buscar\u00e1 convertirla en ley durante la jornada de hoy.<!--more--><\/p>\n<p>La medida establece por primera vez el sistema de paritarias para la negociaci\u00f3n salarial de los empleados de las 135 comunas bonaerenses.<\/p>\n<p>La iniciativa, que ser\u00e1 sancionada hoy en Diputados, garantiza a unos 120.000 empleados municipales paritarias para discutir condiciones de empleo, que ser\u00e1n aplicables \u00fanicamente a los municipios y a los agentes que en ellas cumplen sus labores, adem\u00e1s de estabilidad y salario vital y m\u00f3vil.<\/p>\n<p>Mariotto reuni\u00f3 a la FeSiMuBo y a la FAM por la Ley de Paritarias. La Federaci\u00f3n y los intendentes alcanzaron hace unos d\u00edas un acuerdo en torno a la Ley de Paritarias Municipales.<\/p>\n<p>&nbsp;<\/p>\n<p>&nbsp;<\/p>\n<p>&nbsp;<\/p>\n<p>&nbsp;<\/p>\n<p>&nbsp;<\/p>\n<p>&nbsp;<\/p>\n<p>&nbsp;<\/p>\n<p>&nbsp;<\/p>\n<p>&nbsp;<\/p>\n<p>&nbsp;<\/p>\n<p>&nbsp;<\/p>\n<p>&nbsp;<\/p>\n<p>&nbsp;<\/p>\n<p>&nbsp;<\/p>\n<p>&nbsp;<\/p>\n<p>&nbsp;<\/p>\n","protected":false},"excerpt":{"rendered":"<p>La C\u00e1mara alta de la provincia de Buenos Aires aprob\u00f3 la medida que fija las nuevas relaciones laborales para los municipios. Diputados buscar\u00e1 convertirla en ley durante la jornada de hoy.<\/p>\n","protected":false},"author":8,"featured_media":0,"comment_status":"open","ping_status":"open","sticky":false,"template":"","format":"standard","meta":{"_jetpack_newsletter_access":"","_jetpack_dont_email_post_to_subs":false,"_jetpack_newsletter_tier_id":0,"_jetpack_memberships_contains_paywalled_content":false,"_jetpack_memberships_contains_paid_content":false,"footnotes":""},"categories":[51],"tags":[],"class_list":["post-57449","post","type-post","status-publish","format-standard","hentry","category-politica"],"jetpack_shortlink":"https:\/\/wp.me\/p2JWE0-eWB","jetpack-related-posts":[{"id":103042,"url":"http:\/\/www.24baires.com\/?p=103042","url_meta":{"origin":57449,"position":0},"title":"La Corte suspendi\u00f3 el decreto de reglamentaci\u00f3n de las paritarias municipales","author":"GB","date":"28\/06\/2018","format":false,"excerpt":"La Suprema Corte de Justicia bonaerense suspendi\u00f3 los alcances del decreto de reglamentaci\u00f3n de las paritarias municipales, al sostener que la norma pudo haber modificado el esp\u00edritu de la ley, afectando a las autonom\u00edas municipales y el poder de negociaci\u00f3n de los gremios. En una acordada publicada hoy, el m\u00e1ximo\u2026","rel":"","context":"En \u00abProvincia\u00bb","block_context":{"text":"Provincia","link":"http:\/\/www.24baires.com\/?cat=40"},"img":{"alt_text":"","src":"https:\/\/i0.wp.com\/www.24baires.com\/wp-content\/uploads\/2018\/06\/paritaria-muni-300x200.jpg?resize=350%2C200","width":350,"height":200},"classes":[]},{"id":54177,"url":"http:\/\/www.24baires.com\/?p=54177","url_meta":{"origin":57449,"position":1},"title":"Municipales de la Provincia paran reclamando ley de paritarias","author":"AF","date":"24\/09\/2014","format":false,"excerpt":"Un grupo de trabajadores de municipios bonaerenses realizar\u00e1 este mi\u00e9rcoles un \"cese de actividades\" y una movilizaci\u00f3n a la Legislatura en La Plata, donde se tratar\u00e1 el proyecto de ley que crea la paritaria salarial para el sector. La Federaci\u00f3n de Sindicatos Municipales Bonaerense (FeSiMuBo) inform\u00f3 que realizar\u00e1n \"una multitudinaria\u2026","rel":"","context":"En \u00abMunicipios\u00bb","block_context":{"text":"Municipios","link":"http:\/\/www.24baires.com\/?cat=44"},"img":{"alt_text":"","src":"","width":0,"height":0},"classes":[]},{"id":54280,"url":"http:\/\/www.24baires.com\/?p=54280","url_meta":{"origin":57449,"position":2},"title":"Se aprob\u00f3 el nuevo estatuto para empleados Municipales","author":"GB","date":"25\/09\/2014","format":false,"excerpt":"Con una colorida movilizaci\u00f3n de trabajadores como marco, la C\u00e1mara de Diputados bonaerense aprob\u00f3 hoy el proyecto de ley que fija las nuevas relaciones laborales para los municipios y establece por primera vez el sistema de paritarias para la negociaci\u00f3n salarial de los empleados de las 135 comunas bonaerenses. La\u2026","rel":"","context":"En \u00abProvincia\u00bb","block_context":{"text":"Provincia","link":"http:\/\/www.24baires.com\/?cat=40"},"img":{"alt_text":"","src":"","width":0,"height":0},"classes":[]},{"id":77263,"url":"http:\/\/www.24baires.com\/?p=77263","url_meta":{"origin":57449,"position":3},"title":"Denuncian que Vidal quiere suspender las paritarias municipales","author":"GB","date":"06\/01\/2016","format":false,"excerpt":"La Federaci\u00f3n de Sindicatos Municipales Bonaerenses advierte que adem\u00e1s buscan realizar despidos masivos en los municipios . Todos los detalles. Rub\u00e9n \u201cCholo\u201d Garc\u00eda, titular de la Federaci\u00f3n de Sindicatos Municipales Bonaerenses, denunci\u00f3 que el gobierno de la Provincia de Buenos Aires planea suspender las paritarias municipales y permitir los despidos\u2026","rel":"","context":"En \u00abProvincia\u00bb","block_context":{"text":"Provincia","link":"http:\/\/www.24baires.com\/?cat=40"},"img":{"alt_text":"vidal","src":"https:\/\/i0.wp.com\/www.24baires.com\/wp-content\/uploads\/2015\/12\/vidal-2.jpg?resize=350%2C200","width":350,"height":200,"srcset":"https:\/\/i0.wp.com\/www.24baires.com\/wp-content\/uploads\/2015\/12\/vidal-2.jpg?resize=350%2C200 1x, https:\/\/i0.wp.com\/www.24baires.com\/wp-content\/uploads\/2015\/12\/vidal-2.jpg?resize=525%2C300 1.5x"},"classes":[]},{"id":77428,"url":"http:\/\/www.24baires.com\/?p=77428","url_meta":{"origin":57449,"position":4},"title":"Afirman que la suspensi\u00f3n de paritarias municipales es para echar trabajadores","author":"AF","date":"11\/01\/2016","format":false,"excerpt":"El autor de la ley de paritarias municipales, diputado Hern\u00e1n Doval (FpV), cuestion\u00f3 la decisi\u00f3n del Gobierno provincial de suspender la norma por decreto y asegur\u00f3 que \u201cquieren echar m\u00e1s trabajadores mediante el concepto de disponibilidad laboral\u201d. La Ley 14.656 de Relaciones Laborales y Negociaci\u00f3n Colectiva de los Trabajadores Municipales\u2026","rel":"","context":"En \u00abMunicipios\u00bb","block_context":{"text":"Municipios","link":"http:\/\/www.24baires.com\/?cat=44"},"img":{"alt_text":"hern\u00e1n doval","src":"https:\/\/i0.wp.com\/www.24baires.com\/wp-content\/uploads\/2016\/01\/hern%C3%A1n-doval.png?resize=350%2C200","width":350,"height":200},"classes":[]},{"id":100494,"url":"http:\/\/www.24baires.com\/?p=100494","url_meta":{"origin":57449,"position":5},"title":"Intendentes massistas ofrecer\u00e1n un aumento entre el 15 y el 10% con cl\u00e1usula gatillo","author":"GB","date":"13\/02\/2018","format":false,"excerpt":"Los jefes comunales que responden al Frente Renovador que conduce Sergio Massa, anunciaron que ofrecer\u00e1n hasta un 20% en las paritarias municipales e incluir\u00e1n la \u201ccl\u00e1usula gatillo\u201d que el gobierno nacional y provincial quieren evitar. Tal como sucedi\u00f3 el a\u00f1o pasado con varios de los intendentes peronistas que enfrentaron las\u2026","rel":"","context":"En \u00abMunicipios\u00bb","block_context":{"text":"Municipios","link":"http:\/\/www.24baires.com\/?cat=44"},"img":{"alt_text":"","src":"https:\/\/i0.wp.com\/www.24baires.com\/wp-content\/uploads\/2018\/02\/intendentes-massistas.jpg?resize=350%2C200","width":350,"height":200,"srcset":"https:\/\/i0.wp.com\/www.24baires.com\/wp-content\/uploads\/2018\/02\/intendentes-massistas.jpg?resize=350%2C200 1x, https:\/\/i0.wp.com\/www.24baires.com\/wp-content\/uploads\/2018\/02\/intendentes-massistas.jpg?resize=525%2C300 1.5x"},"classes":[]}],"jetpack_sharing_enabled":true,"jetpack_likes_enabled":true,"jetpack_featured_media_url":"","_links":{"self":[{"href":"http:\/\/www.24baires.com\/index.php?rest_route=\/wp\/v2\/posts\/57449","targetHints":{"allow":["GET"]}}],"collection":[{"href":"http:\/\/www.24baires.com\/index.php?rest_route=\/wp\/v2\/posts"}],"about":[{"href":"http:\/\/www.24baires.com\/index.php?rest_route=\/wp\/v2\/types\/post"}],"author":[{"embeddable":true,"href":"http:\/\/www.24baires.com\/index.php?rest_route=\/wp\/v2\/users\/8"}],"replies":[{"embeddable":true,"href":"http:\/\/www.24baires.com\/index.php?rest_route=%2Fwp%2Fv2%2Fcomments&post=57449"}],"version-history":[{"count":2,"href":"http:\/\/www.24baires.com\/index.php?rest_route=\/wp\/v2\/posts\/57449\/revisions"}],"predecessor-version":[{"id":57451,"href":"http:\/\/www.24baires.com\/index.php?rest_route=\/wp\/v2\/posts\/57449\/revisions\/57451"}],"wp:attachment":[{"href":"http:\/\/www.24baires.com\/index.php?rest_route=%2Fwp%2Fv2%2Fmedia&parent=57449"}],"wp:term":[{"taxonomy":"category","embeddable":true,"href":"http:\/\/www.24baires.com\/index.php?rest_route=%2Fwp%2Fv2%2Fcategories&post=57449"},{"taxonomy":"post_tag","embeddable":true,"href":"http:\/\/www.24baires.com\/index.php?rest_route=%2Fwp%2Fv2%2Ftags&post=57449"}],"curies":[{"name":"wp","href":"https:\/\/api.w.org\/{rel}","templated":true}]}}