{"id":57446,"date":"2014-11-20T18:08:02","date_gmt":"2014-11-20T21:08:02","guid":{"rendered":"http:\/\/www.24baires.com\/?p=57446"},"modified":"2014-11-21T10:14:20","modified_gmt":"2014-11-21T13:14:20","slug":"por-primera-vez-una-mujer-presidira-consejo-de-la-magistratura","status":"publish","type":"post","link":"http:\/\/www.24baires.com\/?p=57446","title":{"rendered":"Por primera vez, una mujer presidir\u00e1 el Consejo de la Magistratura"},"content":{"rendered":"<p><img data-recalc-dims=\"1\" loading=\"lazy\" decoding=\"async\" class=\"aligncenter size-full wp-image-57447\" src=\"https:\/\/i0.wp.com\/www.24baires.com\/wp-content\/uploads\/2014\/11\/presidenta-magistratura.jpg?resize=560%2C373\" alt=\"presidenta magistratura\" width=\"560\" height=\"373\" srcset=\"https:\/\/i0.wp.com\/www.24baires.com\/wp-content\/uploads\/2014\/11\/presidenta-magistratura.jpg?w=560 560w, https:\/\/i0.wp.com\/www.24baires.com\/wp-content\/uploads\/2014\/11\/presidenta-magistratura.jpg?resize=300%2C199 300w\" sizes=\"auto, (max-width: 560px) 100vw, 560px\" \/>Mar\u00eda Gabriela V\u00e1zquez fue elegida en un plenario de consejeros del cuerpo, mientras que Jorge Candis, en representaci\u00f3n de los acad\u00e9micos, result\u00f3 electo como vicepresidente.<!--more--><\/p>\n<p>V\u00e1zquez fue elegida por los votos favorables de los senadores Ruperto Godoy y Pablo Gonz\u00e1lez; los diputados Eduardo \u00abWado\u00bb de Pedro y H\u00e9ctor Recalde ; el secretario de Justicia, Juli\u00e1n \u00c1lvarez, Candis, y la magistrada, que sufrag\u00f3 en favor de su propia candidatura.<\/p>\n<p>\u00abNosotros cumplimos un servicio, no ejercemos un poder porque el derecho es una herramienta social\u00bb, destac\u00f3 V\u00e1zquez y resalt\u00f3 que \u00abeste hecho cobra sentido en el d\u00eda de la soberan\u00eda nacional\u00bb.<\/p>\n<p>V\u00e1zquez asegur\u00f3 que su gesti\u00f3n ser\u00e1 de \u00abausteridad y transparencia\u00bb y manifest\u00f3 que \u00abes un orgullo y un desaf\u00edo ser la primera presidenta mujer de este cuerpo porque es parte de nuestra lucha como mujeres para perforar el techo de cristal en el que estamos hace a\u00f1os\u00bb.<\/p>\n<p>A su vez, Candis fue elegido por los votos afirmativos de Recalde, Godoy, Gonz\u00e1lez, De Pedro, \u00c1lvarez, V\u00e1zquez y \u00e9l mismo; mientras que se abstuvieron los radicales \u00c1ngel Rozas y Gustavo Valdez; los representantes de los abogados Miguel Piedecasas y Adriana Donato, al igual que los jueces Luis Cabral y Le\u00f3nidas Moldes.<\/p>\n<p>En lo que fue la primera reuni\u00f3n con la nueva conformaci\u00f3n del Consejo, y que fue convocada por Recalde (FpV), que actu\u00f3 provisoriamente como presidente del organismo por ser el \u201cdecano\u201d de esta integraci\u00f3n, esto es, el consejero de mayor edad, se eligieron autoridades y Cabral plante\u00f3 el tema del presupuesto de ese \u00f3rgano, lo que gener\u00f3 que la nueva presidenta convoque a una reuni\u00f3n extraordinaria para las 18 de hoy, para tratar el tema.<\/p>\n<p>&nbsp;<\/p>\n<p>&nbsp;<\/p>\n<p>&nbsp;<\/p>\n<p>&nbsp;<\/p>\n<p>&nbsp;<\/p>\n<p>&nbsp;<\/p>\n<p>&nbsp;<\/p>\n<p>&nbsp;<\/p>\n<p>&nbsp;<\/p>\n<p>&nbsp;<\/p>\n<p>&nbsp;<\/p>\n<p>&nbsp;<\/p>\n<p>&nbsp;<\/p>\n<p>&nbsp;<\/p>\n","protected":false},"excerpt":{"rendered":"<p>Mar\u00eda Gabriela V\u00e1zquez fue elegida en un plenario de consejeros del cuerpo, mientras que Jorge Candis, en representaci\u00f3n de los acad\u00e9micos, result\u00f3 electo como vicepresidente.<\/p>\n","protected":false},"author":8,"featured_media":0,"comment_status":"open","ping_status":"open","sticky":false,"template":"","format":"standard","meta":{"_jetpack_newsletter_access":"","_jetpack_dont_email_post_to_subs":false,"_jetpack_newsletter_tier_id":0,"_jetpack_memberships_contains_paywalled_content":false,"_jetpack_memberships_contains_paid_content":false,"footnotes":""},"categories":[51],"tags":[],"class_list":["post-57446","post","type-post","status-publish","format-standard","hentry","category-politica"],"jetpack_shortlink":"https:\/\/wp.me\/p2JWE0-eWy","jetpack-related-posts":[{"id":58067,"url":"http:\/\/www.24baires.com\/?p=58067","url_meta":{"origin":57446,"position":0},"title":"La Magistratura sancion\u00f3 a Bonadio con la quita del 30% de su salario","author":"GB","date":"03\/12\/2014","format":false,"excerpt":"Con el voto de 7 de 13 miembros, se le aplic\u00f3 un \"apercibimiento\" por su accionar en dos causas durante los a\u00f1os \u201890: la estafa al Estado en la venta de acciones del astillero Tandanor y el fraude bancario de la curtiembre Yoma SA. Los consejeros resolvieron multar al juez\u2026","rel":"","context":"En \u00abPol\u00edtica\u00bb","block_context":{"text":"Pol\u00edtica","link":"http:\/\/www.24baires.com\/?cat=51"},"img":{"alt_text":"bonadio","src":"https:\/\/i0.wp.com\/www.24baires.com\/wp-content\/uploads\/2014\/11\/bonadio.jpeg?resize=350%2C200","width":350,"height":200,"srcset":"https:\/\/i0.wp.com\/www.24baires.com\/wp-content\/uploads\/2014\/11\/bonadio.jpeg?resize=350%2C200 1x, https:\/\/i0.wp.com\/www.24baires.com\/wp-content\/uploads\/2014\/11\/bonadio.jpeg?resize=525%2C300 1.5x"},"classes":[]},{"id":57318,"url":"http:\/\/www.24baires.com\/?p=57318","url_meta":{"origin":57446,"position":1},"title":"Juraron los 13 integrantes nuevos del Consejo de la Magistratura","author":"GB","date":"18\/11\/2014","format":false,"excerpt":"El titular de la Corte Suprema tom\u00f3 juramento a los trece integrantes del Consejo de la Magistratura. Qued\u00f3 conformado por los seis nuevos representantes de abogados, jueces y acad\u00e9micos -surgidos de elecciones-; cinco diputados y senadores; y dos miembros que contin\u00faan en sus cargos porque hab\u00edan asumido este a\u00f1o, que\u2026","rel":"","context":"En \u00abPol\u00edtica\u00bb","block_context":{"text":"Pol\u00edtica","link":"http:\/\/www.24baires.com\/?cat=51"},"img":{"alt_text":"","src":"https:\/\/i0.wp.com\/www.24baires.com\/wp-content\/uploads\/2014\/11\/magistratura.jpg?resize=350%2C200","width":350,"height":200,"srcset":"https:\/\/i0.wp.com\/www.24baires.com\/wp-content\/uploads\/2014\/11\/magistratura.jpg?resize=350%2C200 1x, https:\/\/i0.wp.com\/www.24baires.com\/wp-content\/uploads\/2014\/11\/magistratura.jpg?resize=525%2C300 1.5x"},"classes":[]},{"id":94823,"url":"http:\/\/www.24baires.com\/?p=94823","url_meta":{"origin":57446,"position":2},"title":"Votaron a favor del juicio pol\u00edtico al camarista Freiler","author":"AF","date":"29\/05\/2017","format":false,"excerpt":"La Comisi\u00f3n de Disciplina y Acusaci\u00f3n del Consejo de la Magistratura decidi\u00f3 por mayor\u00eda de siete votos contra dos -los del acad\u00e9mico Jorge Candis y el senador del FPV Ruperto Godoy- recomendar al plenario del cuerpo el inicio de un proceso de juicio pol\u00edtico contra el camarista Eduardo Freiler por\u2026","rel":"","context":"En \u00abJUDICIALES\u00bb","block_context":{"text":"JUDICIALES","link":"http:\/\/www.24baires.com\/?cat=68"},"img":{"alt_text":"","src":"","width":0,"height":0},"classes":[]},{"id":32066,"url":"http:\/\/www.24baires.com\/?p=32066","url_meta":{"origin":57446,"position":3},"title":"Perpetua para Eduardo V\u00e1zquez, ex baterista de Callejeros, por el asesinato de su esposa","author":"AF","date":"18\/09\/2013","format":false,"excerpt":"La Sala IV de la C\u00e1mara Federal de Casaci\u00f3n Penal rechaz\u00f3 los planteos de la defensa del exbaterista de Callejeros y aument\u00f3 la pena al descartar como atenuante que V\u00e1zquez haya actuado bajo un estado de emoci\u00f3n violenta, argumento del tribunal de primera instancia para condenarlo a 18 a\u00f1os de\u2026","rel":"","context":"En \u00abJUDICIALES\u00bb","block_context":{"text":"JUDICIALES","link":"http:\/\/www.24baires.com\/?cat=68"},"img":{"alt_text":"","src":"","width":0,"height":0},"classes":[]},{"id":34033,"url":"http:\/\/www.24baires.com\/?p=34033","url_meta":{"origin":57446,"position":4},"title":"Exhumar\u00edan el cuerpo de Fangio para cotejar su ADN con el de un posible hijo","author":"AF","date":"24\/10\/2013","format":false,"excerpt":"Lo reconoci\u00f3 el doctor Lisandro Faisal, abogado del estudio Pierri que lleva adelante la causa por filiaci\u00f3n. Ser\u00eda para extraer muestras de ADN. En torno a los bienes del qu\u00edntuple y el futuro de la Fundaci\u00f3n, dijo que ese es un paso que se analizar\u00e1 si la justicia falla a\u2026","rel":"","context":"En \u00abSociedad\u00bb","block_context":{"text":"Sociedad","link":"http:\/\/www.24baires.com\/?cat=1"},"img":{"alt_text":"","src":"https:\/\/i0.wp.com\/www.24baires.com\/wp-content\/uploads\/2013\/10\/hijo-fangio.jpg?resize=350%2C200","width":350,"height":200,"srcset":"https:\/\/i0.wp.com\/www.24baires.com\/wp-content\/uploads\/2013\/10\/hijo-fangio.jpg?resize=350%2C200 1x, https:\/\/i0.wp.com\/www.24baires.com\/wp-content\/uploads\/2013\/10\/hijo-fangio.jpg?resize=525%2C300 1.5x"},"classes":[]},{"id":34472,"url":"http:\/\/www.24baires.com\/?p=34472","url_meta":{"origin":57446,"position":5},"title":"Solicitan a la Justicia que quede firme la sentencia al asesino de Wanda Taddei","author":"AF","date":"01\/11\/2013","format":false,"excerpt":"Ante el pedido de la defensa de Eduardo V\u00e1zquez sobre inconstitucionalidad de la prisi\u00f3n perpetua que se le dict\u00f3 por \"homicidio agravado por el v\u00ednculo\", la familia de la asesinada Wanda Taddei pidi\u00f3 a la Justicia que deje firme la sentencia. Los familiares de Wanda Taddei solicitaron a la C\u00e1mara\u2026","rel":"","context":"En \u00abJUDICIALES\u00bb","block_context":{"text":"JUDICIALES","link":"http:\/\/www.24baires.com\/?cat=68"},"img":{"alt_text":"v\u00e1zquez taddei","src":"https:\/\/i0.wp.com\/www.24baires.com\/wp-content\/uploads\/2013\/11\/v%C3%A1zquez-taddei-300x187.jpg?resize=350%2C200","width":350,"height":200},"classes":[]}],"jetpack_sharing_enabled":true,"jetpack_likes_enabled":true,"jetpack_featured_media_url":"","_links":{"self":[{"href":"http:\/\/www.24baires.com\/index.php?rest_route=\/wp\/v2\/posts\/57446","targetHints":{"allow":["GET"]}}],"collection":[{"href":"http:\/\/www.24baires.com\/index.php?rest_route=\/wp\/v2\/posts"}],"about":[{"href":"http:\/\/www.24baires.com\/index.php?rest_route=\/wp\/v2\/types\/post"}],"author":[{"embeddable":true,"href":"http:\/\/www.24baires.com\/index.php?rest_route=\/wp\/v2\/users\/8"}],"replies":[{"embeddable":true,"href":"http:\/\/www.24baires.com\/index.php?rest_route=%2Fwp%2Fv2%2Fcomments&post=57446"}],"version-history":[{"count":2,"href":"http:\/\/www.24baires.com\/index.php?rest_route=\/wp\/v2\/posts\/57446\/revisions"}],"predecessor-version":[{"id":57452,"href":"http:\/\/www.24baires.com\/index.php?rest_route=\/wp\/v2\/posts\/57446\/revisions\/57452"}],"wp:attachment":[{"href":"http:\/\/www.24baires.com\/index.php?rest_route=%2Fwp%2Fv2%2Fmedia&parent=57446"}],"wp:term":[{"taxonomy":"category","embeddable":true,"href":"http:\/\/www.24baires.com\/index.php?rest_route=%2Fwp%2Fv2%2Fcategories&post=57446"},{"taxonomy":"post_tag","embeddable":true,"href":"http:\/\/www.24baires.com\/index.php?rest_route=%2Fwp%2Fv2%2Ftags&post=57446"}],"curies":[{"name":"wp","href":"https:\/\/api.w.org\/{rel}","templated":true}]}}