{"id":57444,"date":"2014-11-20T17:30:39","date_gmt":"2014-11-20T20:30:39","guid":{"rendered":"http:\/\/www.24baires.com\/?p=57444"},"modified":"2014-11-20T16:43:41","modified_gmt":"2014-11-20T19:43:41","slug":"buscan-sancionar-a-policias-que-hagan-abandono-de-servicio","status":"publish","type":"post","link":"http:\/\/www.24baires.com\/?p=57444","title":{"rendered":"Buscan sancionar a polic\u00edas que hagan abandono de servicio"},"content":{"rendered":"<p><img data-recalc-dims=\"1\" loading=\"lazy\" decoding=\"async\" class=\"alignleft size-full wp-image-13867\" src=\"https:\/\/i0.wp.com\/www.24baires.com\/wp-content\/uploads\/2013\/01\/an%C3%ADbal-fern%C3%A1ndez.jpg?resize=299%2C211\" alt=\"an\u00edbal fern\u00e1ndez\" width=\"299\" height=\"211\" \/>Se trata de una iniciativa impulsada por el Senador An\u00edbal Fern\u00e1ndez, la cual logr\u00f3 media sanci\u00f3n en Diputados y prev\u00e9 modificaciones al C\u00f3digo Penal para sancionar con multas, inhabilitaci\u00f3n, e incluso la posibilidad que vayan presos.<!--more--><\/p>\n<p>La Comisi\u00f3n de Legislaci\u00f3n Penal de Diputados sac\u00f3 ayer dictamen a favor del proyecto que establece sanciones para los casos de abandono de servicio del personal integrante de las fuerzas de seguridad.<\/p>\n<p>La iniciativa surgi\u00f3 como respuesta a las huelgas que se produjeron en diciembre del a\u00f1o pasado en varias provincias del pa\u00eds y que derivaron en una ola de saqueos.<\/p>\n<p>De aprobarse dicha ley, los miembros de las fuerzas de seguridad nacional, provincial o de la ciudad de Buenos Aires que abandonen su puesto sin autorizaci\u00f3n podr\u00e1n ser condenados de uno a tres a\u00f1os de prisi\u00f3n.<\/p>\n<p>Adem\u00e1s, se prev\u00e9n \u00abmultas de 750 a 12.500 pesos e inhabilitaci\u00f3n especial de un mes a un a\u00f1o\u00bb.<\/p>\n<p>&nbsp;<\/p>\n<p>&nbsp;<\/p>\n<p>&nbsp;<\/p>\n<p>&nbsp;<\/p>\n<p>&nbsp;<\/p>\n<p>&nbsp;<\/p>\n<p>&nbsp;<\/p>\n<p>&nbsp;<\/p>\n<p>&nbsp;<\/p>\n<p>&nbsp;<\/p>\n<p>&nbsp;<\/p>\n<p>&nbsp;<\/p>\n<p>&nbsp;<\/p>\n<p>&nbsp;<\/p>\n","protected":false},"excerpt":{"rendered":"<p>Se trata de una iniciativa impulsada por el Senador An\u00edbal Fern\u00e1ndez, la cual logr\u00f3 media sanci\u00f3n en Diputados y prev\u00e9 modificaciones al C\u00f3digo Penal para sancionar con multas, inhabilitaci\u00f3n, e incluso la posibilidad que vayan presos.<\/p>\n","protected":false},"author":8,"featured_media":0,"comment_status":"open","ping_status":"open","sticky":false,"template":"","format":"standard","meta":{"_jetpack_newsletter_access":"","_jetpack_dont_email_post_to_subs":false,"_jetpack_newsletter_tier_id":0,"_jetpack_memberships_contains_paywalled_content":false,"_jetpack_memberships_contains_paid_content":false,"footnotes":""},"categories":[51],"tags":[],"class_list":["post-57444","post","type-post","status-publish","format-standard","hentry","category-politica"],"jetpack_shortlink":"https:\/\/wp.me\/p2JWE0-eWw","jetpack-related-posts":[{"id":49112,"url":"http:\/\/www.24baires.com\/?p=49112","url_meta":{"origin":57444,"position":0},"title":"Senadores comenz\u00f3 a tratar el proyecto de moratoria previsional","author":"GB","date":"02\/07\/2014","format":false,"excerpt":"La C\u00e1mara alta comenz\u00f3 a las 12.50 la sesi\u00f3n en la que debatir\u00e1 el proyecto de ley enviado por el Poder Ejecutivo y prev\u00e9 convertir en ley la iniciativa para establecer un marco regulatorio para las demandas de particulares o empresas contra el Estado. Adem\u00e1s debatir\u00e1 un proyecto de ley\u2026","rel":"","context":"En \u00abPol\u00edtica\u00bb","block_context":{"text":"Pol\u00edtica","link":"http:\/\/www.24baires.com\/?cat=51"},"img":{"alt_text":"Senado1","src":"https:\/\/i0.wp.com\/www.24baires.com\/wp-content\/uploads\/2013\/09\/Senado1.jpg?resize=350%2C200","width":350,"height":200},"classes":[]},{"id":57342,"url":"http:\/\/www.24baires.com\/?p=57342","url_meta":{"origin":57444,"position":1},"title":"A los polic\u00edas que se autoacuartelen, sanci\u00f3n","author":"Grupo Sierra","date":"18\/11\/2014","format":false,"excerpt":"Diputados del oficialismo y la oposici\u00f3n emitieron hoy dictamen favorable al proyecto que plantea las penas. El proyecto autoriza a sancionar a los integrantes de las fuerzas de seguridad que realicen paros o que abandonen sus tareas sin la respectiva autorizaci\u00f3n, iniciativa que el Frente para la Victoria aspira a\u2026","rel":"","context":"En \u00abLegislativo\u00bb","block_context":{"text":"Legislativo","link":"http:\/\/www.24baires.com\/?cat=75"},"img":{"alt_text":"acuartelamiento mdp.1jpg","src":"https:\/\/i0.wp.com\/www.24baires.com\/wp-content\/uploads\/2013\/12\/acuartelamiento-mdp.1jpg.jpg?resize=350%2C200","width":350,"height":200,"srcset":"https:\/\/i0.wp.com\/www.24baires.com\/wp-content\/uploads\/2013\/12\/acuartelamiento-mdp.1jpg.jpg?resize=350%2C200 1x, https:\/\/i0.wp.com\/www.24baires.com\/wp-content\/uploads\/2013\/12\/acuartelamiento-mdp.1jpg.jpg?resize=525%2C300 1.5x"},"classes":[]},{"id":117417,"url":"http:\/\/www.24baires.com\/?p=117417","url_meta":{"origin":57444,"position":2},"title":"El Senado debate la reforma a Ganancias","author":"AF","date":"08\/04\/2021","format":false,"excerpt":"Tras ser aprobado en Diputados, la iniciativa que reforma el impuesto a las Ganancias podr\u00eda ser sancionada este mismo jueves. Pasadas las 17, el Senado comenz\u00f3 este jueves el debate del proyecto de ley que exime del pago del Impuesto a las Ganancias a los trabajadores registrados con salarios de\u2026","rel":"","context":"En \u00abSociedad\u00bb","block_context":{"text":"Sociedad","link":"http:\/\/www.24baires.com\/?cat=1"},"img":{"alt_text":"","src":"https:\/\/i0.wp.com\/www.24baires.com\/wp-content\/uploads\/2021\/04\/foto-senadoargentina-300x225.jpg?resize=350%2C200","width":350,"height":200},"classes":[]},{"id":103177,"url":"http:\/\/www.24baires.com\/?p=103177","url_meta":{"origin":57444,"position":3},"title":"Avanza el proyecto para urbanizar las villas del pa\u00eds","author":"GB","date":"05\/07\/2018","format":false,"excerpt":"Media sanci\u00f3n en la C\u00e1mara de Diputados de la Naci\u00f3n. La iniciativa propone expropiar tierras y darles el t\u00edtulo de propiedad a las familias. Adem\u00e1s, prev\u00e9 dotar de servicios p\u00fablicos b\u00e1sicos La C\u00e1mara de Diputados dio media sanci\u00f3n a un proyecto de ley, impulsado por el Gobierno, destinado a la\u2026","rel":"","context":"En \u00abSociedad\u00bb","block_context":{"text":"Sociedad","link":"http:\/\/www.24baires.com\/?cat=1"},"img":{"alt_text":"","src":"https:\/\/i0.wp.com\/www.24baires.com\/wp-content\/uploads\/2014\/02\/villasoldati.jpg?resize=350%2C200","width":350,"height":200,"srcset":"https:\/\/i0.wp.com\/www.24baires.com\/wp-content\/uploads\/2014\/02\/villasoldati.jpg?resize=350%2C200 1x, https:\/\/i0.wp.com\/www.24baires.com\/wp-content\/uploads\/2014\/02\/villasoldati.jpg?resize=525%2C300 1.5x"},"classes":[]},{"id":105126,"url":"http:\/\/www.24baires.com\/?p=105126","url_meta":{"origin":57444,"position":4},"title":"Diputados aprob\u00f3 un proyecto contra el acoso sexual callejero","author":"GB","date":"26\/10\/2018","format":false,"excerpt":"Le dio media sanci\u00f3n a una iniciativa que prev\u00e9 multas para quienes cometan ese delito y promueve campa\u00f1as de concientizaci\u00f3n para erradicarlo. La C\u00e1mara de Diputados de la provincia de Buenos Aires aprob\u00f3 ayer un proyecto contra el acoso sexual callejero. La iniciativa establece multas para quienes incurran en ese\u2026","rel":"","context":"En \u00abPol\u00edtica\u00bb","block_context":{"text":"Pol\u00edtica","link":"http:\/\/www.24baires.com\/?cat=51"},"img":{"alt_text":"","src":"https:\/\/i0.wp.com\/www.24baires.com\/wp-content\/uploads\/2018\/09\/acoso-callejero-300x200.jpg?resize=350%2C200","width":350,"height":200},"classes":[]},{"id":103757,"url":"http:\/\/www.24baires.com\/?p=103757","url_meta":{"origin":57444,"position":5},"title":"El Senado debate sobre la legalizaci\u00f3n del aborto","author":"AF","date":"08\/08\/2018","format":false,"excerpt":"Luego de la media sanci\u00f3n en Diputados y de un debate de seis semanas en el plenario de comisiones, al C\u00e1mara baja discute el hist\u00f3rico proyecto. El proyecto para la legalizaci\u00f3n del aborto se debate en el Senado tras la media sanci\u00f3n en Diputados y luego de seis semanas de\u2026","rel":"","context":"En \u00abSociedad\u00bb","block_context":{"text":"Sociedad","link":"http:\/\/www.24baires.com\/?cat=1"},"img":{"alt_text":"","src":"https:\/\/i0.wp.com\/www.24baires.com\/wp-content\/uploads\/2018\/02\/aborto-congreso.jpg?resize=350%2C200","width":350,"height":200,"srcset":"https:\/\/i0.wp.com\/www.24baires.com\/wp-content\/uploads\/2018\/02\/aborto-congreso.jpg?resize=350%2C200 1x, https:\/\/i0.wp.com\/www.24baires.com\/wp-content\/uploads\/2018\/02\/aborto-congreso.jpg?resize=525%2C300 1.5x"},"classes":[]}],"jetpack_sharing_enabled":true,"jetpack_likes_enabled":true,"jetpack_featured_media_url":"","_links":{"self":[{"href":"http:\/\/www.24baires.com\/index.php?rest_route=\/wp\/v2\/posts\/57444","targetHints":{"allow":["GET"]}}],"collection":[{"href":"http:\/\/www.24baires.com\/index.php?rest_route=\/wp\/v2\/posts"}],"about":[{"href":"http:\/\/www.24baires.com\/index.php?rest_route=\/wp\/v2\/types\/post"}],"author":[{"embeddable":true,"href":"http:\/\/www.24baires.com\/index.php?rest_route=\/wp\/v2\/users\/8"}],"replies":[{"embeddable":true,"href":"http:\/\/www.24baires.com\/index.php?rest_route=%2Fwp%2Fv2%2Fcomments&post=57444"}],"version-history":[{"count":1,"href":"http:\/\/www.24baires.com\/index.php?rest_route=\/wp\/v2\/posts\/57444\/revisions"}],"predecessor-version":[{"id":57445,"href":"http:\/\/www.24baires.com\/index.php?rest_route=\/wp\/v2\/posts\/57444\/revisions\/57445"}],"wp:attachment":[{"href":"http:\/\/www.24baires.com\/index.php?rest_route=%2Fwp%2Fv2%2Fmedia&parent=57444"}],"wp:term":[{"taxonomy":"category","embeddable":true,"href":"http:\/\/www.24baires.com\/index.php?rest_route=%2Fwp%2Fv2%2Fcategories&post=57444"},{"taxonomy":"post_tag","embeddable":true,"href":"http:\/\/www.24baires.com\/index.php?rest_route=%2Fwp%2Fv2%2Ftags&post=57444"}],"curies":[{"name":"wp","href":"https:\/\/api.w.org\/{rel}","templated":true}]}}