{"id":57440,"date":"2014-11-20T16:35:49","date_gmt":"2014-11-20T19:35:49","guid":{"rendered":"http:\/\/www.24baires.com\/?p=57440"},"modified":"2014-11-20T16:35:49","modified_gmt":"2014-11-20T19:35:49","slug":"cristina-recibio-en-olivos-a-kicillof-y-zannini","status":"publish","type":"post","link":"http:\/\/www.24baires.com\/?p=57440","title":{"rendered":"Cristina recibi\u00f3 en Olivos a Kicillof y Zannini"},"content":{"rendered":"<p><img data-recalc-dims=\"1\" loading=\"lazy\" decoding=\"async\" class=\"aligncenter size-full wp-image-51786\" src=\"https:\/\/i0.wp.com\/www.24baires.com\/wp-content\/uploads\/2014\/08\/cristina-kicillof.jpg?resize=560%2C314\" alt=\"cristina kicillof\" width=\"560\" height=\"314\" srcset=\"https:\/\/i0.wp.com\/www.24baires.com\/wp-content\/uploads\/2014\/08\/cristina-kicillof.jpg?w=560 560w, https:\/\/i0.wp.com\/www.24baires.com\/wp-content\/uploads\/2014\/08\/cristina-kicillof.jpg?resize=300%2C168 300w\" sizes=\"auto, (max-width: 560px) 100vw, 560px\" \/>La Presidenta mantuvo un encuentro en horas de la ma\u00f1ana con el ministro de Econom\u00eda y el secretario de Legal y T\u00e9cnica en el que abordaron diferentes temas de la agenda gubernamental.<!--more--><\/p>\n<p>La reuni\u00f3n se realiz\u00f3 en la residencia presidencial de Olivos, donde Cristina completa su recuperaci\u00f3n por indicaci\u00f3n m\u00e9dica, tras permanecer internada una semana en el sanatorio Otamendi por un cuadro de sigmoiditis, internaci\u00f3n de la que fue dada de alta el domingo 9 de noviembre.<\/p>\n<p>&nbsp;<\/p>\n<p>&nbsp;<\/p>\n<p>&nbsp;<\/p>\n<p>&nbsp;<\/p>\n<p>&nbsp;<\/p>\n<p>&nbsp;<\/p>\n<p>&nbsp;<\/p>\n<p>&nbsp;<\/p>\n<p>&nbsp;<\/p>\n<p>&nbsp;<\/p>\n<p>&nbsp;<\/p>\n<p>&nbsp;<\/p>\n<p>&nbsp;<\/p>\n","protected":false},"excerpt":{"rendered":"<p>La Presidenta mantuvo un encuentro en horas de la ma\u00f1ana con el ministro de Econom\u00eda y el secretario de Legal y T\u00e9cnica en el que abordaron diferentes temas de la agenda gubernamental.<\/p>\n","protected":false},"author":8,"featured_media":0,"comment_status":"open","ping_status":"open","sticky":false,"template":"","format":"standard","meta":{"_jetpack_newsletter_access":"","_jetpack_dont_email_post_to_subs":false,"_jetpack_newsletter_tier_id":0,"_jetpack_memberships_contains_paywalled_content":false,"_jetpack_memberships_contains_paid_content":false,"footnotes":""},"categories":[51],"tags":[],"class_list":["post-57440","post","type-post","status-publish","format-standard","hentry","category-politica"],"jetpack_shortlink":"https:\/\/wp.me\/p2JWE0-eWs","jetpack-related-posts":[{"id":75451,"url":"http:\/\/www.24baires.com\/?p=75451","url_meta":{"origin":57440,"position":0},"title":"Cristina recibe esta tarde a Scioli y a Zannini en Olivos","author":"AF","date":"23\/11\/2015","format":false,"excerpt":"El candidato del Frente para la Victoria y su compa\u00f1ero de f\u00f3rmula se reunir\u00e1n con Cristina Fern\u00e1ndez de Kirchner a las 18, en la quinta de Olivos, seg\u00fan anticiparon fuentes oficiales. El candidato presidencial del Frente para la Victoria y su compa\u00f1ero de f\u00f3rmula se reunir\u00e1n con Cristina Fern\u00e1ndez de\u2026","rel":"","context":"En \u00abPol\u00edtica\u00bb","block_context":{"text":"Pol\u00edtica","link":"http:\/\/www.24baires.com\/?cat=51"},"img":{"alt_text":"cristina energia","src":"https:\/\/i0.wp.com\/www.24baires.com\/wp-content\/uploads\/2015\/09\/cristina-energia.jpg?resize=350%2C200","width":350,"height":200,"srcset":"https:\/\/i0.wp.com\/www.24baires.com\/wp-content\/uploads\/2015\/09\/cristina-energia.jpg?resize=350%2C200 1x, https:\/\/i0.wp.com\/www.24baires.com\/wp-content\/uploads\/2015\/09\/cristina-energia.jpg?resize=525%2C300 1.5x"},"classes":[]},{"id":63792,"url":"http:\/\/www.24baires.com\/?p=63792","url_meta":{"origin":57440,"position":1},"title":"Cristina se reunir\u00e1 con Kicillof y Juli\u00e1n \u00c1lvarez en Olivos","author":"GB","date":"01\/04\/2015","format":false,"excerpt":"Cristina mantendr\u00e1 esta tarde una agenda de reuniones en la residencia de Olivos. Primero se reunir\u00e1 con el ministro de Econom\u00eda, y m\u00e1s tarde recibir\u00e1 al secretario de Justicia. La Presidenta recibe en Olivos al Ministro de Econom\u00eda, Axel Kicillof, y m\u00e1s tarde al secretario de Justicia, Juli\u00e1n \u00c1lvarez. \u00a0\u2026","rel":"","context":"En \u00abPol\u00edtica\u00bb","block_context":{"text":"Pol\u00edtica","link":"http:\/\/www.24baires.com\/?cat=51"},"img":{"alt_text":"cristina2","src":"https:\/\/i0.wp.com\/www.24baires.com\/wp-content\/uploads\/2015\/03\/cristina2.jpg?resize=350%2C200","width":350,"height":200,"srcset":"https:\/\/i0.wp.com\/www.24baires.com\/wp-content\/uploads\/2015\/03\/cristina2.jpg?resize=350%2C200 1x, https:\/\/i0.wp.com\/www.24baires.com\/wp-content\/uploads\/2015\/03\/cristina2.jpg?resize=525%2C300 1.5x"},"classes":[]},{"id":59583,"url":"http:\/\/www.24baires.com\/?p=59583","url_meta":{"origin":57440,"position":2},"title":"Cristina se reunir\u00e1 en Olivos con Capitanich y Zannini","author":"GB","date":"05\/01\/2015","format":false,"excerpt":"Cristina Fern\u00e1ndez de Kirchner mantendr\u00e1 a partir del mediod\u00eda encuentros por separado con el jefe de Gabinete y el secretario Legal y T\u00e9cnico, se inform\u00f3 oficialmente. Los encuentros ser\u00e1n por separado y a partir de las 12 en el gabinete de trabajo de la Presidenta en la residencia de Olivos.\u2026","rel":"","context":"En \u00abPol\u00edtica\u00bb","block_context":{"text":"Pol\u00edtica","link":"http:\/\/www.24baires.com\/?cat=51"},"img":{"alt_text":"vuelta cristina","src":"https:\/\/i0.wp.com\/www.24baires.com\/wp-content\/uploads\/2013\/11\/vuelta-cristina.jpg?resize=350%2C200","width":350,"height":200,"srcset":"https:\/\/i0.wp.com\/www.24baires.com\/wp-content\/uploads\/2013\/11\/vuelta-cristina.jpg?resize=350%2C200 1x, https:\/\/i0.wp.com\/www.24baires.com\/wp-content\/uploads\/2013\/11\/vuelta-cristina.jpg?resize=525%2C300 1.5x"},"classes":[]},{"id":45558,"url":"http:\/\/www.24baires.com\/?p=45558","url_meta":{"origin":57440,"position":3},"title":"Cristina recibir\u00e1 a Capitanich y Kicillof en Olivos","author":"GB","date":"08\/05\/2014","format":false,"excerpt":"Cristina Fern\u00e1ndez de Kirchner recibir\u00e1 al jefe de Gabinete y al ministro de Econom\u00eda por separado en su despacho de la residencia presidencial. La presidenta Cristina Fern\u00e1ndez de Kirchner recibir\u00e1 hoy, en forma separada, al Jefe de Gabinete, Jorge Capitanich, y al ministro de Econom\u00eda, Axel Kicillof. La Presidenta desarrollar\u00e1\u2026","rel":"","context":"En \u00abPol\u00edtica\u00bb","block_context":{"text":"Pol\u00edtica","link":"http:\/\/www.24baires.com\/?cat=51"},"img":{"alt_text":"cristina en tecno","src":"https:\/\/i0.wp.com\/www.24baires.com\/wp-content\/uploads\/2014\/04\/cristina-en-tecno.jpg?resize=350%2C200","width":350,"height":200,"srcset":"https:\/\/i0.wp.com\/www.24baires.com\/wp-content\/uploads\/2014\/04\/cristina-en-tecno.jpg?resize=350%2C200 1x, https:\/\/i0.wp.com\/www.24baires.com\/wp-content\/uploads\/2014\/04\/cristina-en-tecno.jpg?resize=525%2C300 1.5x"},"classes":[]},{"id":63918,"url":"http:\/\/www.24baires.com\/?p=63918","url_meta":{"origin":57440,"position":4},"title":"Cristina recibe en Olivos a de Pedro, Zannini y a Kicillof","author":"GB","date":"06\/04\/2015","format":false,"excerpt":"La presidenta cumplir\u00e1 su actividad oficial en la Residencia de Olivos, donde tiene previsto recibir al secretario general de la Presidencia, al secretario Legal y T\u00e9cnico y m\u00e1s tarde al ministro de Econom\u00eda. La presidenta Cristina Fern\u00e1ndez de Kirchner cumplir\u00e1 esta tarde su actividad oficial en la Residencia de Olivos,\u2026","rel":"","context":"En \u00abPol\u00edtica\u00bb","block_context":{"text":"Pol\u00edtica","link":"http:\/\/www.24baires.com\/?cat=51"},"img":{"alt_text":"cristina kicillof","src":"https:\/\/i0.wp.com\/www.24baires.com\/wp-content\/uploads\/2014\/08\/cristina-kicillof.jpg?resize=350%2C200","width":350,"height":200,"srcset":"https:\/\/i0.wp.com\/www.24baires.com\/wp-content\/uploads\/2014\/08\/cristina-kicillof.jpg?resize=350%2C200 1x, https:\/\/i0.wp.com\/www.24baires.com\/wp-content\/uploads\/2014\/08\/cristina-kicillof.jpg?resize=525%2C300 1.5x"},"classes":[]},{"id":57949,"url":"http:\/\/www.24baires.com\/?p=57949","url_meta":{"origin":57440,"position":5},"title":"Cristina se reunir\u00e1 con Kicillof y Zannini en Olivos","author":"GB","date":"01\/12\/2014","format":false,"excerpt":"Cristina recibir\u00e1 por la tarde al ministro de Econom\u00eda, Axel Kicillof, y al secretario de Legal y T\u00e9cnica, Carlos Zannini, en la residencia presidencial de Olivos, donde realiza su actividad oficial desde la ma\u00f1ana. Adem\u00e1s se inform\u00f3 que esta ma\u00f1ana la Presidenta recibi\u00f3 al secretario general de la Presidencia, Oscar\u2026","rel":"","context":"En \u00abPol\u00edtica\u00bb","block_context":{"text":"Pol\u00edtica","link":"http:\/\/www.24baires.com\/?cat=51"},"img":{"alt_text":"cristina","src":"https:\/\/i0.wp.com\/www.24baires.com\/wp-content\/uploads\/2014\/08\/cristina4.jpg?resize=350%2C200","width":350,"height":200,"srcset":"https:\/\/i0.wp.com\/www.24baires.com\/wp-content\/uploads\/2014\/08\/cristina4.jpg?resize=350%2C200 1x, https:\/\/i0.wp.com\/www.24baires.com\/wp-content\/uploads\/2014\/08\/cristina4.jpg?resize=525%2C300 1.5x"},"classes":[]}],"jetpack_sharing_enabled":true,"jetpack_likes_enabled":true,"jetpack_featured_media_url":"","_links":{"self":[{"href":"http:\/\/www.24baires.com\/index.php?rest_route=\/wp\/v2\/posts\/57440","targetHints":{"allow":["GET"]}}],"collection":[{"href":"http:\/\/www.24baires.com\/index.php?rest_route=\/wp\/v2\/posts"}],"about":[{"href":"http:\/\/www.24baires.com\/index.php?rest_route=\/wp\/v2\/types\/post"}],"author":[{"embeddable":true,"href":"http:\/\/www.24baires.com\/index.php?rest_route=\/wp\/v2\/users\/8"}],"replies":[{"embeddable":true,"href":"http:\/\/www.24baires.com\/index.php?rest_route=%2Fwp%2Fv2%2Fcomments&post=57440"}],"version-history":[{"count":1,"href":"http:\/\/www.24baires.com\/index.php?rest_route=\/wp\/v2\/posts\/57440\/revisions"}],"predecessor-version":[{"id":57441,"href":"http:\/\/www.24baires.com\/index.php?rest_route=\/wp\/v2\/posts\/57440\/revisions\/57441"}],"wp:attachment":[{"href":"http:\/\/www.24baires.com\/index.php?rest_route=%2Fwp%2Fv2%2Fmedia&parent=57440"}],"wp:term":[{"taxonomy":"category","embeddable":true,"href":"http:\/\/www.24baires.com\/index.php?rest_route=%2Fwp%2Fv2%2Fcategories&post=57440"},{"taxonomy":"post_tag","embeddable":true,"href":"http:\/\/www.24baires.com\/index.php?rest_route=%2Fwp%2Fv2%2Ftags&post=57440"}],"curies":[{"name":"wp","href":"https:\/\/api.w.org\/{rel}","templated":true}]}}