{"id":57416,"date":"2014-11-20T12:00:55","date_gmt":"2014-11-20T15:00:55","guid":{"rendered":"http:\/\/www.24baires.com\/?p=57416"},"modified":"2014-11-20T11:02:11","modified_gmt":"2014-11-20T14:02:11","slug":"confirman-que-cristina-retomara-sus-actividades-el-proximo-martes","status":"publish","type":"post","link":"http:\/\/www.24baires.com\/?p=57416","title":{"rendered":"Confirman que Cristina retomar\u00e1 sus actividades el pr\u00f3ximo martes"},"content":{"rendered":"<p><img data-recalc-dims=\"1\" loading=\"lazy\" decoding=\"async\" class=\"aligncenter size-full wp-image-54636\" src=\"https:\/\/i0.wp.com\/www.24baires.com\/wp-content\/uploads\/2014\/10\/cristina23.jpg?resize=560%2C280\" alt=\"cristina23\" width=\"560\" height=\"280\" srcset=\"https:\/\/i0.wp.com\/www.24baires.com\/wp-content\/uploads\/2014\/10\/cristina23.jpg?w=560 560w, https:\/\/i0.wp.com\/www.24baires.com\/wp-content\/uploads\/2014\/10\/cristina23.jpg?resize=300%2C150 300w\" sizes=\"auto, (max-width: 560px) 100vw, 560px\" \/>La presidenta Cristina Kirchner retomar\u00e1 el pr\u00f3ximo martes su agenda p\u00fablica, durante el acto de aniversario de la C\u00e1mara Argentina de la Construcci\u00f3n (CAC), seg\u00fan lo confirm\u00f3 oficialmente el Jefe de Gabinete, Jorge Capitanich.<!--more--><\/p>\n<p>\u00abEfectivamente, est\u00e1 contempalada su presencia de la Presidenta en la convenci\u00f3n de la C\u00e1mara Argentina de la Construcci\u00f3n\u00bb, precis\u00f3 el funcionario.<\/p>\n<p>De este modo, la mandataria recuperada del cuadro de sigmoiditis, que la oblig\u00f3 a estar internada y luego hacer un reposo en la residencia de Olivos, retomar\u00e1 sus actividades.<\/p>\n<p>&nbsp;<\/p>\n<p>&nbsp;<\/p>\n<p>&nbsp;<\/p>\n<p>&nbsp;<\/p>\n<p>&nbsp;<\/p>\n<p>&nbsp;<\/p>\n<p>&nbsp;<\/p>\n<p>&nbsp;<\/p>\n<p>&nbsp;<\/p>\n<p>&nbsp;<\/p>\n<p>&nbsp;<\/p>\n<p>&nbsp;<\/p>\n<p>&nbsp;<\/p>\n<p>&nbsp;<\/p>\n<p>&nbsp;<\/p>\n<p>&nbsp;<\/p>\n<p>&nbsp;<\/p>\n<p>&nbsp;<\/p>\n<p>&nbsp;<\/p>\n<p>&nbsp;<\/p>\n<p>&nbsp;<\/p>\n<p>&nbsp;<\/p>\n<p>&nbsp;<\/p>\n<p>&nbsp;<\/p>\n<p>&nbsp;<\/p>\n","protected":false},"excerpt":{"rendered":"<p>La presidenta Cristina Kirchner retomar\u00e1 el pr\u00f3ximo martes su agenda p\u00fablica, durante el acto de aniversario de la C\u00e1mara Argentina de la Construcci\u00f3n (CAC), seg\u00fan lo confirm\u00f3 oficialmente el Jefe de Gabinete, Jorge Capitanich.<\/p>\n","protected":false},"author":4,"featured_media":0,"comment_status":"open","ping_status":"open","sticky":false,"template":"","format":"standard","meta":{"_jetpack_newsletter_access":"","_jetpack_dont_email_post_to_subs":false,"_jetpack_newsletter_tier_id":0,"_jetpack_memberships_contains_paywalled_content":false,"_jetpack_memberships_contains_paid_content":false,"footnotes":""},"categories":[51],"tags":[],"class_list":["post-57416","post","type-post","status-publish","format-standard","hentry","category-politica"],"jetpack_shortlink":"https:\/\/wp.me\/p2JWE0-eW4","jetpack-related-posts":[{"id":120063,"url":"http:\/\/www.24baires.com\/?p=120063","url_meta":{"origin":57416,"position":0},"title":"\u201cHemos construido 104 mil viviendas y tenemos 140 mil m\u00e1s en construcci\u00f3n\u201d","author":"AF","date":"03\/05\/2023","format":false,"excerpt":"El Presidente encabez\u00f3 la entrega de viviendas en la localidad de Los Altos, donde record\u00f3 que \"ven\u00edamos de una \u00e9poca muy dif\u00edcil\" donde \"a lo largo de 4 a\u00f1os\" la gesti\u00f3n de Cambiemos entreg\u00f3 s\u00f3lo \"14 mil viviendas\", que \"en mayor parte\" hab\u00edan sido iniciadas por la administraci\u00f3n de Cristina\u2026","rel":"","context":"En \u00abPol\u00edtica\u00bb","block_context":{"text":"Pol\u00edtica","link":"http:\/\/www.24baires.com\/?cat=51"},"img":{"alt_text":"","src":"https:\/\/i0.wp.com\/www.24baires.com\/wp-content\/uploads\/2023\/05\/AF-vivienda.jpg?resize=350%2C200","width":350,"height":200,"srcset":"https:\/\/i0.wp.com\/www.24baires.com\/wp-content\/uploads\/2023\/05\/AF-vivienda.jpg?resize=350%2C200 1x, https:\/\/i0.wp.com\/www.24baires.com\/wp-content\/uploads\/2023\/05\/AF-vivienda.jpg?resize=525%2C300 1.5x"},"classes":[]},{"id":35163,"url":"http:\/\/www.24baires.com\/?p=35163","url_meta":{"origin":57416,"position":1},"title":"Desde el lunes Cristina podr\u00e1 estar plenamente reincorporada a su tarea","author":"GB","date":"14\/11\/2013","format":false,"excerpt":"El jefe de Gabinete, Juan Manuel Abal Medina, asegur\u00f3 que \"todos\" aguardan \"con mucha expectativa\" el regreso a sus funciones de la presidenta Cristina Fern\u00e1ndez de Kirchner a partir del pr\u00f3ximo lunes. \"Estamos todos con mucha expectativa. La Presidenta se viene recuperando muy bien y lo que todos queremos es\u2026","rel":"","context":"En \u00abPol\u00edtica\u00bb","block_context":{"text":"Pol\u00edtica","link":"http:\/\/www.24baires.com\/?cat=51"},"img":{"alt_text":"","src":"","width":0,"height":0},"classes":[]},{"id":120726,"url":"http:\/\/www.24baires.com\/?p=120726","url_meta":{"origin":57416,"position":2},"title":"Cristina se despidi\u00f3 de los trabajadores del Senado","author":"AF","date":"05\/12\/2023","format":false,"excerpt":"El encuentro de la Vicepresidenta con trabajadores del Senado de la Naci\u00f3n se realiz\u00f3 este martes en el edificio anexo de la C\u00e1mara alta. Este jueves Cristina Kirchner tomar\u00e1 juramento a los senadores electos y el pr\u00f3ximo domingo abrir\u00e1 la Asamblea Legislativa para la asunci\u00f3n del nuevo gobierno. La vicepresidenta\u2026","rel":"","context":"En \u00abPol\u00edtica\u00bb","block_context":{"text":"Pol\u00edtica","link":"http:\/\/www.24baires.com\/?cat=51"},"img":{"alt_text":"","src":"https:\/\/i0.wp.com\/www.24baires.com\/wp-content\/uploads\/2023\/12\/cfk.jpg?resize=350%2C200","width":350,"height":200,"srcset":"https:\/\/i0.wp.com\/www.24baires.com\/wp-content\/uploads\/2023\/12\/cfk.jpg?resize=350%2C200 1x, https:\/\/i0.wp.com\/www.24baires.com\/wp-content\/uploads\/2023\/12\/cfk.jpg?resize=525%2C300 1.5x, https:\/\/i0.wp.com\/www.24baires.com\/wp-content\/uploads\/2023\/12\/cfk.jpg?resize=700%2C400 2x, https:\/\/i0.wp.com\/www.24baires.com\/wp-content\/uploads\/2023\/12\/cfk.jpg?resize=1050%2C600 3x"},"classes":[]},{"id":122354,"url":"http:\/\/www.24baires.com\/?p=122354","url_meta":{"origin":57416,"position":3},"title":"Kicillof se re\u00fane con intendentes bonaerenses y convoca a marcha por Cristina a Comodoro Py","author":"GB","date":"17\/06\/2025","format":false,"excerpt":"Apremiado por la coyuntura, que le quit\u00f3 protagonismo dentro del \u00e1mbito electoral, el Gobernador intenta retomar su agenda de campa\u00f1a. Este martes, en La Plata, recibir\u00e1 a jefes municipales afines. Adem\u00e1s, sali\u00f3 a respaldar la movilizaci\u00f3n por la ex Presidenta tras el fallo de la Corte Suprema. Axel Kicillof recibir\u00e1\u2026","rel":"","context":"En \u00abProvincia\u00bb","block_context":{"text":"Provincia","link":"http:\/\/www.24baires.com\/?cat=40"},"img":{"alt_text":"","src":"https:\/\/i0.wp.com\/www.24baires.com\/wp-content\/uploads\/2025\/06\/kici-campana.jpeg?resize=350%2C200","width":350,"height":200,"srcset":"https:\/\/i0.wp.com\/www.24baires.com\/wp-content\/uploads\/2025\/06\/kici-campana.jpeg?resize=350%2C200 1x, https:\/\/i0.wp.com\/www.24baires.com\/wp-content\/uploads\/2025\/06\/kici-campana.jpeg?resize=525%2C300 1.5x, https:\/\/i0.wp.com\/www.24baires.com\/wp-content\/uploads\/2025\/06\/kici-campana.jpeg?resize=700%2C400 2x"},"classes":[]},{"id":35001,"url":"http:\/\/www.24baires.com\/?p=35001","url_meta":{"origin":57416,"position":4},"title":"El lunes 18 Cristina retomar\u00e1 sus actividades","author":"GB","date":"11\/11\/2013","format":false,"excerpt":"Lo inform\u00f3 el secretario de Comunicaci\u00f3n P\u00fablica, Alfredo Scoccimarro. La presidenta Cristina Fern\u00e1ndez de Kirchner retomar\u00e1 sus actividades el pr\u00f3ximo lunes 18 de noviembre, tras confirmarse en los \u00faltimos estudios que se le practicaron que presenta un buen estado de salud, ya recuperada de la intervenci\u00f3n quir\u00fargica a la que\u2026","rel":"","context":"En \u00abPol\u00edtica\u00bb","block_context":{"text":"Pol\u00edtica","link":"http:\/\/www.24baires.com\/?cat=51"},"img":{"alt_text":"operacion cristina","src":"https:\/\/i0.wp.com\/www.24baires.com\/wp-content\/uploads\/2013\/10\/operacion-cristina.jpg?resize=350%2C200","width":350,"height":200,"srcset":"https:\/\/i0.wp.com\/www.24baires.com\/wp-content\/uploads\/2013\/10\/operacion-cristina.jpg?resize=350%2C200 1x, https:\/\/i0.wp.com\/www.24baires.com\/wp-content\/uploads\/2013\/10\/operacion-cristina.jpg?resize=525%2C300 1.5x"},"classes":[]},{"id":29195,"url":"http:\/\/www.24baires.com\/?p=29195","url_meta":{"origin":57416,"position":5},"title":"Cristina inaugura una f\u00e1brica en el Parque Industrial de Ca\u00f1uelas","author":"AF","date":"30\/07\/2013","format":false,"excerpt":"Cristina Fern\u00e1ndez de Kirchner asistir\u00e1 hoy a las 17, el acto de inauguraci\u00f3n de la planta Visuar, que fabrica lavarropas bajo licencia de la firma Samsung. La construcci\u00f3n de la planta se inici\u00f3 hace poco m\u00e1s de un a\u00f1o y fue financiada con un Cr\u00e9dito del Bicentenario. Este martes a\u2026","rel":"","context":"En \u00abSociedad\u00bb","block_context":{"text":"Sociedad","link":"http:\/\/www.24baires.com\/?cat=1"},"img":{"alt_text":"","src":"","width":0,"height":0},"classes":[]}],"jetpack_sharing_enabled":true,"jetpack_likes_enabled":true,"jetpack_featured_media_url":"","_links":{"self":[{"href":"http:\/\/www.24baires.com\/index.php?rest_route=\/wp\/v2\/posts\/57416","targetHints":{"allow":["GET"]}}],"collection":[{"href":"http:\/\/www.24baires.com\/index.php?rest_route=\/wp\/v2\/posts"}],"about":[{"href":"http:\/\/www.24baires.com\/index.php?rest_route=\/wp\/v2\/types\/post"}],"author":[{"embeddable":true,"href":"http:\/\/www.24baires.com\/index.php?rest_route=\/wp\/v2\/users\/4"}],"replies":[{"embeddable":true,"href":"http:\/\/www.24baires.com\/index.php?rest_route=%2Fwp%2Fv2%2Fcomments&post=57416"}],"version-history":[{"count":1,"href":"http:\/\/www.24baires.com\/index.php?rest_route=\/wp\/v2\/posts\/57416\/revisions"}],"predecessor-version":[{"id":57417,"href":"http:\/\/www.24baires.com\/index.php?rest_route=\/wp\/v2\/posts\/57416\/revisions\/57417"}],"wp:attachment":[{"href":"http:\/\/www.24baires.com\/index.php?rest_route=%2Fwp%2Fv2%2Fmedia&parent=57416"}],"wp:term":[{"taxonomy":"category","embeddable":true,"href":"http:\/\/www.24baires.com\/index.php?rest_route=%2Fwp%2Fv2%2Fcategories&post=57416"},{"taxonomy":"post_tag","embeddable":true,"href":"http:\/\/www.24baires.com\/index.php?rest_route=%2Fwp%2Fv2%2Ftags&post=57416"}],"curies":[{"name":"wp","href":"https:\/\/api.w.org\/{rel}","templated":true}]}}