{"id":57412,"date":"2014-11-20T11:00:06","date_gmt":"2014-11-20T14:00:06","guid":{"rendered":"http:\/\/www.24baires.com\/?p=57412"},"modified":"2014-11-20T10:32:32","modified_gmt":"2014-11-20T13:32:32","slug":"lunghi-los-intendentes-que-pasaron-de-la-ucr-al-fr-tiraron-la-moral","status":"publish","type":"post","link":"http:\/\/www.24baires.com\/?p=57412","title":{"rendered":"Lunghi: los Intendentes que pasaron de la UCR al FR \u00abtiraron la moral\u00bb"},"content":{"rendered":"<p><img data-recalc-dims=\"1\" loading=\"lazy\" decoding=\"async\" class=\"aligncenter size-full wp-image-399\" src=\"https:\/\/i0.wp.com\/www.24baires.com\/wp-content\/uploads\/2012\/09\/lunghi.jpg?resize=560%2C305\" alt=\"lunghi\" width=\"560\" height=\"305\" srcset=\"https:\/\/i0.wp.com\/www.24baires.com\/wp-content\/uploads\/2012\/09\/lunghi.jpg?w=560 560w, https:\/\/i0.wp.com\/www.24baires.com\/wp-content\/uploads\/2012\/09\/lunghi.jpg?resize=300%2C163 300w\" sizes=\"auto, (max-width: 560px) 100vw, 560px\" \/>El intendente de <strong>Tandil<\/strong>, Miguel Lunghi, critic\u00f3 con dureza a sus pares que pasaron del radicalismo al Frente Renovador que lidera Sergio Massa y asegur\u00f3 que esos dirigentes \u201ctiraron la moral\u201d.<!--more--><\/p>\n<p>\u00abLos alcaldes que se pasaron al Frente Renovador han tirado la moral, yo aclaro que soy radical de cuna y voy a ser radical de tumba. Yo de ah\u00ed no me voy\u201d, sostuvo Lunghi. Y en relaci\u00f3n al diputado Sergio Massa, a\u00f1adi\u00f3 que \u00abla democracia no es saltar de un lado para el otro, no es irse seis meses antes de jefatura de gabinete, salir del barco y hacer el Frente Renovador\u201d.<\/p>\n<p>Por otro lado, el jefe comunal se expres\u00f3 a favor del encuentro nacional que reuni\u00f3 a los referentes radicales en San Fernando donde \u201cratificaron la construcci\u00f3n del Frente Amplio Unen\u201d y sostuvo que \u201cErnesto Sanz me dijo personalmente que \u00e9l no iba a ir con Mauricio Macri\u201d.<\/p>\n<p>En ese sentido, analiz\u00f3 en declaraciones al portal estatal BA Noticias que \u00abes bueno que no haya ninguna modificaci\u00f3n de lo que se pact\u00f3; creo que a la gente hay que darle claridad y transparencia, las decisiones no se pueden cambiar todos los d\u00edas. Sino, la gente no entiende absolutamente nada\u201d.<\/p>\n<p>&nbsp;<\/p>\n<p>&nbsp;<\/p>\n<p>&nbsp;<\/p>\n<p>&nbsp;<\/p>\n<p>&nbsp;<\/p>\n<p>&nbsp;<\/p>\n<p>&nbsp;<\/p>\n<p>&nbsp;<\/p>\n<p>&nbsp;<\/p>\n<p>&nbsp;<\/p>\n<p>&nbsp;<\/p>\n<p>&nbsp;<\/p>\n<p>&nbsp;<\/p>\n<p>&nbsp;<\/p>\n<p>&nbsp;<\/p>\n<p>&nbsp;<\/p>\n","protected":false},"excerpt":{"rendered":"<p>El intendente de Tandil, Miguel Lunghi, critic\u00f3 con dureza a sus pares que pasaron del radicalismo al Frente Renovador que lidera Sergio Massa y asegur\u00f3 que esos dirigentes \u201ctiraron la moral\u201d.<\/p>\n","protected":false},"author":4,"featured_media":0,"comment_status":"open","ping_status":"open","sticky":false,"template":"","format":"standard","meta":{"_jetpack_newsletter_access":"","_jetpack_dont_email_post_to_subs":false,"_jetpack_newsletter_tier_id":0,"_jetpack_memberships_contains_paywalled_content":false,"_jetpack_memberships_contains_paid_content":false,"footnotes":""},"categories":[51],"tags":[],"class_list":["post-57412","post","type-post","status-publish","format-standard","hentry","category-politica"],"jetpack_shortlink":"https:\/\/wp.me\/p2JWE0-eW0","jetpack-related-posts":[{"id":121228,"url":"http:\/\/www.24baires.com\/?p=121228","url_meta":{"origin":57412,"position":0},"title":"La UCR propone regular los precios de medicamentos","author":"GB","date":"15\/04\/2024","format":false,"excerpt":"Intendentes de la UCR liderados por Miguel Lunghi buscan reinstaurar una ley similar a la de Arturo Illia para congelar los precios de los medicamentos, en medio de la creciente dificultad de acceso a los mismos en Argentina. a Uni\u00f3n C\u00edvica Radical (UCR) liderada por Miguel Lunghi, intendente de Tandil,\u2026","rel":"","context":"En \u00abPol\u00edtica\u00bb","block_context":{"text":"Pol\u00edtica","link":"http:\/\/www.24baires.com\/?cat=51"},"img":{"alt_text":"","src":"https:\/\/i0.wp.com\/www.24baires.com\/wp-content\/uploads\/2024\/04\/ucr.webp?resize=350%2C200","width":350,"height":200,"srcset":"https:\/\/i0.wp.com\/www.24baires.com\/wp-content\/uploads\/2024\/04\/ucr.webp?resize=350%2C200 1x, https:\/\/i0.wp.com\/www.24baires.com\/wp-content\/uploads\/2024\/04\/ucr.webp?resize=525%2C300 1.5x, https:\/\/i0.wp.com\/www.24baires.com\/wp-content\/uploads\/2024\/04\/ucr.webp?resize=700%2C400 2x"},"classes":[]},{"id":54933,"url":"http:\/\/www.24baires.com\/?p=54933","url_meta":{"origin":57412,"position":1},"title":"Capitanich: la foto entre Massa y Morales representa un proyecto \u00absin claridad\u00bb","author":"AF","date":"07\/10\/2014","format":false,"excerpt":"El jefe de Gabinete, Jorge Capitanich, sostuvo hoy que el diputado nacional y titular del Frente Renovador y el senador radical y candidato a gobernador de Jujuy carecen de \u201ccapacidad de concretar ideas en acci\u00f3n\u201d. El jefe de Gabinete, Jorge Capitanich, sostuvo hoy que el diputado nacional y titular del\u2026","rel":"","context":"En \u00abPol\u00edtica\u00bb","block_context":{"text":"Pol\u00edtica","link":"http:\/\/www.24baires.com\/?cat=51"},"img":{"alt_text":"capitanich 4","src":"https:\/\/i0.wp.com\/www.24baires.com\/wp-content\/uploads\/2014\/09\/capitanich-4.jpg?resize=350%2C200","width":350,"height":200,"srcset":"https:\/\/i0.wp.com\/www.24baires.com\/wp-content\/uploads\/2014\/09\/capitanich-4.jpg?resize=350%2C200 1x, https:\/\/i0.wp.com\/www.24baires.com\/wp-content\/uploads\/2014\/09\/capitanich-4.jpg?resize=525%2C300 1.5x"},"classes":[]},{"id":44714,"url":"http:\/\/www.24baires.com\/?p=44714","url_meta":{"origin":57412,"position":2},"title":"Massa falt\u00f3 a la Comisi\u00f3n de Narcotr\u00e1fico y lo repudiaron de todos lados","author":"Grupo Sierra","date":"25\/04\/2014","format":false,"excerpt":"Los cuestionamientos llovieron desde todo el arco pol\u00edtico. El diputado y referente del Frente Renovador tuvo un faltazo en la reuni\u00f3n realizada ayer en la Comisi\u00f3n Bicameral de Seguridad Interior y Narcotr\u00e1fico. Legisladores oficialistas y de la propia oposici\u00f3n repudiaron al diputado y referente del Frente Renovador, Sergio Massa, por\u2026","rel":"","context":"En \u00abPol\u00edtica\u00bb","block_context":{"text":"Pol\u00edtica","link":"http:\/\/www.24baires.com\/?cat=51"},"img":{"alt_text":"massa otra","src":"https:\/\/i0.wp.com\/www.24baires.com\/wp-content\/uploads\/2013\/06\/massa-otra.jpg?resize=350%2C200","width":350,"height":200,"srcset":"https:\/\/i0.wp.com\/www.24baires.com\/wp-content\/uploads\/2013\/06\/massa-otra.jpg?resize=350%2C200 1x, https:\/\/i0.wp.com\/www.24baires.com\/wp-content\/uploads\/2013\/06\/massa-otra.jpg?resize=525%2C300 1.5x"},"classes":[]},{"id":116229,"url":"http:\/\/www.24baires.com\/?p=116229","url_meta":{"origin":57412,"position":3},"title":"Confirman que Tandil duplic\u00f3 sus casos de Covid-19","author":"GB","date":"15\/09\/2020","format":false,"excerpt":"Tras rebelarse con la Provincia, el jefe comunal sufre un pico de contagios en su distrito. El resultado de autoexcluirse del sistema de fases que implement\u00f3 el Gobierno nacional y provincial de la provincia en el marco de la pandemia del COVID-19, le jug\u00f3 una mala pasada al intendente Migu\u00e9l\u2026","rel":"","context":"En \u00abMunicipios\u00bb","block_context":{"text":"Municipios","link":"http:\/\/www.24baires.com\/?cat=44"},"img":{"alt_text":"","src":"https:\/\/i0.wp.com\/www.24baires.com\/wp-content\/uploads\/2020\/09\/20200915103421_lunghi.jpg?resize=350%2C200","width":350,"height":200,"srcset":"https:\/\/i0.wp.com\/www.24baires.com\/wp-content\/uploads\/2020\/09\/20200915103421_lunghi.jpg?resize=350%2C200 1x, https:\/\/i0.wp.com\/www.24baires.com\/wp-content\/uploads\/2020\/09\/20200915103421_lunghi.jpg?resize=525%2C300 1.5x"},"classes":[]},{"id":110749,"url":"http:\/\/www.24baires.com\/?p=110749","url_meta":{"origin":57412,"position":4},"title":"Massa se sum\u00f3 al frente opositor de Alberto y Cristina","author":"AF","date":"11\/06\/2019","format":false,"excerpt":"Despu\u00e9s de largas idas y vueltas, el l\u00edder del Frente Renovador acord\u00f3 una serie de puntos con el kirchnerismo y ser\u00e1 parte del armado con el que el PJ enfrentar\u00e1 a Cambiemos en las elecciones. A un d\u00eda del cierre de alianzas electorales, el frente pol\u00edtico que lideran Alberto Fern\u00e1nez\u2026","rel":"","context":"En \u00abPol\u00edtica\u00bb","block_context":{"text":"Pol\u00edtica","link":"http:\/\/www.24baires.com\/?cat=51"},"img":{"alt_text":"","src":"https:\/\/i0.wp.com\/www.24baires.com\/wp-content\/uploads\/2019\/06\/fern%C3%A1ndez-massa.png?resize=350%2C200","width":350,"height":200,"srcset":"https:\/\/i0.wp.com\/www.24baires.com\/wp-content\/uploads\/2019\/06\/fern%C3%A1ndez-massa.png?resize=350%2C200 1x, https:\/\/i0.wp.com\/www.24baires.com\/wp-content\/uploads\/2019\/06\/fern%C3%A1ndez-massa.png?resize=525%2C300 1.5x"},"classes":[]},{"id":56845,"url":"http:\/\/www.24baires.com\/?p=56845","url_meta":{"origin":57412,"position":5},"title":"Posse dispar\u00f3 contra la familia de Massa","author":"AF","date":"09\/11\/2014","format":false,"excerpt":"\"Massa tiene un problema a resolver: la gente que forma parte de su familia\", advirti\u00f3 el intendente del partido bonaerense de San Isidro, quien hab\u00eda anunciado que se postular\u00eda por otro partido. Tras amenazar con postularse a gobernador por otro partido, el intendente de San Isidro, Gustavo Posse, tom\u00f3 hoy\u2026","rel":"","context":"En \u00abPol\u00edtica\u00bb","block_context":{"text":"Pol\u00edtica","link":"http:\/\/www.24baires.com\/?cat=51"},"img":{"alt_text":"gustavo posse","src":"https:\/\/i0.wp.com\/www.24baires.com\/wp-content\/uploads\/2014\/10\/gustavo-posse.jpg?resize=350%2C200","width":350,"height":200,"srcset":"https:\/\/i0.wp.com\/www.24baires.com\/wp-content\/uploads\/2014\/10\/gustavo-posse.jpg?resize=350%2C200 1x, https:\/\/i0.wp.com\/www.24baires.com\/wp-content\/uploads\/2014\/10\/gustavo-posse.jpg?resize=525%2C300 1.5x"},"classes":[]}],"jetpack_sharing_enabled":true,"jetpack_likes_enabled":true,"jetpack_featured_media_url":"","_links":{"self":[{"href":"http:\/\/www.24baires.com\/index.php?rest_route=\/wp\/v2\/posts\/57412","targetHints":{"allow":["GET"]}}],"collection":[{"href":"http:\/\/www.24baires.com\/index.php?rest_route=\/wp\/v2\/posts"}],"about":[{"href":"http:\/\/www.24baires.com\/index.php?rest_route=\/wp\/v2\/types\/post"}],"author":[{"embeddable":true,"href":"http:\/\/www.24baires.com\/index.php?rest_route=\/wp\/v2\/users\/4"}],"replies":[{"embeddable":true,"href":"http:\/\/www.24baires.com\/index.php?rest_route=%2Fwp%2Fv2%2Fcomments&post=57412"}],"version-history":[{"count":1,"href":"http:\/\/www.24baires.com\/index.php?rest_route=\/wp\/v2\/posts\/57412\/revisions"}],"predecessor-version":[{"id":57413,"href":"http:\/\/www.24baires.com\/index.php?rest_route=\/wp\/v2\/posts\/57412\/revisions\/57413"}],"wp:attachment":[{"href":"http:\/\/www.24baires.com\/index.php?rest_route=%2Fwp%2Fv2%2Fmedia&parent=57412"}],"wp:term":[{"taxonomy":"category","embeddable":true,"href":"http:\/\/www.24baires.com\/index.php?rest_route=%2Fwp%2Fv2%2Fcategories&post=57412"},{"taxonomy":"post_tag","embeddable":true,"href":"http:\/\/www.24baires.com\/index.php?rest_route=%2Fwp%2Fv2%2Ftags&post=57412"}],"curies":[{"name":"wp","href":"https:\/\/api.w.org\/{rel}","templated":true}]}}