{"id":57406,"date":"2014-11-20T10:00:58","date_gmt":"2014-11-20T13:00:58","guid":{"rendered":"http:\/\/www.24baires.com\/?p=57406"},"modified":"2014-11-21T10:14:14","modified_gmt":"2014-11-21T13:14:14","slug":"es-una-contradiccion-de-la-oposicion-que-se-niegue-a-cumplir-con-la-constitucion","status":"publish","type":"post","link":"http:\/\/www.24baires.com\/?p=57406","title":{"rendered":"\u201cEs una contradicci\u00f3n de la oposici\u00f3n que se niegue a cumplir con la Constituci\u00f3n\u00bb"},"content":{"rendered":"<p><img data-recalc-dims=\"1\" loading=\"lazy\" decoding=\"async\" class=\"aligncenter size-full wp-image-53422\" src=\"https:\/\/i0.wp.com\/www.24baires.com\/wp-content\/uploads\/2014\/09\/capitanich1.jpg?resize=560%2C420\" alt=\"capitanich\" width=\"560\" height=\"420\" srcset=\"https:\/\/i0.wp.com\/www.24baires.com\/wp-content\/uploads\/2014\/09\/capitanich1.jpg?w=560 560w, https:\/\/i0.wp.com\/www.24baires.com\/wp-content\/uploads\/2014\/09\/capitanich1.jpg?resize=300%2C225 300w\" sizes=\"auto, (max-width: 560px) 100vw, 560px\" \/>El jefe de Gabinete, Jorge Capitanich, lament\u00f3 las expresiones de la oposici\u00f3n que se manifest\u00f3 en contra de la elecci\u00f3n de un nuevo miembro de la Corte Suprema de Justicia.<!--more--><\/p>\n<p>\u201cLamentamos esas expresiones porque son contradictorias con lo que siempre han pregonado, que es la defensa de la calidad institucional\u201d, dijo el jefe de ministros en su habitual conferencia de prensa en la Casa Rosada.<\/p>\n<p>\u201cEs una contradicci\u00f3n inexplicable que el arco opositor se niegue a cumplir con la Constituci\u00f3n\u201d, afirm\u00f3, y agreg\u00f3 que \u201cno pueden y no deben tener una conducta especulativa\u201d ya que \u201cest\u00e1 establecido el procedimiento que se debe seguir para el nombramiento de un nuevo miembro\u201d del alto tribunal.<\/p>\n<p>Capitanich tambi\u00e9n dijo que \u201cel pueblo argentino se merece conductas coherentes, pero no me cabe la menor duda de que cuando uno observa la experiencia de sus gobiernos, en las distintas provincias, todo lo que dicen lo desmienten ah\u00ed, porque violan cualquier indicio de calidad institucional\u201d.<\/p>\n","protected":false},"excerpt":{"rendered":"<p>El jefe de Gabinete, Jorge Capitanich, lament\u00f3 las expresiones de la oposici\u00f3n que se manifest\u00f3 en contra de la elecci\u00f3n de un nuevo miembro de la Corte Suprema de Justicia.<\/p>\n","protected":false},"author":4,"featured_media":0,"comment_status":"open","ping_status":"open","sticky":false,"template":"","format":"standard","meta":{"_jetpack_newsletter_access":"","_jetpack_dont_email_post_to_subs":false,"_jetpack_newsletter_tier_id":0,"_jetpack_memberships_contains_paywalled_content":false,"_jetpack_memberships_contains_paid_content":false,"footnotes":""},"categories":[51],"tags":[],"class_list":["post-57406","post","type-post","status-publish","format-standard","hentry","category-politica"],"jetpack_shortlink":"https:\/\/wp.me\/p2JWE0-eVU","jetpack-related-posts":[{"id":100442,"url":"http:\/\/www.24baires.com\/?p=100442","url_meta":{"origin":57406,"position":0},"title":"CFK: \u00abEl \u00fanico argumento es la persecuci\u00f3n pol\u00edtica\u00bb","author":"AF","date":"08\/02\/2018","format":false,"excerpt":"La ex presidenta atribuy\u00f3 la denuncia por \"da\u00f1os y perjuicios\" por 22.500 millones pesos de Javier Iguacel, titular de Vialidad, a la campa\u00f1a instrumentada en su contra por el Gobierno. Marc\u00f3 las contradicciones de la presentaci\u00f3n judicial y pidi\u00f3 que se cite como testigos a todos los que fueron jefes\u2026","rel":"","context":"En \u00abPol\u00edtica\u00bb","block_context":{"text":"Pol\u00edtica","link":"http:\/\/www.24baires.com\/?cat=51"},"img":{"alt_text":"","src":"https:\/\/i0.wp.com\/www.24baires.com\/wp-content\/uploads\/2017\/09\/cristina.jpg?resize=350%2C200","width":350,"height":200,"srcset":"https:\/\/i0.wp.com\/www.24baires.com\/wp-content\/uploads\/2017\/09\/cristina.jpg?resize=350%2C200 1x, https:\/\/i0.wp.com\/www.24baires.com\/wp-content\/uploads\/2017\/09\/cristina.jpg?resize=525%2C300 1.5x"},"classes":[]},{"id":56462,"url":"http:\/\/www.24baires.com\/?p=56462","url_meta":{"origin":57406,"position":1},"title":"\u201cParece que existiera un acuerdo t\u00e1cito entre algunos miembros de la Corte con la oposici\u00f3n\u201d","author":"AF","date":"03\/11\/2014","format":false,"excerpt":"El jefe de Gabinete afirm\u00f3 que \u201cparece que existiera un acuerdo t\u00e1cito\u201d para impedir el nombramiento de miembros en el m\u00e1ximo tribunal y record\u00f3 que el \u201cPoder Judicial tiene el mayor presupuesto de su historia\u201d. \"Pareciera que hay un acuerdo t\u00e1cito entre algunos miembros de la Corte con la oposic\u00f3n\u2026","rel":"","context":"En \u00abPol\u00edtica\u00bb","block_context":{"text":"Pol\u00edtica","link":"http:\/\/www.24baires.com\/?cat=51"},"img":{"alt_text":"capitanich 4","src":"https:\/\/i0.wp.com\/www.24baires.com\/wp-content\/uploads\/2014\/09\/capitanich-4.jpg?resize=350%2C200","width":350,"height":200,"srcset":"https:\/\/i0.wp.com\/www.24baires.com\/wp-content\/uploads\/2014\/09\/capitanich-4.jpg?resize=350%2C200 1x, https:\/\/i0.wp.com\/www.24baires.com\/wp-content\/uploads\/2014\/09\/capitanich-4.jpg?resize=525%2C300 1.5x"},"classes":[]},{"id":57349,"url":"http:\/\/www.24baires.com\/?p=57349","url_meta":{"origin":57406,"position":2},"title":"Capitanich: \u00abBarrios de Pie no es un movimiento social, sino una agrupaci\u00f3n pol\u00edtica\u00bb","author":"AF","date":"19\/11\/2014","format":false,"excerpt":"El jefe de Gabinete afirm\u00f3 que la organizaci\u00f3n mantiene \"una alianza con el socialismo\" que lidera el diputado nacional Hermes Binner y adem\u00e1s subray\u00f3 que \u201cconstituye una acci\u00f3n de oposici\u00f3n sistem\u00e1tica\u201d. Lo expres\u00f3 en su habitual encuentro con los periodistas acreditados en la casa de Gobierno, al ser consultado ante\u2026","rel":"","context":"En \u00abPol\u00edtica\u00bb","block_context":{"text":"Pol\u00edtica","link":"http:\/\/www.24baires.com\/?cat=51"},"img":{"alt_text":"capitanich","src":"https:\/\/i0.wp.com\/www.24baires.com\/wp-content\/uploads\/2014\/09\/capitanich1.jpg?resize=350%2C200","width":350,"height":200,"srcset":"https:\/\/i0.wp.com\/www.24baires.com\/wp-content\/uploads\/2014\/09\/capitanich1.jpg?resize=350%2C200 1x, https:\/\/i0.wp.com\/www.24baires.com\/wp-content\/uploads\/2014\/09\/capitanich1.jpg?resize=525%2C300 1.5x"},"classes":[]},{"id":56912,"url":"http:\/\/www.24baires.com\/?p=56912","url_meta":{"origin":57406,"position":3},"title":"\u00abGriesa remarca una vez m\u00e1s su parcialidad a favor de los fondos buitre\u00bb","author":"AF","date":"11\/11\/2014","format":false,"excerpt":"El jefe de Gabinete, Jorge Capitanich, se refiri\u00f3 as\u00ed al fallo del juez norteamericano que autoriz\u00f3 al Citibank a pagar t\u00edtulos bajo legislaci\u00f3n argentina por 85 millones de d\u00f3lares. El jefe de Gabinete, Jorge Capitanich, consider\u00f3 hoy que el fallo del juez norteamericano Thomas Griesa que autoriz\u00f3 al Citibank a\u2026","rel":"","context":"En \u00abEconom\u00eda\u00bb","block_context":{"text":"Econom\u00eda","link":"http:\/\/www.24baires.com\/?cat=45"},"img":{"alt_text":"capitanich 4","src":"https:\/\/i0.wp.com\/www.24baires.com\/wp-content\/uploads\/2014\/09\/capitanich-4.jpg?resize=350%2C200","width":350,"height":200,"srcset":"https:\/\/i0.wp.com\/www.24baires.com\/wp-content\/uploads\/2014\/09\/capitanich-4.jpg?resize=350%2C200 1x, https:\/\/i0.wp.com\/www.24baires.com\/wp-content\/uploads\/2014\/09\/capitanich-4.jpg?resize=525%2C300 1.5x"},"classes":[]},{"id":56981,"url":"http:\/\/www.24baires.com\/?p=56981","url_meta":{"origin":57406,"position":4},"title":"\u00abLa oposici\u00f3n no ofrece ninguna alternativa confiable\u00bb, asegur\u00f3 Capitanich","author":"AF","date":"12\/11\/2014","format":false,"excerpt":"El jefe de Gabinete se\u00f1al\u00f3 que \"en primer lugar no est\u00e1 claro su mensaje pol\u00edtco, ya que un d\u00eda dicen una cosa y otro d\u00eda, otra\u201d. Al tiempo que enfatiz\u00f3 que carece de \u201cproyectos pol\u00edticos\u201d. \"Un d\u00eda dicen que van a derogar todo, el otro d\u00eda respaldan al gobierno, otro\u2026","rel":"","context":"En \u00abPol\u00edtica\u00bb","block_context":{"text":"Pol\u00edtica","link":"http:\/\/www.24baires.com\/?cat=51"},"img":{"alt_text":"capitanich","src":"https:\/\/i0.wp.com\/www.24baires.com\/wp-content\/uploads\/2014\/09\/capitanich1.jpg?resize=350%2C200","width":350,"height":200,"srcset":"https:\/\/i0.wp.com\/www.24baires.com\/wp-content\/uploads\/2014\/09\/capitanich1.jpg?resize=350%2C200 1x, https:\/\/i0.wp.com\/www.24baires.com\/wp-content\/uploads\/2014\/09\/capitanich1.jpg?resize=525%2C300 1.5x"},"classes":[]},{"id":116123,"url":"http:\/\/www.24baires.com\/?p=116123","url_meta":{"origin":57406,"position":5},"title":"\u00abLa Argentina central que tiene periferias no se puede tolerar m\u00e1s\u00bb","author":"AF","date":"01\/09\/2020","format":false,"excerpt":"El Presidente encabez\u00f3 la firma de convenios con el gobernador de Chaco, Jorge Capitanich. En ese marco, defendi\u00f3 el acceso a la conectividad y al conocimiento en todo el pa\u00eds. El presidente Alberto Fern\u00e1ndez reafirm\u00f3 que \"la Argentina central, que tiene dos periferias, al norte y a sur del pa\u00eds,\u2026","rel":"","context":"En \u00abPol\u00edtica\u00bb","block_context":{"text":"Pol\u00edtica","link":"http:\/\/www.24baires.com\/?cat=51"},"img":{"alt_text":"","src":"https:\/\/i0.wp.com\/www.24baires.com\/wp-content\/uploads\/2020\/09\/fern%C3%A1ndez-capitanich.jpg?resize=350%2C200","width":350,"height":200,"srcset":"https:\/\/i0.wp.com\/www.24baires.com\/wp-content\/uploads\/2020\/09\/fern%C3%A1ndez-capitanich.jpg?resize=350%2C200 1x, https:\/\/i0.wp.com\/www.24baires.com\/wp-content\/uploads\/2020\/09\/fern%C3%A1ndez-capitanich.jpg?resize=525%2C300 1.5x"},"classes":[]}],"jetpack_sharing_enabled":true,"jetpack_likes_enabled":true,"jetpack_featured_media_url":"","_links":{"self":[{"href":"http:\/\/www.24baires.com\/index.php?rest_route=\/wp\/v2\/posts\/57406","targetHints":{"allow":["GET"]}}],"collection":[{"href":"http:\/\/www.24baires.com\/index.php?rest_route=\/wp\/v2\/posts"}],"about":[{"href":"http:\/\/www.24baires.com\/index.php?rest_route=\/wp\/v2\/types\/post"}],"author":[{"embeddable":true,"href":"http:\/\/www.24baires.com\/index.php?rest_route=\/wp\/v2\/users\/4"}],"replies":[{"embeddable":true,"href":"http:\/\/www.24baires.com\/index.php?rest_route=%2Fwp%2Fv2%2Fcomments&post=57406"}],"version-history":[{"count":1,"href":"http:\/\/www.24baires.com\/index.php?rest_route=\/wp\/v2\/posts\/57406\/revisions"}],"predecessor-version":[{"id":57407,"href":"http:\/\/www.24baires.com\/index.php?rest_route=\/wp\/v2\/posts\/57406\/revisions\/57407"}],"wp:attachment":[{"href":"http:\/\/www.24baires.com\/index.php?rest_route=%2Fwp%2Fv2%2Fmedia&parent=57406"}],"wp:term":[{"taxonomy":"category","embeddable":true,"href":"http:\/\/www.24baires.com\/index.php?rest_route=%2Fwp%2Fv2%2Fcategories&post=57406"},{"taxonomy":"post_tag","embeddable":true,"href":"http:\/\/www.24baires.com\/index.php?rest_route=%2Fwp%2Fv2%2Ftags&post=57406"}],"curies":[{"name":"wp","href":"https:\/\/api.w.org\/{rel}","templated":true}]}}