{"id":57404,"date":"2014-11-19T22:00:16","date_gmt":"2014-11-20T01:00:16","guid":{"rendered":"http:\/\/www.24baires.com\/?p=57404"},"modified":"2014-11-19T21:14:51","modified_gmt":"2014-11-20T00:14:51","slug":"collia-sale-al-juego-con-la-carrillo","status":"publish","type":"post","link":"http:\/\/www.24baires.com\/?p=57404","title":{"rendered":"Collia sale al juego con \u00abLa Carrillo\u00bb"},"content":{"rendered":"<p><img data-recalc-dims=\"1\" loading=\"lazy\" decoding=\"async\" class=\"aligncenter size-full wp-image-4291\" src=\"https:\/\/i0.wp.com\/www.24baires.com\/wp-content\/uploads\/2012\/11\/Collia.jpg?resize=560%2C371\" alt=\"Collia\" width=\"560\" height=\"371\" srcset=\"https:\/\/i0.wp.com\/www.24baires.com\/wp-content\/uploads\/2012\/11\/Collia.jpg?w=560 560w, https:\/\/i0.wp.com\/www.24baires.com\/wp-content\/uploads\/2012\/11\/Collia.jpg?resize=300%2C198 300w\" sizes=\"auto, (max-width: 560px) 100vw, 560px\" \/>Con la presencia del gobernador Scioli, intendentes y legisladores se lanz\u00f3 el movimiento \u00abRam\u00f3n Carrillo\u00bb, que se replicar\u00e1 el 3 de diciembre en San Juan<!--more--><\/p>\n<p>Finalmente, el movimiento Ram\u00f3n Carrillo realiz\u00f3, en el Museo \u201c17 de Octubre\u201d de San Vicente, su acto inaugural en pos de apoyar la precandidatura de Daniel Scioli.<\/p>\n<p>Con el Gobernador y el ministro de Salud, Alejandro Collia, la ministra de Gobierno, Cristina \u00c1lvarez Rodr\u00edguez, el ministro de Infraestructura, Alejandro Arl\u00eda, el secretario general de la Gobernaci\u00f3n, Mart\u00edn Ferr\u00e9, y el secretario de Servicios P\u00fablicos, Franco La Porta, liderando el acto se dio pie a una serie de eventos que continuar\u00e1n en San Juan el 3 de diciembre.<\/p>\n<p>Entre los presentes, estuvieron los intendentes de Tres de Febrero, Hugo Curto, Florencio Varela, Julio Pereyra, Ca\u00f1uelas, Gustavo Arrieta, Ranchos, Juan carlos Veramendi, Berisso, Quique Slezack, San Vicente, Osvaldo Di Sabatino, y los legisladores Luis Arias, Oscar Sicco,<\/p>\n<p>Tambien formaron parte del lanzamiento el senador Marcelo Carignani. El ex intendente de San Nicolas fue uno de los mas saludados y al que le solicitaron la renovaci\u00f3n de la banca. Junto a \u00e9l ademas estuvo el ex oro ol\u00edmpico y legislador, Juan Curutchet.<\/p>\n<p>Entre sus metas, el nuevo Movimiento se propone llevar a todo el pa\u00eds las innovaciones producidas en la provincia de Buenos Aires, como la implementaci\u00f3n de las Unidades de Pronta Atenci\u00f3n (UPA 24 horas), el plan de formaci\u00f3n de enfermeros profesionales y el fortalecimiento de la Atenci\u00f3n Primaria, basada en la prevenci\u00f3n y promoci\u00f3n de h\u00e1bitos saludables.<\/p>\n<p>&nbsp;<\/p>\n<p>&nbsp;<\/p>\n<p>&nbsp;<\/p>\n<p>&nbsp;<\/p>\n","protected":false},"excerpt":{"rendered":"<p>Con la presencia del gobernador Scioli, intendentes y legisladores se lanz\u00f3 el movimiento \u00abRam\u00f3n Carrillo\u00bb, que se replicar\u00e1 el 3 de diciembre en San Juan<\/p>\n","protected":false},"author":11,"featured_media":0,"comment_status":"open","ping_status":"open","sticky":false,"template":"","format":"standard","meta":{"_jetpack_newsletter_access":"","_jetpack_dont_email_post_to_subs":false,"_jetpack_newsletter_tier_id":0,"_jetpack_memberships_contains_paywalled_content":false,"_jetpack_memberships_contains_paid_content":false,"footnotes":""},"categories":[51],"tags":[],"class_list":["post-57404","post","type-post","status-publish","format-standard","hentry","category-politica"],"jetpack_shortlink":"https:\/\/wp.me\/p2JWE0-eVS","jetpack-related-posts":[{"id":33675,"url":"http:\/\/www.24baires.com\/?p=33675","url_meta":{"origin":57404,"position":0},"title":"Mejoras en la guardia del Hospital Carrillo de Ciudadela","author":"AF","date":"17\/10\/2013","format":false,"excerpt":"El ministro de Salud bonaerense dijo que se pone a disposici\u00f3n de la comunidad \u201cequipamiento de \u00faltima generaci\u00f3n y un modelo distinto de gesti\u00f3n\u201d. Con la presencia del gobernador Daniel Scioli, el ministro de Salud Alejandro Collia y el intendente de Tres de Febrero, Hugo Curto, se inaugura la nueva\u2026","rel":"","context":"En \u00abLocales\u00bb","block_context":{"text":"Locales","link":"http:\/\/www.24baires.com\/?cat=38"},"img":{"alt_text":"","src":"","width":0,"height":0},"classes":[]},{"id":101122,"url":"http:\/\/www.24baires.com\/?p=101122","url_meta":{"origin":57404,"position":1},"title":"Indagar\u00e1n a Scioli por irregularidades en la construcci\u00f3n de las UPA 24","author":"AF","date":"17\/03\/2018","format":false,"excerpt":"El ex gobernador Daniel Scioli y quien fuera su ministro de Salud, Alejandro Collia, fueron imputados y citados a prestar declaraci\u00f3n indagatoria en el marco de una causa que investiga presuntas irregularidades en la adjudicaci\u00f3n de ocho Unidades de Pronta Atenci\u00f3n (UPA 24) para las que se destinaron m\u00e1s de\u2026","rel":"","context":"En \u00abJUDICIALES\u00bb","block_context":{"text":"JUDICIALES","link":"http:\/\/www.24baires.com\/?cat=68"},"img":{"alt_text":"","src":"https:\/\/i0.wp.com\/www.24baires.com\/wp-content\/uploads\/2014\/05\/Daniel-Scioli.jpg?resize=350%2C200","width":350,"height":200,"srcset":"https:\/\/i0.wp.com\/www.24baires.com\/wp-content\/uploads\/2014\/05\/Daniel-Scioli.jpg?resize=350%2C200 1x, https:\/\/i0.wp.com\/www.24baires.com\/wp-content\/uploads\/2014\/05\/Daniel-Scioli.jpg?resize=525%2C300 1.5x"},"classes":[]},{"id":44761,"url":"http:\/\/www.24baires.com\/?p=44761","url_meta":{"origin":57404,"position":2},"title":"San Vicente: m\u00e1s de 30 chicos se intoxicaron en una escuela","author":"GB","date":"26\/04\/2014","format":false,"excerpt":"Alumnos de la escuela primaria N\u00ba4 y del secundario anexo de ese establecimiento se intoxicaron y fueron trasladados al hospital Ram\u00f3n Carrillo. Aunque es prematuro emitir un pron\u00f3stico sobre cu\u00e1les fueron las causas, desde el Municipio manifestaron que las intoxicaciones se podr\u00edan haber dado por \"alimentos consumidos en el almuerzo\".\u2026","rel":"","context":"En \u00abLocales\u00bb","block_context":{"text":"Locales","link":"http:\/\/www.24baires.com\/?cat=38"},"img":{"alt_text":"san vicenet","src":"https:\/\/i0.wp.com\/www.24baires.com\/wp-content\/uploads\/2014\/04\/san-vicenet-300x190.jpg?resize=350%2C200","width":350,"height":200},"classes":[]},{"id":119426,"url":"http:\/\/www.24baires.com\/?p=119426","url_meta":{"origin":57404,"position":3},"title":"\u00abEs tiempo de estar m\u00e1s unidos que nunca\u00bb","author":"AF","date":"11\/10\/2022","format":false,"excerpt":"El Presidente inaugur\u00f3 el nuevo edificio del Hospital \"Dr. Ram\u00f3n Carrillo\" acompa\u00f1ado por la ministra de Salud, Carla Vizzotti, el ministro de Obras P\u00fablicas, Gabriel Katopodis, y por el gobernador, Omar Guti\u00e9rrez. El presidente Alberto Fern\u00e1ndez advirti\u00f3 este martes que no es posible darse \"el lujo de estar enfrentados, postergando\u2026","rel":"","context":"En \u00abPol\u00edtica\u00bb","block_context":{"text":"Pol\u00edtica","link":"http:\/\/www.24baires.com\/?cat=51"},"img":{"alt_text":"","src":"https:\/\/i0.wp.com\/www.24baires.com\/wp-content\/uploads\/2022\/10\/6345c7f66712c_900.jpg?resize=350%2C200","width":350,"height":200,"srcset":"https:\/\/i0.wp.com\/www.24baires.com\/wp-content\/uploads\/2022\/10\/6345c7f66712c_900.jpg?resize=350%2C200 1x, https:\/\/i0.wp.com\/www.24baires.com\/wp-content\/uploads\/2022\/10\/6345c7f66712c_900.jpg?resize=525%2C300 1.5x, https:\/\/i0.wp.com\/www.24baires.com\/wp-content\/uploads\/2022\/10\/6345c7f66712c_900.jpg?resize=700%2C400 2x"},"classes":[]},{"id":31948,"url":"http:\/\/www.24baires.com\/?p=31948","url_meta":{"origin":57404,"position":4},"title":"Collia inaugur\u00f3 un piso \u00abmodelo\u00bb para internaci\u00f3n en el Hospital Alende de Mar del Plata","author":"AF","date":"16\/09\/2013","format":false,"excerpt":"Con la presencia del ministro de Salud de la provincia de Buenos Aires, Alejandro Collia, qued\u00f3 inaugurado este jueves, el cuarto piso del Hospital Interzonal General de Agudos (HIGA) \u201cDr.Oscar Alende\u201d de la ciudad de Mar del Plata. Junto a la directora del nosocomio, Susana Gom\u00e9z, Collia expres\u00f3 su satisfacci\u00f3n\u2026","rel":"","context":"En \u00abLocales\u00bb","block_context":{"text":"Locales","link":"http:\/\/www.24baires.com\/?cat=38"},"img":{"alt_text":"collia adela gomez","src":"https:\/\/i0.wp.com\/www.24baires.com\/wp-content\/uploads\/2013\/09\/collia-adela-gomez-300x199.jpg?resize=350%2C200","width":350,"height":200},"classes":[]},{"id":38780,"url":"http:\/\/www.24baires.com\/?p=38780","url_meta":{"origin":57404,"position":5},"title":"Scioli convoc\u00f3 a \u00abseguir defendiendo el proyecto\u00bb a una docena de Intendentes","author":"Grupo Sierra","date":"18\/01\/2014","format":false,"excerpt":"El gobernador Daniel Scioli inst\u00f3 a una docena de intendentes y legisladores a mantener una impronta de \"organizados y movilizados\", en el marco de una reuni\u00f3n de trabajo con eje en agenda de gesti\u00f3n para el a\u00f1o en curso. Lo acompa\u00f1\u00f3 el vicegobernador Gabriel Mariotto. Acompa\u00f1ado por el vicegobernador Gabriel\u2026","rel":"","context":"En \u00abPol\u00edtica\u00bb","block_context":{"text":"Pol\u00edtica","link":"http:\/\/www.24baires.com\/?cat=51"},"img":{"alt_text":"scioli","src":"https:\/\/i0.wp.com\/www.24baires.com\/wp-content\/uploads\/2013\/08\/scioli.jpg?resize=350%2C200","width":350,"height":200,"srcset":"https:\/\/i0.wp.com\/www.24baires.com\/wp-content\/uploads\/2013\/08\/scioli.jpg?resize=350%2C200 1x, https:\/\/i0.wp.com\/www.24baires.com\/wp-content\/uploads\/2013\/08\/scioli.jpg?resize=525%2C300 1.5x"},"classes":[]}],"jetpack_sharing_enabled":true,"jetpack_likes_enabled":true,"jetpack_featured_media_url":"","_links":{"self":[{"href":"http:\/\/www.24baires.com\/index.php?rest_route=\/wp\/v2\/posts\/57404","targetHints":{"allow":["GET"]}}],"collection":[{"href":"http:\/\/www.24baires.com\/index.php?rest_route=\/wp\/v2\/posts"}],"about":[{"href":"http:\/\/www.24baires.com\/index.php?rest_route=\/wp\/v2\/types\/post"}],"author":[{"embeddable":true,"href":"http:\/\/www.24baires.com\/index.php?rest_route=\/wp\/v2\/users\/11"}],"replies":[{"embeddable":true,"href":"http:\/\/www.24baires.com\/index.php?rest_route=%2Fwp%2Fv2%2Fcomments&post=57404"}],"version-history":[{"count":1,"href":"http:\/\/www.24baires.com\/index.php?rest_route=\/wp\/v2\/posts\/57404\/revisions"}],"predecessor-version":[{"id":57405,"href":"http:\/\/www.24baires.com\/index.php?rest_route=\/wp\/v2\/posts\/57404\/revisions\/57405"}],"wp:attachment":[{"href":"http:\/\/www.24baires.com\/index.php?rest_route=%2Fwp%2Fv2%2Fmedia&parent=57404"}],"wp:term":[{"taxonomy":"category","embeddable":true,"href":"http:\/\/www.24baires.com\/index.php?rest_route=%2Fwp%2Fv2%2Fcategories&post=57404"},{"taxonomy":"post_tag","embeddable":true,"href":"http:\/\/www.24baires.com\/index.php?rest_route=%2Fwp%2Fv2%2Ftags&post=57404"}],"curies":[{"name":"wp","href":"https:\/\/api.w.org\/{rel}","templated":true}]}}