{"id":57392,"date":"2014-11-19T19:35:42","date_gmt":"2014-11-19T22:35:42","guid":{"rendered":"http:\/\/www.24baires.com\/?p=57392"},"modified":"2014-11-19T19:35:42","modified_gmt":"2014-11-19T22:35:42","slug":"macri-advirtio-que-no-quiere-pegarse-a-unen","status":"publish","type":"post","link":"http:\/\/www.24baires.com\/?p=57392","title":{"rendered":"Macri advirti\u00f3 que no quiere \u00abpegarse\u00bb a UNEN"},"content":{"rendered":"<p><img data-recalc-dims=\"1\" loading=\"lazy\" decoding=\"async\" class=\"aligncenter size-full wp-image-51890\" src=\"https:\/\/i0.wp.com\/www.24baires.com\/wp-content\/uploads\/2014\/08\/macri-carri%C3%B3.jpg?resize=560%2C326\" alt=\"macri carri\u00f3\" width=\"560\" height=\"326\" srcset=\"https:\/\/i0.wp.com\/www.24baires.com\/wp-content\/uploads\/2014\/08\/macri-carri%C3%B3.jpg?w=560 560w, https:\/\/i0.wp.com\/www.24baires.com\/wp-content\/uploads\/2014\/08\/macri-carri%C3%B3.jpg?resize=300%2C174 300w\" sizes=\"auto, (max-width: 560px) 100vw, 560px\" \/>Seg\u00fan informaron tres integrantes de la reuni\u00f3n que hubo esta ma\u00f1ana en Bol\u00edvar 1 para analizar el tema, \u00abla decisi\u00f3n partidaria fue que de este tema no se habla\u00bb.<!--more--><\/p>\n<p>El comando de campa\u00f1a del jefe del gobierno porte\u00f1o, Mauricio Macri, decidi\u00f3 hoy bajar l\u00ednea a sus referentes para que \u00abno se entrometan en la interna de UNEN\u00bb tras la renuncia de Elisa Carri\u00f3 a la Mesa Nacional de ese partido, mientras que crecen los temores entre dirigentes del Pro sobre las consecuencias de un acercamiento.<\/p>\n<p>Seg\u00fan informaron tres integrantes de la reuni\u00f3n que hubo esta ma\u00f1ana en Bol\u00edvar 1 para analizar el tema, \u00abla decisi\u00f3n partidaria fue que de este tema no se habla\u00bb.<\/p>\n<p>\u00abHay que dejar que decanten las discusiones. No nos metemos\u00bb, dijo uno de los colaboradores de Macri, funcionario del gobierno porte\u00f1o.<\/p>\n<p>En medio del conflicto desatado por Carri\u00f3 dentro de la coalici\u00f3n UNEN, tambi\u00e9n surgen las dudas dentro de algunos sectores del Pro con respecto a la conveniencia de propiciar un acercamiento con la diputada.<\/p>\n<p>\u00abAlgunos le tienen temor, porque ella puede derivar para cualquier lado. Nos conviene que esto se retrase y llegar al cierre de listas con el mayor caudal de votos propios posibles\u00bb, se\u00f1alaron desde el Pro.<\/p>\n<p>Cerca de Macri interpretan que no fue una sorpresa la jugada de Carri\u00f3, porque \u00abella desprecia al socialismo y quiere quedarse con los votantes de la UCR, y desde un principio se sospech\u00f3 que la interna que ella quer\u00eda era\u00bb con el l\u00edder del Pro.<\/p>\n<p>Esta ma\u00f1ana, al anunciar su salida de la Mesa Nacional de UNEN, Carri\u00f3 dijo que una de las posibilidades que maneja es \u00abir a una interna con Macri\u00bb, algo a lo que en el Pro se niegan a acceder.<\/p>\n<p>Si bien la semana pasada Macri dej\u00f3 entrever que podr\u00eda considerar ir a unas PASO con Ernesto Sanz y la propia Carri\u00f3, fue m\u00e1s un gesto que una convicci\u00f3n, y hasta el a\u00f1o que viene el Pro no acordar\u00e1 nada al respecto a nivel nacional.<\/p>\n","protected":false},"excerpt":{"rendered":"<p>Seg\u00fan informaron tres integrantes de la reuni\u00f3n que hubo esta ma\u00f1ana en Bol\u00edvar 1 para analizar el tema, \u00abla decisi\u00f3n partidaria fue que de este tema no se habla\u00bb.<\/p>\n","protected":false},"author":11,"featured_media":0,"comment_status":"open","ping_status":"open","sticky":false,"template":"","format":"standard","meta":{"_jetpack_newsletter_access":"","_jetpack_dont_email_post_to_subs":false,"_jetpack_newsletter_tier_id":0,"_jetpack_memberships_contains_paywalled_content":false,"_jetpack_memberships_contains_paid_content":false,"footnotes":""},"categories":[51],"tags":[],"class_list":["post-57392","post","type-post","status-publish","format-standard","hentry","category-politica"],"jetpack_shortlink":"https:\/\/wp.me\/p2JWE0-eVG","jetpack-related-posts":[{"id":56428,"url":"http:\/\/www.24baires.com\/?p=56428","url_meta":{"origin":57392,"position":0},"title":"En UNEN ya no aguantan a Carri\u00f3","author":"Grupo Sierra","date":"02\/11\/2014","format":false,"excerpt":"Tumini expres\u00f3: \"La l\u00edder de la Coalici\u00f3n C\u00edvica debe ser coherente y marcharse para conformar un frente con Macri\". Humberto Tumini, dirigente de Unen, le pidi\u00f3 hoy a la diputada nacional Elisa Carri\u00f3 que abandone el espacio pol\u00edtico que ambos integran. De esta manera, el secretario general de Libres del\u2026","rel":"","context":"En \u00abElecciones 2015\u00bb","block_context":{"text":"Elecciones 2015","link":"http:\/\/www.24baires.com\/?cat=74"},"img":{"alt_text":"carri\u00f3","src":"https:\/\/i0.wp.com\/www.24baires.com\/wp-content\/uploads\/2014\/04\/carri%C3%B3.jpg?resize=350%2C200","width":350,"height":200,"srcset":"https:\/\/i0.wp.com\/www.24baires.com\/wp-content\/uploads\/2014\/04\/carri%C3%B3.jpg?resize=350%2C200 1x, https:\/\/i0.wp.com\/www.24baires.com\/wp-content\/uploads\/2014\/04\/carri%C3%B3.jpg?resize=525%2C300 1.5x"},"classes":[]},{"id":51889,"url":"http:\/\/www.24baires.com\/?p=51889","url_meta":{"origin":57392,"position":1},"title":"Macri anticip\u00f3 un posible di\u00e1logo con Carri\u00f3","author":"Grupo Sierra","date":"15\/08\/2014","format":false,"excerpt":"Aunque asegur\u00f3 que no interferir\u00e1 en la crisis del UNEN, se mostr\u00f3 dispuesto a dialogar con la diputada. \u00bfM\u00e1s brechas en el frente pol\u00edtico? El jefe de Gobierno porte\u00f1o, Mauricio Macri, ratific\u00f3 este viernes su decisi\u00f3n de no \"interferir\" en la renovada interna en el Frente Amplio UNEN y, aunque\u2026","rel":"","context":"En \u00abElecciones 2015\u00bb","block_context":{"text":"Elecciones 2015","link":"http:\/\/www.24baires.com\/?cat=74"},"img":{"alt_text":"","src":"https:\/\/i0.wp.com\/www.24baires.com\/wp-content\/uploads\/2014\/08\/macri-carri%C3%B3.jpg?resize=350%2C200","width":350,"height":200,"srcset":"https:\/\/i0.wp.com\/www.24baires.com\/wp-content\/uploads\/2014\/08\/macri-carri%C3%B3.jpg?resize=350%2C200 1x, https:\/\/i0.wp.com\/www.24baires.com\/wp-content\/uploads\/2014\/08\/macri-carri%C3%B3.jpg?resize=525%2C300 1.5x"},"classes":[]},{"id":67385,"url":"http:\/\/www.24baires.com\/?p=67385","url_meta":{"origin":57392,"position":2},"title":"Macri: \u00abEstamos trabajando para que el kirchnerismo no gobierne cuatro a\u00f1os m\u00e1s\u00bb","author":"AF","date":"11\/06\/2015","format":false,"excerpt":"Adem\u00e1s, el jefe de Gobierno porte\u00f1o, Mauricio Macri, cont\u00f3 que hubo conversaciones con Ernesto Sanz y Elisa Carri\u00f3 y se analiz\u00f3 la posibilidad de permitir el ingreso de Massa. Pero no hubo acuerdo. El l\u00edder del Frente Renovador, Sergio Massa, confirm\u00f3 ayer que no bajar\u00e1 su candidatura presidencial. \"Voy a\u2026","rel":"","context":"En \u00abElecciones 2015\u00bb","block_context":{"text":"Elecciones 2015","link":"http:\/\/www.24baires.com\/?cat=74"},"img":{"alt_text":"macri 3","src":"https:\/\/i0.wp.com\/www.24baires.com\/wp-content\/uploads\/2014\/09\/macri-3.jpg?resize=350%2C200","width":350,"height":200,"srcset":"https:\/\/i0.wp.com\/www.24baires.com\/wp-content\/uploads\/2014\/09\/macri-3.jpg?resize=350%2C200 1x, https:\/\/i0.wp.com\/www.24baires.com\/wp-content\/uploads\/2014\/09\/macri-3.jpg?resize=525%2C300 1.5x"},"classes":[]},{"id":12609,"url":"http:\/\/www.24baires.com\/?p=12609","url_meta":{"origin":57392,"position":3},"title":"Randazzo lament\u00f3 por Twitter el desplante de Macri","author":"Grupo Sierra","date":"17\/01\/2013","format":false,"excerpt":"Randazzo lament\u00f3 que el jefe de Gobierno porte\u00f1o no participe de la reuni\u00f3n que convoc\u00f3 para ma\u00f1ana a las 11 a \u00e9l y al gobernador Daniel Scioli para abordar la cuesti\u00f3n del transporte y la tarifa de los subtes. Macri, al hablar esta ma\u00f1ana en una conferencia de prensa luego\u2026","rel":"","context":"En \u00abPol\u00edtica\u00bb","block_context":{"text":"Pol\u00edtica","link":"http:\/\/www.24baires.com\/?cat=51"},"img":{"alt_text":"","src":"https:\/\/i0.wp.com\/www.24baires.com\/wp-content\/uploads\/2013\/01\/randazzo.jpg?resize=350%2C200","width":350,"height":200},"classes":[]},{"id":57637,"url":"http:\/\/www.24baires.com\/?p=57637","url_meta":{"origin":57392,"position":4},"title":"Desde el PRO aseguran que Macri no descarta sumar a Lilita Carri\u00f3","author":"AF","date":"25\/11\/2014","format":false,"excerpt":"El jefe de Gabinete porte\u00f1o, Horacio Rodr\u00edguez Larreta, puso este martes reparo ante la posibilidad de sumar al PRO a la diputada de la Coalici\u00f3n C\u00edvica. \"No estamos sumando a Carri\u00f3, Mauricio lo \u00fanico que dijo es que no lo descartaba\", repas\u00f3 al aclarar lo manifestado pro el l\u00edder del\u2026","rel":"","context":"En \u00abPol\u00edtica\u00bb","block_context":{"text":"Pol\u00edtica","link":"http:\/\/www.24baires.com\/?cat=51"},"img":{"alt_text":"carri\u00f3","src":"https:\/\/i0.wp.com\/www.24baires.com\/wp-content\/uploads\/2014\/04\/carri%C3%B3.jpg?resize=350%2C200","width":350,"height":200,"srcset":"https:\/\/i0.wp.com\/www.24baires.com\/wp-content\/uploads\/2014\/04\/carri%C3%B3.jpg?resize=350%2C200 1x, https:\/\/i0.wp.com\/www.24baires.com\/wp-content\/uploads\/2014\/04\/carri%C3%B3.jpg?resize=525%2C300 1.5x"},"classes":[]},{"id":116206,"url":"http:\/\/www.24baires.com\/?p=116206","url_meta":{"origin":57392,"position":5},"title":"El Gobierno defendi\u00f3 el traspaso de fondos y la Ciudad ratific\u00f3 que recurrir\u00e1 a la Justicia","author":"AF","date":"12\/09\/2020","format":false,"excerpt":"La secretaria de Relaciones Provinciales, Silvina Batakis, afirm\u00f3 que \"la decisi\u00f3n del Presidente viene a poner equilibrio\". La administraci\u00f3n que encabeza Horacio Rodr\u00edguez Larreta confirm\u00f3 que la semana pr\u00f3xima presentar\u00e1 un amparo para evitar la medida. El gobierno nacional volvi\u00f3 a defender la decisi\u00f3n de traspasar a la provincia de\u2026","rel":"","context":"En \u00abPol\u00edtica\u00bb","block_context":{"text":"Pol\u00edtica","link":"http:\/\/www.24baires.com\/?cat=51"},"img":{"alt_text":"","src":"https:\/\/i0.wp.com\/www.24baires.com\/wp-content\/uploads\/2020\/09\/kicillof-fern%C3%A1ndez-magario.jpg?resize=350%2C200","width":350,"height":200,"srcset":"https:\/\/i0.wp.com\/www.24baires.com\/wp-content\/uploads\/2020\/09\/kicillof-fern%C3%A1ndez-magario.jpg?resize=350%2C200 1x, https:\/\/i0.wp.com\/www.24baires.com\/wp-content\/uploads\/2020\/09\/kicillof-fern%C3%A1ndez-magario.jpg?resize=525%2C300 1.5x"},"classes":[]}],"jetpack_sharing_enabled":true,"jetpack_likes_enabled":true,"jetpack_featured_media_url":"","_links":{"self":[{"href":"http:\/\/www.24baires.com\/index.php?rest_route=\/wp\/v2\/posts\/57392","targetHints":{"allow":["GET"]}}],"collection":[{"href":"http:\/\/www.24baires.com\/index.php?rest_route=\/wp\/v2\/posts"}],"about":[{"href":"http:\/\/www.24baires.com\/index.php?rest_route=\/wp\/v2\/types\/post"}],"author":[{"embeddable":true,"href":"http:\/\/www.24baires.com\/index.php?rest_route=\/wp\/v2\/users\/11"}],"replies":[{"embeddable":true,"href":"http:\/\/www.24baires.com\/index.php?rest_route=%2Fwp%2Fv2%2Fcomments&post=57392"}],"version-history":[{"count":1,"href":"http:\/\/www.24baires.com\/index.php?rest_route=\/wp\/v2\/posts\/57392\/revisions"}],"predecessor-version":[{"id":57393,"href":"http:\/\/www.24baires.com\/index.php?rest_route=\/wp\/v2\/posts\/57392\/revisions\/57393"}],"wp:attachment":[{"href":"http:\/\/www.24baires.com\/index.php?rest_route=%2Fwp%2Fv2%2Fmedia&parent=57392"}],"wp:term":[{"taxonomy":"category","embeddable":true,"href":"http:\/\/www.24baires.com\/index.php?rest_route=%2Fwp%2Fv2%2Fcategories&post=57392"},{"taxonomy":"post_tag","embeddable":true,"href":"http:\/\/www.24baires.com\/index.php?rest_route=%2Fwp%2Fv2%2Ftags&post=57392"}],"curies":[{"name":"wp","href":"https:\/\/api.w.org\/{rel}","templated":true}]}}