{"id":57388,"date":"2014-11-19T17:59:27","date_gmt":"2014-11-19T20:59:27","guid":{"rendered":"http:\/\/www.24baires.com\/?p=57388"},"modified":"2014-11-19T17:59:27","modified_gmt":"2014-11-19T20:59:27","slug":"alfonsin-salio-de-las-sombras-para-pegarle-a-carrio","status":"publish","type":"post","link":"http:\/\/www.24baires.com\/?p=57388","title":{"rendered":"Alfons\u00edn sali\u00f3 de las sombras para pegarle a Carri\u00f3"},"content":{"rendered":"<p><img data-recalc-dims=\"1\" loading=\"lazy\" decoding=\"async\" src=\"https:\/\/i0.wp.com\/www.24baires.com\/wp-content\/uploads\/2013\/09\/alfonsin.jpg?resize=560%2C349\" alt=\"alfonsin\" width=\"560\" height=\"349\" class=\"aligncenter size-full wp-image-32286\" srcset=\"https:\/\/i0.wp.com\/www.24baires.com\/wp-content\/uploads\/2013\/09\/alfonsin.jpg?w=560 560w, https:\/\/i0.wp.com\/www.24baires.com\/wp-content\/uploads\/2013\/09\/alfonsin.jpg?resize=300%2C186 300w\" sizes=\"auto, (max-width: 560px) 100vw, 560px\" \/>El diputado nacional asegur\u00f3: \u00abTratan de influir sobre la opini\u00f3n p\u00fablica para que el Frente aparezca mal, desvirtuado\u201d, y critic\u00f3 a la dirigente por participar en \u201cvivo, en un m\u00f3vil, de un canal espec\u00edfico de televisi\u00f3n\u201d, en referencia a TN, donde dio detalles de su alejamiento por m\u00e1s de una hora.<!--more--><\/p>\n<p>El diputado nacional dijo hoy que \u201chay un aparato medi\u00e1tico que trabaja para el Pro\u201d y \u201cLilita est\u00e1 m\u00e1s c\u00f3moda ah\u00ed\u201d, al lamentar que la dirigente haya comunicado su decisi\u00f3n de alejarse de UNEN nacional por los medios en vez de comunicar su decisi\u00f3n hacia el interior del espacio, con vistas a las elecciones presidenciales del 2015.<\/p>\n<p>\u201cPrimero hay que avisar para adentro\u201d, manifest\u00f3 Alfons\u00edn en declaraciones a radio La Red, y lament\u00f3 que exista \u201cun aparato medi\u00e1tico que trabaja para el PRO y para el cual lo de UNEN es un problema, por lo que quieren que UNEN sea cola del PRO, pero no lo vamos a ser\u201d.<\/p>\n<p>\u201cTratan de influir sobre la opini\u00f3n p\u00fablica para que el Frente aparezca mal, desvirtuado\u201d, dijo el hijo del ex presidente de la Naci\u00f3n; y ejemplific\u00f3 con el hecho de que la dirigente particip\u00f3 en \u201cvivo, en un m\u00f3vil, de un canal espec\u00edfico de televisi\u00f3n\u201d, en referencia a TN, donde dio detalles de su alejamiento por m\u00e1s de una hora.<\/p>\n<p>En el mismo sentido, lament\u00f3 expresiones de otros dirigentes que escuch\u00f3 \u201cen la radio y la televisi\u00f3n, que hablaban y opinaban sobre el radicalismo como si hubieran estado en San Fernando, qu\u00e9 pena que no estuvieron, y no hablaron ah\u00ed\u201d, remarc\u00f3 Alfons\u00edn en relaci\u00f3n a la cumbre que se realiz\u00f3 este lunes para definir una postura en relaci\u00f3n con el PRO y el Frente Renovador (FR).<\/p>\n<p>En tanto, Alfons\u00edn invit\u00f3 a \u201cver cu\u00e1ntos de los que estaban dispuestos a acompa\u00f1arla ahora van al PRO, hoy, ya mismo; y cu\u00e1ntos revisan su posici\u00f3n y vuelven a UNEN\u201d.<\/p>\n<p>Sobre el final, consider\u00f3 que el alejamiento de Carri\u00f3 de UNEN nacional mostrar\u00e1 \u201cen poco tiempo que era lo conveniente\u201d.<br \/>\nTambi\u00e9n dijo que el espacio seguir\u00e1 \u201cvivo\u201d y que si bien la partida de Carri\u00f3 \u201cfue una p\u00e9rdida\u201d lo m\u00e1s lamentable fue \u201cla discusi\u00f3n por los medios\u201d.<\/p>\n","protected":false},"excerpt":{"rendered":"<p>El diputado nacional asegur\u00f3: \u00abTratan de influir sobre la opini\u00f3n p\u00fablica para que el Frente aparezca mal, desvirtuado\u201d, y critic\u00f3 a la dirigente por participar en \u201cvivo, en un m\u00f3vil, de un canal espec\u00edfico de televisi\u00f3n\u201d, en referencia a TN, donde dio detalles de su alejamiento por m\u00e1s de una hora.<\/p>\n","protected":false},"author":11,"featured_media":0,"comment_status":"open","ping_status":"open","sticky":false,"template":"","format":"standard","meta":{"_jetpack_newsletter_access":"","_jetpack_dont_email_post_to_subs":false,"_jetpack_newsletter_tier_id":0,"_jetpack_memberships_contains_paywalled_content":false,"_jetpack_memberships_contains_paid_content":false,"footnotes":""},"categories":[51],"tags":[],"class_list":["post-57388","post","type-post","status-publish","format-standard","hentry","category-politica"],"jetpack_shortlink":"https:\/\/wp.me\/p2JWE0-eVC","jetpack-related-posts":[{"id":101129,"url":"http:\/\/www.24baires.com\/?p=101129","url_meta":{"origin":57388,"position":0},"title":"Alfons\u00edn quiere sacar al radicalismo de Cambiemos y armar un nuevo frente","author":"GB","date":"18\/03\/2018","format":false,"excerpt":"El ex diputado de la Uni\u00f3n C\u00edvica Radical Ricardo Alfons\u00edn pretende que el hist\u00f3rico partido rompa sus alianzas con Cambiemos y arme un nuevo frente progresista con el GEN y el Partido Socialista. El ex diputado y dirigente radical Ricardo Alfons\u00edn afirm\u00f3 hoy a NA que para 2019 la UCR\u2026","rel":"","context":"En \u00abPol\u00edtica\u00bb","block_context":{"text":"Pol\u00edtica","link":"http:\/\/www.24baires.com\/?cat=51"},"img":{"alt_text":"","src":"https:\/\/i0.wp.com\/www.24baires.com\/wp-content\/uploads\/2013\/09\/alfonsin.jpg?resize=350%2C200","width":350,"height":200,"srcset":"https:\/\/i0.wp.com\/www.24baires.com\/wp-content\/uploads\/2013\/09\/alfonsin.jpg?resize=350%2C200 1x, https:\/\/i0.wp.com\/www.24baires.com\/wp-content\/uploads\/2013\/09\/alfonsin.jpg?resize=525%2C300 1.5x"},"classes":[]},{"id":59421,"url":"http:\/\/www.24baires.com\/?p=59421","url_meta":{"origin":57388,"position":1},"title":"Alfons\u00edn rechaz\u00f3 acuerdos con el Pro y el Frente Renovador","author":"GB","date":"31\/12\/2014","format":false,"excerpt":"El diputado nacional y titular de la UCR bonaerense, Ricardo Alfons\u00edn, volvi\u00f3 a rechazar hoy acuerdos del radicalismo por fuera del Frente Amplio UNEN, al considerar que una propuesta junto al PRO \"no ser\u00eda progresista\" y que una confluencia con el Frente Renovador implicar\u00eda \"entrampar\" al partido en la \"interna\u2026","rel":"","context":"En \u00abElecciones 2015\u00bb","block_context":{"text":"Elecciones 2015","link":"http:\/\/www.24baires.com\/?cat=74"},"img":{"alt_text":"alfonsin","src":"https:\/\/i0.wp.com\/www.24baires.com\/wp-content\/uploads\/2013\/09\/alfonsin.jpg?resize=350%2C200","width":350,"height":200,"srcset":"https:\/\/i0.wp.com\/www.24baires.com\/wp-content\/uploads\/2013\/09\/alfonsin.jpg?resize=350%2C200 1x, https:\/\/i0.wp.com\/www.24baires.com\/wp-content\/uploads\/2013\/09\/alfonsin.jpg?resize=525%2C300 1.5x"},"classes":[]},{"id":101501,"url":"http:\/\/www.24baires.com\/?p=101501","url_meta":{"origin":57388,"position":2},"title":"Alfons\u00edn quiere que la UCR tenga un candidato propio para 2018","author":"GB","date":"09\/04\/2018","format":false,"excerpt":"El ex diputado nacional pidi\u00f3 que los radicales \"se pongan el cuchillo entre los dientes\" para defender las ideas del partido. El ex diputado nacional Ricardo Alfons\u00edn ratific\u00f3 sus diferencias con el macrismo y dijo que ser\u00eda \"ideal\" que la Uni\u00f3n C\u00edvica Radical compita con un candidato propio en las\u2026","rel":"","context":"En \u00abPol\u00edtica\u00bb","block_context":{"text":"Pol\u00edtica","link":"http:\/\/www.24baires.com\/?cat=51"},"img":{"alt_text":"","src":"https:\/\/i0.wp.com\/www.24baires.com\/wp-content\/uploads\/2013\/09\/alfonsin.jpg?resize=350%2C200","width":350,"height":200,"srcset":"https:\/\/i0.wp.com\/www.24baires.com\/wp-content\/uploads\/2013\/09\/alfonsin.jpg?resize=350%2C200 1x, https:\/\/i0.wp.com\/www.24baires.com\/wp-content\/uploads\/2013\/09\/alfonsin.jpg?resize=525%2C300 1.5x"},"classes":[]},{"id":53222,"url":"http:\/\/www.24baires.com\/?p=53222","url_meta":{"origin":57388,"position":3},"title":"La UCR bonaerense elige sus autoridades","author":"GB","date":"07\/09\/2014","format":false,"excerpt":"El radicalismo bonaerense elegir\u00e1 este domingo a su nuevo presidente, en una competencia en la que se enfrentar\u00e1n el diputado Ricardo Alfons\u00edn y el ex jefe del partido Daniel Salvador. Ante la inminencia de los comicios generales de 2015, el partido a nivel provincial -hoy en manos del alfonsinista Alejandro\u2026","rel":"","context":"En \u00abPol\u00edtica\u00bb","block_context":{"text":"Pol\u00edtica","link":"http:\/\/www.24baires.com\/?cat=51"},"img":{"alt_text":"alfonsin","src":"https:\/\/i0.wp.com\/www.24baires.com\/wp-content\/uploads\/2013\/09\/alfonsin.jpg?resize=350%2C200","width":350,"height":200,"srcset":"https:\/\/i0.wp.com\/www.24baires.com\/wp-content\/uploads\/2013\/09\/alfonsin.jpg?resize=350%2C200 1x, https:\/\/i0.wp.com\/www.24baires.com\/wp-content\/uploads\/2013\/09\/alfonsin.jpg?resize=525%2C300 1.5x"},"classes":[]},{"id":49021,"url":"http:\/\/www.24baires.com\/?p=49021","url_meta":{"origin":57388,"position":4},"title":"Miguel Bazze se suma desde UCR a la lucha por la Gobernaci\u00f3n","author":"Grupo Sierra","date":"30\/06\/2014","format":false,"excerpt":"El Radicalismo lanz\u00f3 oficialmente al diputado nacional como precandidato a gobernador de la provincia de Buenos Aires por el Frente Amplio UNEN. Con la presencia de uno de los principales referentes del radicalismo a nivel nacional, Ricardo Alfons\u00edn, legisladores provinciales, concejales locales y regionales, dirigentes de las distintas secciones platenses,\u2026","rel":"","context":"En \u00abElecciones 2015\u00bb","block_context":{"text":"Elecciones 2015","link":"http:\/\/www.24baires.com\/?cat=74"},"img":{"alt_text":"","src":"https:\/\/i0.wp.com\/www.24baires.com\/wp-content\/uploads\/2014\/06\/Miguel-Bazze.jpg?resize=350%2C200","width":350,"height":200,"srcset":"https:\/\/i0.wp.com\/www.24baires.com\/wp-content\/uploads\/2014\/06\/Miguel-Bazze.jpg?resize=350%2C200 1x, https:\/\/i0.wp.com\/www.24baires.com\/wp-content\/uploads\/2014\/06\/Miguel-Bazze.jpg?resize=525%2C300 1.5x"},"classes":[]},{"id":57817,"url":"http:\/\/www.24baires.com\/?p=57817","url_meta":{"origin":57388,"position":5},"title":"\u00abNing\u00fan candidato a Gobernador llega al 3% de los votos\u00bb","author":"Grupo Sierra","date":"27\/11\/2014","format":false,"excerpt":"As\u00ed lo indic\u00f3 el diputado nacional Ricardo Alfons\u00edn, quien cuestion\u00f3 hoy las encuestas de opini\u00f3n que circulan. Asegur\u00f3 que \u201cno hay un candidato para la provincia que rompa los relojes\u201d y que el FA Unen est\u00e1 \u201cexpectante\u201d, a tres puntos de Massa a nivel nacional. El titular del Comit\u00e9 Provincia\u2026","rel":"","context":"En \u00abElecciones 2015\u00bb","block_context":{"text":"Elecciones 2015","link":"http:\/\/www.24baires.com\/?cat=74"},"img":{"alt_text":"alfonsin","src":"https:\/\/i0.wp.com\/www.24baires.com\/wp-content\/uploads\/2013\/09\/alfonsin.jpg?resize=350%2C200","width":350,"height":200,"srcset":"https:\/\/i0.wp.com\/www.24baires.com\/wp-content\/uploads\/2013\/09\/alfonsin.jpg?resize=350%2C200 1x, https:\/\/i0.wp.com\/www.24baires.com\/wp-content\/uploads\/2013\/09\/alfonsin.jpg?resize=525%2C300 1.5x"},"classes":[]}],"jetpack_sharing_enabled":true,"jetpack_likes_enabled":true,"jetpack_featured_media_url":"","_links":{"self":[{"href":"http:\/\/www.24baires.com\/index.php?rest_route=\/wp\/v2\/posts\/57388","targetHints":{"allow":["GET"]}}],"collection":[{"href":"http:\/\/www.24baires.com\/index.php?rest_route=\/wp\/v2\/posts"}],"about":[{"href":"http:\/\/www.24baires.com\/index.php?rest_route=\/wp\/v2\/types\/post"}],"author":[{"embeddable":true,"href":"http:\/\/www.24baires.com\/index.php?rest_route=\/wp\/v2\/users\/11"}],"replies":[{"embeddable":true,"href":"http:\/\/www.24baires.com\/index.php?rest_route=%2Fwp%2Fv2%2Fcomments&post=57388"}],"version-history":[{"count":1,"href":"http:\/\/www.24baires.com\/index.php?rest_route=\/wp\/v2\/posts\/57388\/revisions"}],"predecessor-version":[{"id":57389,"href":"http:\/\/www.24baires.com\/index.php?rest_route=\/wp\/v2\/posts\/57388\/revisions\/57389"}],"wp:attachment":[{"href":"http:\/\/www.24baires.com\/index.php?rest_route=%2Fwp%2Fv2%2Fmedia&parent=57388"}],"wp:term":[{"taxonomy":"category","embeddable":true,"href":"http:\/\/www.24baires.com\/index.php?rest_route=%2Fwp%2Fv2%2Fcategories&post=57388"},{"taxonomy":"post_tag","embeddable":true,"href":"http:\/\/www.24baires.com\/index.php?rest_route=%2Fwp%2Fv2%2Ftags&post=57388"}],"curies":[{"name":"wp","href":"https:\/\/api.w.org\/{rel}","templated":true}]}}