{"id":57383,"date":"2014-11-19T17:00:40","date_gmt":"2014-11-19T20:00:40","guid":{"rendered":"http:\/\/www.24baires.com\/?p=57383"},"modified":"2014-11-19T16:47:54","modified_gmt":"2014-11-19T19:47:54","slug":"anibal-fernandez-sobre-insaurralde-me-tape-la-nariz-y-lo-vote","status":"publish","type":"post","link":"http:\/\/www.24baires.com\/?p=57383","title":{"rendered":"An\u00edbal Fern\u00e1ndez sobre Insaurralde: \u00abMe tap\u00e9 la nariz y lo vot\u00e9\u00bb"},"content":{"rendered":"<p><img data-recalc-dims=\"1\" loading=\"lazy\" decoding=\"async\" class=\"aligncenter size-full wp-image-5267\" src=\"https:\/\/i0.wp.com\/www.24baires.com\/wp-content\/uploads\/2012\/11\/fern%C3%A1ndez-an%C3%ADbal2.jpg?resize=560%2C361\" alt=\"fern\u00e1ndez an\u00edbal2\" width=\"560\" height=\"361\" srcset=\"https:\/\/i0.wp.com\/www.24baires.com\/wp-content\/uploads\/2012\/11\/fern%C3%A1ndez-an%C3%ADbal2.jpg?w=560 560w, https:\/\/i0.wp.com\/www.24baires.com\/wp-content\/uploads\/2012\/11\/fern%C3%A1ndez-an%C3%ADbal2.jpg?resize=300%2C193 300w\" sizes=\"auto, (max-width: 560px) 100vw, 560px\" \/>El senador oficialista An\u00edbal Fern\u00e1ndez afirm\u00f3 hoy que no estuvo de acuerdo con la designaci\u00f3n de Mart\u00edn Insaurralde como primer candidato a diputado nacional por la provincia de Buenos Aires en 2013 y se\u00f1al\u00f3 que en ese momento se tap\u00f3 \u00abla nariz\u00bb para votarlo.<!--more--><\/p>\n<p>\u00abMe tap\u00e9 la nariz y lo vot\u00e9\u00bb, dijo Fern\u00e1ndez en referencia a Insaurralde, de quien trascendi\u00f3 que analiza pasar al partido que lidera Sergio Massa.<\/p>\n<p>En declaraciones radiales, Fern\u00e1ndez advirti\u00f3: Insaurralde no es ni la sombra del perro de un t\u00edo, del abuelo, del hermano, de la novia, de la amiga de Per\u00f3n\u00bb.<\/p>\n<p>Adem\u00e1s, explic\u00f3: \u00absi me pregunta, seguramente yo no lo hubiera puesto en la lista\u00bb de candidatos a diputados nacionales.<\/p>\n<p>\u00abYo no lo asigno valor a ese an\u00e1lisis como si estuvi\u00e9ramos hablando de Juan Per\u00f3n. Es un dirigente m\u00e1s que le dieron la oportunidad de encabezar la lista de diputados nacionales\u00bb, dijo sobre Insaurralde.<\/p>\n<p>&nbsp;<\/p>\n<p>&nbsp;<\/p>\n<p>&nbsp;<\/p>\n<p>&nbsp;<\/p>\n<p>&nbsp;<\/p>\n<p>&nbsp;<\/p>\n<p>&nbsp;<\/p>\n<p>&nbsp;<\/p>\n<p>&nbsp;<\/p>\n<p>&nbsp;<\/p>\n<p>&nbsp;<\/p>\n<p>&nbsp;<\/p>\n<p>&nbsp;<\/p>\n","protected":false},"excerpt":{"rendered":"<p>El senador oficialista An\u00edbal Fern\u00e1ndez afirm\u00f3 hoy que no estuvo de acuerdo con la designaci\u00f3n de Mart\u00edn Insaurralde como primer candidato a diputado nacional por la provincia de Buenos Aires en 2013 y se\u00f1al\u00f3 que en ese momento se tap\u00f3 \u00abla nariz\u00bb para votarlo.<\/p>\n","protected":false},"author":8,"featured_media":0,"comment_status":"open","ping_status":"open","sticky":false,"template":"","format":"standard","meta":{"_jetpack_newsletter_access":"","_jetpack_dont_email_post_to_subs":false,"_jetpack_newsletter_tier_id":0,"_jetpack_memberships_contains_paywalled_content":false,"_jetpack_memberships_contains_paid_content":false,"footnotes":""},"categories":[51],"tags":[],"class_list":["post-57383","post","type-post","status-publish","format-standard","hentry","category-politica"],"jetpack_shortlink":"https:\/\/wp.me\/p2JWE0-eVx","jetpack-related-posts":[{"id":108380,"url":"http:\/\/www.24baires.com\/?p=108380","url_meta":{"origin":57383,"position":0},"title":"Reuni\u00f3n de Alberto Fern\u00e1ndez con intendentes del PJ bonaerense","author":"AF","date":"24\/05\/2019","format":false,"excerpt":"El precandidato presidencial Alberto Fern\u00e1ndez se reuni\u00f3 este mediod\u00eda con intendentes y legisladores peronistas en la localidad de San Antonio de Areco con la mirada puesta en recuperar los votos perdidos por el kirchnerismo en el interior rural bonaerense y continuar el debate respecto de la candidatura para gobernador. \"El\u2026","rel":"","context":"En \u00abPol\u00edtica\u00bb","block_context":{"text":"Pol\u00edtica","link":"http:\/\/www.24baires.com\/?cat=51"},"img":{"alt_text":"","src":"https:\/\/i0.wp.com\/www.24baires.com\/wp-content\/uploads\/2019\/05\/alberto-fernandez-intendentes-bonaerenses.jpg?resize=350%2C200","width":350,"height":200,"srcset":"https:\/\/i0.wp.com\/www.24baires.com\/wp-content\/uploads\/2019\/05\/alberto-fernandez-intendentes-bonaerenses.jpg?resize=350%2C200 1x, https:\/\/i0.wp.com\/www.24baires.com\/wp-content\/uploads\/2019\/05\/alberto-fernandez-intendentes-bonaerenses.jpg?resize=525%2C300 1.5x"},"classes":[]},{"id":111289,"url":"http:\/\/www.24baires.com\/?p=111289","url_meta":{"origin":57383,"position":1},"title":"Alberto Fern\u00e1ndez propone medicamentos gratis para todos los jubilados","author":"AF","date":"22\/07\/2019","format":false,"excerpt":"El candidato a presidente del Frente de Todos hizo el anuncio en un acto en Temperley. All\u00ed dijo tambi\u00e9n que plantear\u00e1 la recomposici\u00f3n de los haberes jubilatorios. El candidato presidencial del Frente de Todos, Alberto Fern\u00e1ndez, asegur\u00f3 que en caso de ganar los comicios de octubre propondr\u00e1 que el Estado\u2026","rel":"","context":"En \u00abPol\u00edtica\u00bb","block_context":{"text":"Pol\u00edtica","link":"http:\/\/www.24baires.com\/?cat=51"},"img":{"alt_text":"","src":"https:\/\/i0.wp.com\/www.24baires.com\/wp-content\/uploads\/2019\/06\/alberto-fernandez.jpg?resize=350%2C200","width":350,"height":200,"srcset":"https:\/\/i0.wp.com\/www.24baires.com\/wp-content\/uploads\/2019\/06\/alberto-fernandez.jpg?resize=350%2C200 1x, https:\/\/i0.wp.com\/www.24baires.com\/wp-content\/uploads\/2019\/06\/alberto-fernandez.jpg?resize=525%2C300 1.5x"},"classes":[]},{"id":102994,"url":"http:\/\/www.24baires.com\/?p=102994","url_meta":{"origin":57383,"position":2},"title":"Insaurralde lanz\u00f3 su carrera por la Gobernaci\u00f3n bonaerense","author":"GB","date":"26\/06\/2018","format":false,"excerpt":"El intendente de Lomas de Zamora, Mart\u00edn Insaurralde, se anot\u00f3 hoy oficialmente en la carrera por la Gobernaci\u00f3n bonaerense, al difundir el apoyo de una docena de intendentes para que empiece a \"caminar la provincia\". El intendente, uno de los principales referentes del peronismo \"dialoguista\" en la provincia, reuni\u00f3 hoy\u2026","rel":"","context":"En \u00abProvincia\u00bb","block_context":{"text":"Provincia","link":"http:\/\/www.24baires.com\/?cat=40"},"img":{"alt_text":"","src":"https:\/\/i0.wp.com\/www.24baires.com\/wp-content\/uploads\/2018\/06\/insaurralde-300x200.jpg?resize=350%2C200","width":350,"height":200},"classes":[]},{"id":33649,"url":"http:\/\/www.24baires.com\/?p=33649","url_meta":{"origin":57383,"position":3},"title":"\u00abLos dirigentes que se fueron del peronismo no son leales a las banderas de Per\u00f3n y Evita\u00bb","author":"GB","date":"16\/10\/2013","format":false,"excerpt":"ALMIRANTE BROWN-\u00a0El intendente de Lomas de Zamora y candidato a diputado nacional por el FPV, Mart\u00edn Insaurralde, sostuvo que \"los dirigentes que se fueron del peronismo no son leales al proyecto pol\u00edtico, ni a las banderas de Per\u00f3n y Evita, ni a los trabajadores\", en referencia a la conformaci\u00f3n del\u2026","rel":"","context":"En \u00abELECCIONES 2013\u00bb","block_context":{"text":"ELECCIONES 2013","link":"http:\/\/www.24baires.com\/?cat=72"},"img":{"alt_text":"","src":"https:\/\/i0.wp.com\/www.24baires.com\/wp-content\/uploads\/2013\/10\/insaurralde-17-oct.jpg?resize=350%2C200","width":350,"height":200},"classes":[]},{"id":111228,"url":"http:\/\/www.24baires.com\/?p=111228","url_meta":{"origin":57383,"position":4},"title":"\u00abLos intendentes no juegan con la tijera, porque eso es jugar con la gente\u00bb","author":"AF","date":"17\/07\/2019","format":false,"excerpt":"Tras la reuni\u00f3n con los jefes comunales en la que se definieron los ejes de la campa\u00f1a, el precandidato presidencial recibi\u00f3 el respaldo a la \"boleta completa\" del Frente de Todos. El encuentro se produjo en el sal\u00f3n Garage Argentino, en San Telmo. All\u00ed Alberto Fernandez se reuni\u00f3 casi tres\u2026","rel":"","context":"En \u00abPol\u00edtica\u00bb","block_context":{"text":"Pol\u00edtica","link":"http:\/\/www.24baires.com\/?cat=51"},"img":{"alt_text":"","src":"https:\/\/i0.wp.com\/www.24baires.com\/wp-content\/uploads\/2019\/07\/fern%C3%A1ndez-intendentes.jpg?resize=350%2C200","width":350,"height":200,"srcset":"https:\/\/i0.wp.com\/www.24baires.com\/wp-content\/uploads\/2019\/07\/fern%C3%A1ndez-intendentes.jpg?resize=350%2C200 1x, https:\/\/i0.wp.com\/www.24baires.com\/wp-content\/uploads\/2019\/07\/fern%C3%A1ndez-intendentes.jpg?resize=525%2C300 1.5x"},"classes":[]},{"id":112742,"url":"http:\/\/www.24baires.com\/?p=112742","url_meta":{"origin":57383,"position":5},"title":"La Provincia tendr\u00e1 seis distritos comandados por mujeres","author":"GB","date":"28\/10\/2019","format":false,"excerpt":"Hablamos de las localidades de General Arenales, Quilmes, Presidente Per\u00f3n, Carlos Tejedor, Moreno y Ca\u00f1uelas. Los resultados de las elecciones generales, de este domingo, revelaron que, a partir del 10 de diciembre s\u00f3lo seis de los 135 municipios bonaerenses ser\u00e1n gobernados por mujeres. Hablamos de General Arenales, Quilmes, Presidente Per\u00f3n,\u2026","rel":"","context":"En \u00abELECCIONES 2019\u00bb","block_context":{"text":"ELECCIONES 2019","link":"http:\/\/www.24baires.com\/?cat=329"},"img":{"alt_text":"","src":"","width":0,"height":0},"classes":[]}],"jetpack_sharing_enabled":true,"jetpack_likes_enabled":true,"jetpack_featured_media_url":"","_links":{"self":[{"href":"http:\/\/www.24baires.com\/index.php?rest_route=\/wp\/v2\/posts\/57383","targetHints":{"allow":["GET"]}}],"collection":[{"href":"http:\/\/www.24baires.com\/index.php?rest_route=\/wp\/v2\/posts"}],"about":[{"href":"http:\/\/www.24baires.com\/index.php?rest_route=\/wp\/v2\/types\/post"}],"author":[{"embeddable":true,"href":"http:\/\/www.24baires.com\/index.php?rest_route=\/wp\/v2\/users\/8"}],"replies":[{"embeddable":true,"href":"http:\/\/www.24baires.com\/index.php?rest_route=%2Fwp%2Fv2%2Fcomments&post=57383"}],"version-history":[{"count":1,"href":"http:\/\/www.24baires.com\/index.php?rest_route=\/wp\/v2\/posts\/57383\/revisions"}],"predecessor-version":[{"id":57384,"href":"http:\/\/www.24baires.com\/index.php?rest_route=\/wp\/v2\/posts\/57383\/revisions\/57384"}],"wp:attachment":[{"href":"http:\/\/www.24baires.com\/index.php?rest_route=%2Fwp%2Fv2%2Fmedia&parent=57383"}],"wp:term":[{"taxonomy":"category","embeddable":true,"href":"http:\/\/www.24baires.com\/index.php?rest_route=%2Fwp%2Fv2%2Fcategories&post=57383"},{"taxonomy":"post_tag","embeddable":true,"href":"http:\/\/www.24baires.com\/index.php?rest_route=%2Fwp%2Fv2%2Ftags&post=57383"}],"curies":[{"name":"wp","href":"https:\/\/api.w.org\/{rel}","templated":true}]}}