{"id":57361,"date":"2014-11-19T13:00:23","date_gmt":"2014-11-19T16:00:23","guid":{"rendered":"http:\/\/www.24baires.com\/?p=57361"},"modified":"2014-11-19T12:25:31","modified_gmt":"2014-11-19T15:25:31","slug":"dictamen-favorable-para-la-nueva-ley-de-telecomunicaciones","status":"publish","type":"post","link":"http:\/\/www.24baires.com\/?p=57361","title":{"rendered":"Dictamen favorable para la nueva ley de telecomunicaciones"},"content":{"rendered":"<p>La C\u00e1mara alta firm\u00f3 en comisi\u00f3n un dictamen favorable a la nueva ley de telecomunicaciones con algunas modificaciones, como la ratificaci\u00f3n de la declaraci\u00f3n de servicio p\u00fablico para la red de telefon\u00eda fija, y la decisi\u00f3n de que las telef\u00f3nicas no estar\u00e1n autorizadas a poder brindar servicio de TV satelital ni audiovisual inmediatamente.<!--more--><\/p>\n<p>En una reuni\u00f3n de la que los miembros de la oposici\u00f3n como Gerardo Morales y Norma Morandini se retiraron del sal\u00f3n en disconformidad con algunas de las medidas, el oficialismo logr\u00f3 pasar a la firma el dictamen, por lo que la iniciativa qued\u00f3 en condiciones de ser tratada en el recinto la semana pr\u00f3xima.<\/p>\n","protected":false},"excerpt":{"rendered":"<p>La C\u00e1mara alta firm\u00f3 en comisi\u00f3n un dictamen favorable a la nueva ley de telecomunicaciones con algunas modificaciones, como la ratificaci\u00f3n de la declaraci\u00f3n de servicio p\u00fablico para la red de telefon\u00eda fija, y la decisi\u00f3n de que las telef\u00f3nicas no estar\u00e1n autorizadas a poder brindar servicio de TV satelital ni audiovisual inmediatamente.<\/p>\n","protected":false},"author":4,"featured_media":0,"comment_status":"open","ping_status":"open","sticky":false,"template":"","format":"standard","meta":{"_jetpack_newsletter_access":"","_jetpack_dont_email_post_to_subs":false,"_jetpack_newsletter_tier_id":0,"_jetpack_memberships_contains_paywalled_content":false,"_jetpack_memberships_contains_paid_content":false,"footnotes":""},"categories":[51],"tags":[],"class_list":["post-57361","post","type-post","status-publish","format-standard","hentry","category-politica"],"jetpack_shortlink":"https:\/\/wp.me\/p2JWE0-eVb","jetpack-related-posts":[{"id":121390,"url":"http:\/\/www.24baires.com\/?p=121390","url_meta":{"origin":57361,"position":0},"title":"El oficialismo consigui\u00f3 dictamen para la Ley Bases y se tratar\u00e1 en el Senado","author":"GB","date":"30\/05\/2024","format":false,"excerpt":"El oficialismo consigui\u00f3 las firmas para el dictamen y la Ley Bases entrar\u00e1 en el Senado para su discusi\u00f3n. Hasta \u00faltimo momento parec\u00eda que no . La Ley Bases y el paquete fiscal de Javier Milei deber\u00e1 esperar para entrar al recinto, ya que no consiguieron las firmas necesarias para\u2026","rel":"","context":"En \u00abPol\u00edtica\u00bb","block_context":{"text":"Pol\u00edtica","link":"http:\/\/www.24baires.com\/?cat=51"},"img":{"alt_text":"","src":"https:\/\/i0.wp.com\/www.24baires.com\/wp-content\/uploads\/2024\/05\/francos-senado.webp?resize=350%2C200","width":350,"height":200,"srcset":"https:\/\/i0.wp.com\/www.24baires.com\/wp-content\/uploads\/2024\/05\/francos-senado.webp?resize=350%2C200 1x, https:\/\/i0.wp.com\/www.24baires.com\/wp-content\/uploads\/2024\/05\/francos-senado.webp?resize=525%2C300 1.5x, https:\/\/i0.wp.com\/www.24baires.com\/wp-content\/uploads\/2024\/05\/francos-senado.webp?resize=700%2C400 2x"},"classes":[]},{"id":116905,"url":"http:\/\/www.24baires.com\/?p=116905","url_meta":{"origin":57361,"position":1},"title":"El Senado buscar\u00e1 emitir dictamen al proyecto de legalizaci\u00f3n del aborto","author":"GB","date":"17\/12\/2020","format":false,"excerpt":"Los legisladores se reunir\u00e1n este jueves para pasar a la firma el dictamen con la intenci\u00f3n con el objetivo de debatir el proyecto en la sesi\u00f3n del martes 29 de diciembre El plenario de comisiones de Banca de la Mujer, Justicia y Asuntos Penales y de Salud, que tiene a\u2026","rel":"","context":"En \u00abPol\u00edtica\u00bb","block_context":{"text":"Pol\u00edtica","link":"http:\/\/www.24baires.com\/?cat=51"},"img":{"alt_text":"","src":"https:\/\/i0.wp.com\/www.24baires.com\/wp-content\/uploads\/2020\/11\/el-senado-comenzara-tratar-la-ley-del-aporte-extraordinario-el-martes-300x225.jpg?resize=350%2C200","width":350,"height":200},"classes":[]},{"id":116042,"url":"http:\/\/www.24baires.com\/?p=116042","url_meta":{"origin":57361,"position":2},"title":"JxC se niega a tratar en el Congreso el DNU por el congelamiento de tarifas telef\u00f3nicas","author":"GB","date":"24\/08\/2020","format":false,"excerpt":"Durante el fin de semana la oposici\u00f3n sali\u00f3 con los tapones de punta a rechazar la iniciativa del gobierno y en algunos casos, como el de Patricia Bullrich se manifestaron abiertamente en defensa del Grupo Clar\u00edn. Este lunes esta convocada la bicameral de seguimiento de los DNU, que debe emitir\u2026","rel":"","context":"En \u00abPol\u00edtica\u00bb","block_context":{"text":"Pol\u00edtica","link":"http:\/\/www.24baires.com\/?cat=51"},"img":{"alt_text":"","src":"https:\/\/i0.wp.com\/www.24baires.com\/wp-content\/uploads\/2020\/08\/congreso-online.jpeg?resize=350%2C200","width":350,"height":200,"srcset":"https:\/\/i0.wp.com\/www.24baires.com\/wp-content\/uploads\/2020\/08\/congreso-online.jpeg?resize=350%2C200 1x, https:\/\/i0.wp.com\/www.24baires.com\/wp-content\/uploads\/2020\/08\/congreso-online.jpeg?resize=525%2C300 1.5x"},"classes":[]},{"id":58498,"url":"http:\/\/www.24baires.com\/?p=58498","url_meta":{"origin":57361,"position":3},"title":"Argentina Digital: dictamen favorable de la Comisi\u00f3n","author":"Grupo Sierra","date":"11\/12\/2014","format":false,"excerpt":"El proyecto de ley Argentina Digital, que regula las telecomunicaciones fijas y m\u00f3viles, las redes de conexi\u00f3n a internet, la televisi\u00f3n por sat\u00e9lite y por cable, recibi\u00f3 hoy dictamen favorable de la Comisi\u00f3n de Comunicaciones de Diputados y qued\u00f3 en condiciones de recibir sanci\u00f3n definitiva el pr\u00f3ximo martes en sesi\u00f3n\u2026","rel":"","context":"En \u00abLegislativo\u00bb","block_context":{"text":"Legislativo","link":"http:\/\/www.24baires.com\/?cat=75"},"img":{"alt_text":"congreso","src":"https:\/\/i0.wp.com\/www.24baires.com\/wp-content\/uploads\/2014\/09\/congreso.jpg?resize=350%2C200","width":350,"height":200,"srcset":"https:\/\/i0.wp.com\/www.24baires.com\/wp-content\/uploads\/2014\/09\/congreso.jpg?resize=350%2C200 1x, https:\/\/i0.wp.com\/www.24baires.com\/wp-content\/uploads\/2014\/09\/congreso.jpg?resize=525%2C300 1.5x"},"classes":[]},{"id":103076,"url":"http:\/\/www.24baires.com\/?p=103076","url_meta":{"origin":57361,"position":4},"title":"Aprobaron la megafusi\u00f3n entre Cablevisi\u00f3n y Telecom","author":"AF","date":"29\/06\/2018","format":false,"excerpt":"El visto bueno lleg\u00f3 a trav\u00e9s de la \"Comisi\u00f3n Nacional de Defensa de la Competencia\". El negocio de las telecomunicaciones -virtualmente- pasa a manos del Grupo hegem\u00f3nico de H\u00e9ctor Magnetto. El nuevo gigante vale cerca de u$s11 mil millones. Finalmente, el Gobierno de Mauricio Macri aprob\u00f3 la fusi\u00f3n entre Cablevisi\u00f3n,\u2026","rel":"","context":"En \u00abSociedad\u00bb","block_context":{"text":"Sociedad","link":"http:\/\/www.24baires.com\/?cat=1"},"img":{"alt_text":"","src":"https:\/\/i0.wp.com\/www.24baires.com\/wp-content\/uploads\/2012\/12\/cablevisi%C3%B3n1.jpg?resize=350%2C200","width":350,"height":200,"srcset":"https:\/\/i0.wp.com\/www.24baires.com\/wp-content\/uploads\/2012\/12\/cablevisi%C3%B3n1.jpg?resize=350%2C200 1x, https:\/\/i0.wp.com\/www.24baires.com\/wp-content\/uploads\/2012\/12\/cablevisi%C3%B3n1.jpg?resize=525%2C300 1.5x"},"classes":[]},{"id":102289,"url":"http:\/\/www.24baires.com\/?p=102289","url_meta":{"origin":57361,"position":5},"title":"El proyecto contra el tarifazo obtuvo dictamen y ser\u00e1 tratado en el Senado","author":"AF","date":"22\/05\/2018","format":false,"excerpt":"Los legisladores opositores avanzaron con la iniciativa para retrotraer las tarifas de servicios a antes de los aumentos aplicados por la gesti\u00f3n de Macri en 2018. El proyecto de ley impulsado por la oposici\u00f3n para retrotraer las tarifas al 1\u00ba de enero de 2018 obtuvo dictamen este martes en un\u2026","rel":"","context":"En \u00abPol\u00edtica\u00bb","block_context":{"text":"Pol\u00edtica","link":"http:\/\/www.24baires.com\/?cat=51"},"img":{"alt_text":"","src":"https:\/\/i0.wp.com\/www.24baires.com\/wp-content\/uploads\/2016\/08\/contra-tarifazo.jpg?resize=350%2C200","width":350,"height":200,"srcset":"https:\/\/i0.wp.com\/www.24baires.com\/wp-content\/uploads\/2016\/08\/contra-tarifazo.jpg?resize=350%2C200 1x, https:\/\/i0.wp.com\/www.24baires.com\/wp-content\/uploads\/2016\/08\/contra-tarifazo.jpg?resize=525%2C300 1.5x"},"classes":[]}],"jetpack_sharing_enabled":true,"jetpack_likes_enabled":true,"jetpack_featured_media_url":"","_links":{"self":[{"href":"http:\/\/www.24baires.com\/index.php?rest_route=\/wp\/v2\/posts\/57361","targetHints":{"allow":["GET"]}}],"collection":[{"href":"http:\/\/www.24baires.com\/index.php?rest_route=\/wp\/v2\/posts"}],"about":[{"href":"http:\/\/www.24baires.com\/index.php?rest_route=\/wp\/v2\/types\/post"}],"author":[{"embeddable":true,"href":"http:\/\/www.24baires.com\/index.php?rest_route=\/wp\/v2\/users\/4"}],"replies":[{"embeddable":true,"href":"http:\/\/www.24baires.com\/index.php?rest_route=%2Fwp%2Fv2%2Fcomments&post=57361"}],"version-history":[{"count":1,"href":"http:\/\/www.24baires.com\/index.php?rest_route=\/wp\/v2\/posts\/57361\/revisions"}],"predecessor-version":[{"id":57362,"href":"http:\/\/www.24baires.com\/index.php?rest_route=\/wp\/v2\/posts\/57361\/revisions\/57362"}],"wp:attachment":[{"href":"http:\/\/www.24baires.com\/index.php?rest_route=%2Fwp%2Fv2%2Fmedia&parent=57361"}],"wp:term":[{"taxonomy":"category","embeddable":true,"href":"http:\/\/www.24baires.com\/index.php?rest_route=%2Fwp%2Fv2%2Fcategories&post=57361"},{"taxonomy":"post_tag","embeddable":true,"href":"http:\/\/www.24baires.com\/index.php?rest_route=%2Fwp%2Fv2%2Ftags&post=57361"}],"curies":[{"name":"wp","href":"https:\/\/api.w.org\/{rel}","templated":true}]}}