{"id":57351,"date":"2014-11-19T10:30:52","date_gmt":"2014-11-19T13:30:52","guid":{"rendered":"http:\/\/www.24baires.com\/?p=57351"},"modified":"2014-11-20T10:08:03","modified_gmt":"2014-11-20T13:08:03","slug":"carrio-anuncio-que-se-despega-del-frente-amplio-unen-nacional","status":"publish","type":"post","link":"http:\/\/www.24baires.com\/?p=57351","title":{"rendered":"Carri\u00f3 anunci\u00f3 que se despega del Frente Amplio Unen nacional"},"content":{"rendered":"<p><img data-recalc-dims=\"1\" loading=\"lazy\" decoding=\"async\" class=\"aligncenter size-full wp-image-2388\" src=\"https:\/\/i0.wp.com\/www.24baires.com\/wp-content\/uploads\/2012\/10\/carrio.jpg?resize=560%2C248\" alt=\"carrio\" width=\"560\" height=\"248\" srcset=\"https:\/\/i0.wp.com\/www.24baires.com\/wp-content\/uploads\/2012\/10\/carrio.jpg?w=560 560w, https:\/\/i0.wp.com\/www.24baires.com\/wp-content\/uploads\/2012\/10\/carrio.jpg?resize=300%2C132 300w\" sizes=\"auto, (max-width: 560px) 100vw, 560px\" \/>La diputada nacional se\u00f1al\u00f3, sin embargo, que se quedar\u00e1 en esa alianza en la Capital y en la provincia de Buenos Aires. \u00abLa decisi\u00f3n de la UCR de no hacer alianzas es la mejor manera que el peronismo gane las elecciones\u00bb, dijo.<!--more--><\/p>\n<p>\u00abLa decisi\u00f3n de la UCR de no hacer alianzas es la mejor manera que el peronismo gane la elecciones. Es posible que el kirchnerismo logre su objetivo de impunidad\u00bb, indic\u00f3 en declaraciones a la prensa.<\/p>\n<p>Agreg\u00f3 que \u00abest\u00e1 bien que la UCR haga lo que le parece, que vayan hasta donde les va. Pero yo no me suicido. Me retiro de UNEN nacional, no voy a romper la \u00fanica posibilidad que tiene la Argentina. Voy a trabajar en Provincia. Peleo por la Capital con Lousteau-S\u00e1nchez\u00bb<\/p>\n<p>\u00abHay gente de UNEN que tiene acuerdos con Scioli, gente de Ricardo Alfonsin, que llevaron a Pepe Scioli de candidato\u00bb, sostuvo.<\/p>\n<p>En ese marco, dijo que \u00abpuedo ser candidata a Presidente en otro frente o si se amplia el Frente. A lo mejor cambia Unen. No descarto nada. No descarto una primaria con Macri, no descarto que UNEN se ampl\u00ede. Est\u00e1n todos contentos. Ellos liberados de mi y yo liberada de ellos\u00bb, remarc\u00f3.<\/p>\n<p>\u00abPrefiero seguir como amigos y que la UCR haga su experiencia. Y yo sacarme esa mochila. Uno tiene pena. Yo vi otro radicalismo. Vi otra calidad de personas. Vi a Illia, a Alfons\u00edn esforzarse, lo sufr\u00ed. Vi la idea triunfar\u00bb, dijo.<\/p>\n","protected":false},"excerpt":{"rendered":"<p>La diputada nacional se\u00f1al\u00f3, sin embargo, que se quedar\u00e1 en esa alianza en la Capital y en la provincia de Buenos Aires. \u00abLa decisi\u00f3n de la UCR de no hacer alianzas es la mejor manera que el peronismo gane las elecciones\u00bb, dijo.<\/p>\n","protected":false},"author":4,"featured_media":0,"comment_status":"open","ping_status":"open","sticky":false,"template":"","format":"standard","meta":{"_jetpack_newsletter_access":"","_jetpack_dont_email_post_to_subs":false,"_jetpack_newsletter_tier_id":0,"_jetpack_memberships_contains_paywalled_content":false,"_jetpack_memberships_contains_paid_content":false,"footnotes":""},"categories":[51],"tags":[],"class_list":["post-57351","post","type-post","status-publish","format-standard","hentry","category-politica"],"jetpack_shortlink":"https:\/\/wp.me\/p2JWE0-eV1","jetpack-related-posts":[{"id":101129,"url":"http:\/\/www.24baires.com\/?p=101129","url_meta":{"origin":57351,"position":0},"title":"Alfons\u00edn quiere sacar al radicalismo de Cambiemos y armar un nuevo frente","author":"GB","date":"18\/03\/2018","format":false,"excerpt":"El ex diputado de la Uni\u00f3n C\u00edvica Radical Ricardo Alfons\u00edn pretende que el hist\u00f3rico partido rompa sus alianzas con Cambiemos y arme un nuevo frente progresista con el GEN y el Partido Socialista. El ex diputado y dirigente radical Ricardo Alfons\u00edn afirm\u00f3 hoy a NA que para 2019 la UCR\u2026","rel":"","context":"En \u00abPol\u00edtica\u00bb","block_context":{"text":"Pol\u00edtica","link":"http:\/\/www.24baires.com\/?cat=51"},"img":{"alt_text":"","src":"https:\/\/i0.wp.com\/www.24baires.com\/wp-content\/uploads\/2013\/09\/alfonsin.jpg?resize=350%2C200","width":350,"height":200,"srcset":"https:\/\/i0.wp.com\/www.24baires.com\/wp-content\/uploads\/2013\/09\/alfonsin.jpg?resize=350%2C200 1x, https:\/\/i0.wp.com\/www.24baires.com\/wp-content\/uploads\/2013\/09\/alfonsin.jpg?resize=525%2C300 1.5x"},"classes":[]},{"id":110766,"url":"http:\/\/www.24baires.com\/?p=110766","url_meta":{"origin":57351,"position":1},"title":"\u00abCambiemos\u00bb pasa a llamarse \u00abJuntos por el cambio\u00bb","author":"AF","date":"12\/06\/2019","format":false,"excerpt":"Tras anunciar el acuerdo con Miguel Pichetto para que acompa\u00f1e a Mauricio Macri en la f\u00f3rmula presidencial, el oficialismo realiz\u00f3 una lavada de cara al m\u00e1rketing electoral. Con la necesidad de reinventarse de cara a las presidenciales de 2019, el Gobierno confirm\u00f3 que \"Juntos por el Cambio\" ser\u00e1 el nombre\u2026","rel":"","context":"En \u00abPol\u00edtica\u00bb","block_context":{"text":"Pol\u00edtica","link":"http:\/\/www.24baires.com\/?cat=51"},"img":{"alt_text":"","src":"https:\/\/i0.wp.com\/www.24baires.com\/wp-content\/uploads\/2019\/03\/MACRI-CONGRESO.png?resize=350%2C200","width":350,"height":200,"srcset":"https:\/\/i0.wp.com\/www.24baires.com\/wp-content\/uploads\/2019\/03\/MACRI-CONGRESO.png?resize=350%2C200 1x, https:\/\/i0.wp.com\/www.24baires.com\/wp-content\/uploads\/2019\/03\/MACRI-CONGRESO.png?resize=525%2C300 1.5x"},"classes":[]},{"id":59826,"url":"http:\/\/www.24baires.com\/?p=59826","url_meta":{"origin":57351,"position":2},"title":"\u00abSi la UCR solo quiere ganar provincias, avisen y me vuelvo a Mendoza\u00bb dijo Cobos","author":"Grupo Sierra","date":"09\/01\/2015","format":false,"excerpt":"El diputado Julio Cobos asegur\u00f3 que sigue apuntando a una candidatura presidencial, pero dijo que evaluar\u00e1 cu\u00e1l ser\u00e1 su futuro de acuerdo con lo que resuelva la Convenci\u00f3n Nacional radical. En campa\u00f1a por la Costa Atl\u00e1ntica junto a su par socialista Hermes Binner, el diputado mendocino Julio Cobos confirm\u00f3 que\u2026","rel":"","context":"En \u00abElecciones 2015\u00bb","block_context":{"text":"Elecciones 2015","link":"http:\/\/www.24baires.com\/?cat=74"},"img":{"alt_text":"","src":"https:\/\/i0.wp.com\/www.24baires.com\/wp-content\/uploads\/2015\/01\/cobos1.jpg?resize=350%2C200","width":350,"height":200,"srcset":"https:\/\/i0.wp.com\/www.24baires.com\/wp-content\/uploads\/2015\/01\/cobos1.jpg?resize=350%2C200 1x, https:\/\/i0.wp.com\/www.24baires.com\/wp-content\/uploads\/2015\/01\/cobos1.jpg?resize=525%2C300 1.5x"},"classes":[]},{"id":108412,"url":"http:\/\/www.24baires.com\/?p=108412","url_meta":{"origin":57351,"position":3},"title":"La convenci\u00f3n de la UCR y el futuro de la alianza Cambiemos","author":"AF","date":"27\/05\/2019","format":false,"excerpt":"En Casa Rosada aguardan la decisi\u00f3n del radicalismo para definir la estrategia electoral, mientras crecen los reclamos internos por cambiar al candidato y ampliar la alianza oficialista. Mauricio Macri esperar\u00e1 al resultado de la Convenci\u00f3n de la UCR para definir sus pr\u00f3ximos pasos. Si, como espera, los radicales ratifican su\u2026","rel":"","context":"En \u00abPol\u00edtica\u00bb","block_context":{"text":"Pol\u00edtica","link":"http:\/\/www.24baires.com\/?cat=51"},"img":{"alt_text":"","src":"https:\/\/i0.wp.com\/www.24baires.com\/wp-content\/uploads\/2013\/03\/ucr.jpg?resize=350%2C200","width":350,"height":200,"srcset":"https:\/\/i0.wp.com\/www.24baires.com\/wp-content\/uploads\/2013\/03\/ucr.jpg?resize=350%2C200 1x, https:\/\/i0.wp.com\/www.24baires.com\/wp-content\/uploads\/2013\/03\/ucr.jpg?resize=525%2C300 1.5x"},"classes":[]},{"id":62808,"url":"http:\/\/www.24baires.com\/?p=62808","url_meta":{"origin":57351,"position":4},"title":"Por problemas internos, se posterg\u00f3 la convenci\u00f3n de la UCR bonaerense","author":"GB","date":"07\/03\/2015","format":false,"excerpt":"La Convenci\u00f3n de ese espacio de la provincia de Buenos Aires no pudo dar inicio a la sesi\u00f3n en la localidad de Arrecifes por falta de qu\u00f3rum debido a la ausencia de sectores del radicalismo que est\u00e1n enfrentados por la decisi\u00f3n partidaria de realizar alianzas con otros espacios pol\u00edticos para\u2026","rel":"","context":"En \u00abPol\u00edtica\u00bb","block_context":{"text":"Pol\u00edtica","link":"http:\/\/www.24baires.com\/?cat=51"},"img":{"alt_text":"","src":"","width":0,"height":0},"classes":[]},{"id":63181,"url":"http:\/\/www.24baires.com\/?p=63181","url_meta":{"origin":57351,"position":5},"title":"\u00abCuando se unen &#8216;en contra de&#8217;, las cosas nunca salen a favor\u00bb","author":"AF","date":"15\/03\/2015","format":false,"excerpt":"El gobernador bonaerense Daniel Scioli se refiri\u00f3 as\u00ed a la Convenci\u00f3n de la UCR que ratific\u00f3 anoche el acuerdo electoral con el PRO de cara a las elecciones nacionales de este a\u00f1o. \"Yo siento la enorme responsabilidad de llevar al peronismo a la victoria frente a esta alianza que se\u2026","rel":"","context":"En \u00abPol\u00edtica\u00bb","block_context":{"text":"Pol\u00edtica","link":"http:\/\/www.24baires.com\/?cat=51"},"img":{"alt_text":"","src":"","width":0,"height":0},"classes":[]}],"jetpack_sharing_enabled":true,"jetpack_likes_enabled":true,"jetpack_featured_media_url":"","_links":{"self":[{"href":"http:\/\/www.24baires.com\/index.php?rest_route=\/wp\/v2\/posts\/57351","targetHints":{"allow":["GET"]}}],"collection":[{"href":"http:\/\/www.24baires.com\/index.php?rest_route=\/wp\/v2\/posts"}],"about":[{"href":"http:\/\/www.24baires.com\/index.php?rest_route=\/wp\/v2\/types\/post"}],"author":[{"embeddable":true,"href":"http:\/\/www.24baires.com\/index.php?rest_route=\/wp\/v2\/users\/4"}],"replies":[{"embeddable":true,"href":"http:\/\/www.24baires.com\/index.php?rest_route=%2Fwp%2Fv2%2Fcomments&post=57351"}],"version-history":[{"count":1,"href":"http:\/\/www.24baires.com\/index.php?rest_route=\/wp\/v2\/posts\/57351\/revisions"}],"predecessor-version":[{"id":57352,"href":"http:\/\/www.24baires.com\/index.php?rest_route=\/wp\/v2\/posts\/57351\/revisions\/57352"}],"wp:attachment":[{"href":"http:\/\/www.24baires.com\/index.php?rest_route=%2Fwp%2Fv2%2Fmedia&parent=57351"}],"wp:term":[{"taxonomy":"category","embeddable":true,"href":"http:\/\/www.24baires.com\/index.php?rest_route=%2Fwp%2Fv2%2Fcategories&post=57351"},{"taxonomy":"post_tag","embeddable":true,"href":"http:\/\/www.24baires.com\/index.php?rest_route=%2Fwp%2Fv2%2Ftags&post=57351"}],"curies":[{"name":"wp","href":"https:\/\/api.w.org\/{rel}","templated":true}]}}