{"id":57349,"date":"2014-11-19T10:00:41","date_gmt":"2014-11-19T13:00:41","guid":{"rendered":"http:\/\/www.24baires.com\/?p=57349"},"modified":"2014-11-20T10:07:59","modified_gmt":"2014-11-20T13:07:59","slug":"capitanich-barrios-de-pie-no-es-un-movimiento-social-sino-una-agrupacion-politica","status":"publish","type":"post","link":"http:\/\/www.24baires.com\/?p=57349","title":{"rendered":"Capitanich: \u00abBarrios de Pie no es un movimiento social, sino una agrupaci\u00f3n pol\u00edtica\u00bb"},"content":{"rendered":"<p><img data-recalc-dims=\"1\" loading=\"lazy\" decoding=\"async\" class=\"aligncenter size-full wp-image-53422\" src=\"https:\/\/i0.wp.com\/www.24baires.com\/wp-content\/uploads\/2014\/09\/capitanich1.jpg?resize=560%2C420\" alt=\"capitanich\" width=\"560\" height=\"420\" srcset=\"https:\/\/i0.wp.com\/www.24baires.com\/wp-content\/uploads\/2014\/09\/capitanich1.jpg?w=560 560w, https:\/\/i0.wp.com\/www.24baires.com\/wp-content\/uploads\/2014\/09\/capitanich1.jpg?resize=300%2C225 300w\" sizes=\"auto, (max-width: 560px) 100vw, 560px\" \/>El jefe de Gabinete afirm\u00f3 que la organizaci\u00f3n mantiene \u00abuna alianza con el socialismo\u00bb que lidera el diputado nacional Hermes Binner y adem\u00e1s subray\u00f3 que \u201cconstituye una acci\u00f3n de oposici\u00f3n sistem\u00e1tica\u201d.<!--more--><\/p>\n<p>Lo expres\u00f3 en su habitual encuentro con los periodistas acreditados en la casa de Gobierno, al ser consultado ante los reclamos a supermercados para que distribuyan comida por miembros de esa agrupaci\u00f3n.<\/p>\n<p>\u00abNo es un movimiento social, sino una agrupaci\u00f3n pol\u00edtica que en el orden nacional es liderada por el ex gobernador de Santa Fe y actual diputado nacional Hermes Binner\u201d, sostuvo el jefe de ministros.<\/p>\n<p>Capitanich indic\u00f3 que \u201ccomo expresi\u00f3n pol\u00edtica que pertenece al socialismo o en alianza con el socialismo, debe el mismo Binner clarificar cu\u00e1l es la posici\u00f3n de Barrios de Pie\u201d, y reiter\u00f3 que esa agrupaci\u00f3n \u201cconstituye una acci\u00f3n de oposici\u00f3n sistem\u00e1tica\u201d.<\/p>\n","protected":false},"excerpt":{"rendered":"<p>El jefe de Gabinete afirm\u00f3 que la organizaci\u00f3n mantiene \u00abuna alianza con el socialismo\u00bb que lidera el diputado nacional Hermes Binner y adem\u00e1s subray\u00f3 que \u201cconstituye una acci\u00f3n de oposici\u00f3n sistem\u00e1tica\u201d.<\/p>\n","protected":false},"author":4,"featured_media":0,"comment_status":"open","ping_status":"open","sticky":false,"template":"","format":"standard","meta":{"_jetpack_newsletter_access":"","_jetpack_dont_email_post_to_subs":false,"_jetpack_newsletter_tier_id":0,"_jetpack_memberships_contains_paywalled_content":false,"_jetpack_memberships_contains_paid_content":false,"footnotes":""},"categories":[51],"tags":[],"class_list":["post-57349","post","type-post","status-publish","format-standard","hentry","category-politica"],"jetpack_shortlink":"https:\/\/wp.me\/p2JWE0-eUZ","jetpack-related-posts":[{"id":43050,"url":"http:\/\/www.24baires.com\/?p=43050","url_meta":{"origin":57349,"position":0},"title":"\u00abNo hay problema en que nos comparen con la Alianza\u00bb asegur\u00f3 Binner","author":"Grupo Sierra","date":"30\/03\/2014","format":false,"excerpt":"As\u00ed lo manifest\u00f3 el titular del FAP, Hermes Binner, quien adem\u00e1s sostuvo que el espacio \"estudio profundamente para ver las cosas que no hay que hacer\". En tanto, se refiri\u00f3 a las candidaturas en el frente UNEN a nivel nacional, que intgra el radicalismo, socialismo, Coalici\u00f3n C\u00edvica y el GEN,\u2026","rel":"","context":"En \u00abPol\u00edtica\u00bb","block_context":{"text":"Pol\u00edtica","link":"http:\/\/www.24baires.com\/?cat=51"},"img":{"alt_text":"binner","src":"https:\/\/i0.wp.com\/www.24baires.com\/wp-content\/uploads\/2013\/05\/binner-300x199.jpg?resize=350%2C200","width":350,"height":200},"classes":[]},{"id":24617,"url":"http:\/\/www.24baires.com\/?p=24617","url_meta":{"origin":57349,"position":1},"title":"Expulsan al socialismo de Binner de un Foro Internacional por \u00abderechista\u00bb","author":"Grupo Sierra","date":"29\/05\/2013","format":false,"excerpt":"El Foro Social de San Pablo (FSP) decidi\u00f3 ayer expulsar al partido liderado por Hermes Binner de su grupo de trabajos por sostener posturas de derecha. El d\u00eda despu\u00e9s de la muerte de Hugo Ch\u00e1vez, Binner hab\u00eda afirmado que hubiera votado al opositor Henrique Capriles. Luego responsabiliz\u00f3 a los gobiernos\u2026","rel":"","context":"En \u00abPol\u00edtica\u00bb","block_context":{"text":"Pol\u00edtica","link":"http:\/\/www.24baires.com\/?cat=51"},"img":{"alt_text":"binner","src":"https:\/\/i0.wp.com\/www.24baires.com\/wp-content\/uploads\/2013\/05\/binner-300x199.jpg?resize=350%2C200","width":350,"height":200},"classes":[]},{"id":57586,"url":"http:\/\/www.24baires.com\/?p=57586","url_meta":{"origin":57349,"position":2},"title":"Berni anticip\u00f3 que tienen \u00abalgunos datos\u00bb para prevenir saqueos","author":"Grupo Sierra","date":"23\/11\/2014","format":false,"excerpt":"Adem\u00e1s, el secretario de Seguridad de la Naci\u00f3n pidi\u00f3 \"preguntarle\" a Hermes Binner \"por qu\u00e9\" algunas organizaciones sociales producen \"preocupaci\u00f3n\" en los supermercadistas. Si bien aclar\u00f3 que en el Gobierno no se est\u00e1 \"pensando\" bajo \"ning\u00fan aspecto\" en un \"estallido social\" para diciembre, Sergio Berni reconoci\u00f3 que \"tenemos informes confidenciales\u2026","rel":"","context":"En \u00abGeneral\u00bb","block_context":{"text":"General","link":"http:\/\/www.24baires.com\/?cat=67"},"img":{"alt_text":"conferencia berni","src":"https:\/\/i0.wp.com\/www.24baires.com\/wp-content\/uploads\/2014\/02\/conferencia-berni.jpg?resize=350%2C200","width":350,"height":200,"srcset":"https:\/\/i0.wp.com\/www.24baires.com\/wp-content\/uploads\/2014\/02\/conferencia-berni.jpg?resize=350%2C200 1x, https:\/\/i0.wp.com\/www.24baires.com\/wp-content\/uploads\/2014\/02\/conferencia-berni.jpg?resize=525%2C300 1.5x"},"classes":[]},{"id":44341,"url":"http:\/\/www.24baires.com\/?p=44341","url_meta":{"origin":57349,"position":3},"title":"Cerrando el rejunte, presentan esta semana el espacio UNEN","author":"Grupo Sierra","date":"20\/04\/2014","format":false,"excerpt":"La alianza que nuclea a la UCR, el socialismo, Coalici\u00f3n C\u00edvica, Proyecto Sur, Libres del Sur, GEN y varios frentes provinciales har\u00e1 su ingreso formal a la pol\u00edtica nacional durante el martes, con un acto fundacional en el teatro Broadway de Avenida Corrientes. Las luces, sombras e interrogantes de un\u2026","rel":"","context":"En \u00abPol\u00edtica\u00bb","block_context":{"text":"Pol\u00edtica","link":"http:\/\/www.24baires.com\/?cat=51"},"img":{"alt_text":"","src":"https:\/\/i0.wp.com\/www.24baires.com\/wp-content\/uploads\/2014\/04\/UNEN.jpg?resize=350%2C200","width":350,"height":200,"srcset":"https:\/\/i0.wp.com\/www.24baires.com\/wp-content\/uploads\/2014\/04\/UNEN.jpg?resize=350%2C200 1x, https:\/\/i0.wp.com\/www.24baires.com\/wp-content\/uploads\/2014\/04\/UNEN.jpg?resize=525%2C300 1.5x"},"classes":[]},{"id":48227,"url":"http:\/\/www.24baires.com\/?p=48227","url_meta":{"origin":57349,"position":4},"title":"Binner y los buitres","author":"Grupo Sierra","date":"17\/06\/2014","format":false,"excerpt":"Cuando retuvieron la Fragata Libertad en Ghana, \u00e9l propuso poner alcanc\u00edas en las esquinas y juntar dinero para pagarle a los acreedores y recuperar el buque. Nunca critic\u00f3 la deuda que se ten\u00eda con esos \u2018acreedores\u2019, ni c\u00f3mo se hab\u00eda llegado a deber, ni habl\u00f3 de quienes se hab\u00edan endeudado,\u2026","rel":"","context":"En \u00abOpini\u00f3n\u00bb","block_context":{"text":"Opini\u00f3n","link":"http:\/\/www.24baires.com\/?cat=64"},"img":{"alt_text":"","src":"https:\/\/i0.wp.com\/www.24baires.com\/wp-content\/uploads\/2014\/06\/binner.jpg?resize=350%2C200","width":350,"height":200,"srcset":"https:\/\/i0.wp.com\/www.24baires.com\/wp-content\/uploads\/2014\/06\/binner.jpg?resize=350%2C200 1x, https:\/\/i0.wp.com\/www.24baires.com\/wp-content\/uploads\/2014\/06\/binner.jpg?resize=525%2C300 1.5x"},"classes":[]},{"id":33890,"url":"http:\/\/www.24baires.com\/?p=33890","url_meta":{"origin":57349,"position":5},"title":"Stolbizer asegur\u00f3 que Macri y Massa \u00abno tienen chances\u00bb en el 2015","author":"GB","date":"21\/10\/2013","format":false,"excerpt":"A menos de una semana de las elecciones, la primera candidata a diputada nacional por el FPCyS bonaerense volvi\u00f3 a cargar contra el Frente Renovador. \"Algunos han demostrado que son opciones electorales pero sin compromiso real con esos ideales\", advirti\u00f3. Tambi\u00e9n se mostr\u00f3 confiada en superar el 11 por ciento\u2026","rel":"","context":"En \u00abELECCIONES 2013\u00bb","block_context":{"text":"ELECCIONES 2013","link":"http:\/\/www.24baires.com\/?cat=72"},"img":{"alt_text":"stolbizer","src":"https:\/\/i0.wp.com\/www.24baires.com\/wp-content\/uploads\/2013\/09\/stolbizer.jpg?resize=350%2C200","width":350,"height":200},"classes":[]}],"jetpack_sharing_enabled":true,"jetpack_likes_enabled":true,"jetpack_featured_media_url":"","_links":{"self":[{"href":"http:\/\/www.24baires.com\/index.php?rest_route=\/wp\/v2\/posts\/57349","targetHints":{"allow":["GET"]}}],"collection":[{"href":"http:\/\/www.24baires.com\/index.php?rest_route=\/wp\/v2\/posts"}],"about":[{"href":"http:\/\/www.24baires.com\/index.php?rest_route=\/wp\/v2\/types\/post"}],"author":[{"embeddable":true,"href":"http:\/\/www.24baires.com\/index.php?rest_route=\/wp\/v2\/users\/4"}],"replies":[{"embeddable":true,"href":"http:\/\/www.24baires.com\/index.php?rest_route=%2Fwp%2Fv2%2Fcomments&post=57349"}],"version-history":[{"count":1,"href":"http:\/\/www.24baires.com\/index.php?rest_route=\/wp\/v2\/posts\/57349\/revisions"}],"predecessor-version":[{"id":57350,"href":"http:\/\/www.24baires.com\/index.php?rest_route=\/wp\/v2\/posts\/57349\/revisions\/57350"}],"wp:attachment":[{"href":"http:\/\/www.24baires.com\/index.php?rest_route=%2Fwp%2Fv2%2Fmedia&parent=57349"}],"wp:term":[{"taxonomy":"category","embeddable":true,"href":"http:\/\/www.24baires.com\/index.php?rest_route=%2Fwp%2Fv2%2Fcategories&post=57349"},{"taxonomy":"post_tag","embeddable":true,"href":"http:\/\/www.24baires.com\/index.php?rest_route=%2Fwp%2Fv2%2Ftags&post=57349"}],"curies":[{"name":"wp","href":"https:\/\/api.w.org\/{rel}","templated":true}]}}