{"id":57338,"date":"2014-11-18T20:00:16","date_gmt":"2014-11-18T23:00:16","guid":{"rendered":"http:\/\/www.24baires.com\/?p=57338"},"modified":"2014-11-18T20:01:50","modified_gmt":"2014-11-18T23:01:50","slug":"ibarra-fue-escrachado-en-un-acto-luego-de-la-muerte-de-chaban","status":"publish","type":"post","link":"http:\/\/www.24baires.com\/?p=57338","title":{"rendered":"Ibarra fue escrachado en un acto, luego de la muerte de Chab\u00e1n"},"content":{"rendered":"<p><img data-recalc-dims=\"1\" loading=\"lazy\" decoding=\"async\" class=\"aligncenter size-full wp-image-51988\" src=\"https:\/\/i0.wp.com\/www.24baires.com\/wp-content\/uploads\/2014\/08\/ibarra.jpg?resize=560%2C343\" alt=\"ibarra\" width=\"560\" height=\"343\" srcset=\"https:\/\/i0.wp.com\/www.24baires.com\/wp-content\/uploads\/2014\/08\/ibarra.jpg?w=560 560w, https:\/\/i0.wp.com\/www.24baires.com\/wp-content\/uploads\/2014\/08\/ibarra.jpg?resize=300%2C183 300w\" sizes=\"auto, (max-width: 560px) 100vw, 560px\" \/>El exjefe de gobierno recibi\u00f3 ayer insultos y agresiones en medio de un acto que ten\u00eda programado en Villa Crespo. Acusa a un periodista de haber promovido el hecho.<!--more--><\/p>\n<p>El exjefe de Gobierno porte\u00f1o An\u00edbal Ibarra sufri\u00f3 un escrache ayer en la localidad de Villa Crespo. Seg\u00fan denunci\u00f3 hoy, el hecho tuvo lugar en un acto cerrado que iba a dar con comerciantes del lugar y dirigentes de su espacio, el Frente Progresista Popular.<\/p>\n<p>Ibarra sostuvo que un periodista del diario Clar\u00edn llam\u00f3 \u201cdesde temprano\u201d para conocer su agenda del d\u00eda y todos los detalles posibles del acto que iba a dar en un barrio porte\u00f1o. Seg\u00fan el legislador, hab\u00eda 30 personas cuando lleg\u00f3 el cronista con un fot\u00f3grafo \u201cy a los cinco minutos aparecieron cinco o seis familiares, gente que dec\u00eda ser familiares de v\u00edctimas de Croma\u00f1\u00f3n\u201d.<\/p>\n<p>\u201cEmpezaron a tirar vasos de vidrio y hasta patearon a una se\u00f1ora de 80 a\u00f1os\u00bb, relat\u00f3 Ibarra, quien debi\u00f3 abandonar el lugar.<\/p>\n<p>El escrache contra Ibarra coincidi\u00f3 con el d\u00eda de la muerte de Omar Chab\u00e1n, el gerenciador del boliche Croma\u00f1\u00f3n en el que murieron 194 personas el 30 de diciembre de 2004.<\/p>\n<p>&nbsp;<\/p>\n<p>&nbsp;<\/p>\n<p>&nbsp;<\/p>\n","protected":false},"excerpt":{"rendered":"<p>El exjefe de gobierno recibi\u00f3 ayer insultos y agresiones en medio de un acto que ten\u00eda programado en Villa Crespo. Acusa a un periodista de haber promovido el hecho.<\/p>\n","protected":false},"author":11,"featured_media":0,"comment_status":"open","ping_status":"open","sticky":false,"template":"","format":"standard","meta":{"_jetpack_newsletter_access":"","_jetpack_dont_email_post_to_subs":false,"_jetpack_newsletter_tier_id":0,"_jetpack_memberships_contains_paywalled_content":false,"_jetpack_memberships_contains_paid_content":false,"footnotes":""},"categories":[51],"tags":[],"class_list":["post-57338","post","type-post","status-publish","format-standard","hentry","category-politica"],"jetpack_shortlink":"https:\/\/wp.me\/p2JWE0-eUO","jetpack-related-posts":[{"id":37367,"url":"http:\/\/www.24baires.com\/?p=37367","url_meta":{"origin":57338,"position":0},"title":"Despu\u00e9s del veredicto, De La R\u00faa dijo que reivindicaron a Chacho \u00c1lvarez","author":"Grupo Sierra","date":"24\/12\/2013","format":false,"excerpt":"El expresidente Fernando de la R\u00faa asegur\u00f3 este martes que la acusaci\u00f3n por las presuntas coimas en el Senado, que la Justicia rechaz\u00f3, fue \"organizada\" para \"la reivindicaci\u00f3n\" del exvicepresidente Carlos \"Chacho\" Alvarez. \"Organizaron esto para la reivindicaci\u00f3n de Alvarez, que estaba condenado por la ligereza de su renuncia\" a\u2026","rel":"","context":"En \u00abSociedad\u00bb","block_context":{"text":"Sociedad","link":"http:\/\/www.24baires.com\/?cat=1"},"img":{"alt_text":"Fernando de la R\u00faa","src":"https:\/\/i0.wp.com\/www.24baires.com\/wp-content\/uploads\/2012\/12\/de-la-r%C3%BAa-253x300.jpg?resize=350%2C200","width":350,"height":200},"classes":[]},{"id":51987,"url":"http:\/\/www.24baires.com\/?p=51987","url_meta":{"origin":57338,"position":1},"title":"Ibarra denunci\u00f3 \u00abendeudamiento sistem\u00e1tico\u00bb del Gobierno porte\u00f1o","author":"AF","date":"17\/08\/2014","format":false,"excerpt":"El legislador porte\u00f1o An\u00edbal Ibarra denunci\u00f3 la \"sistem\u00e1tica\" pol\u00edtica de endeudamiento en d\u00f3lares de la gesti\u00f3n de Mauricio Macri y puso en duda c\u00f3mo har\u00e1 la Ciudad para pagar el vencimiento de deuda de 475 millones de d\u00f3lares que tendr\u00e1 que afrontar en abril del 2015. El ex jefe de\u2026","rel":"","context":"En \u00abPol\u00edtica\u00bb","block_context":{"text":"Pol\u00edtica","link":"http:\/\/www.24baires.com\/?cat=51"},"img":{"alt_text":"","src":"https:\/\/i0.wp.com\/www.24baires.com\/wp-content\/uploads\/2014\/08\/ibarra.jpg?resize=350%2C200","width":350,"height":200,"srcset":"https:\/\/i0.wp.com\/www.24baires.com\/wp-content\/uploads\/2014\/08\/ibarra.jpg?resize=350%2C200 1x, https:\/\/i0.wp.com\/www.24baires.com\/wp-content\/uploads\/2014\/08\/ibarra.jpg?resize=525%2C300 1.5x"},"classes":[]},{"id":85769,"url":"http:\/\/www.24baires.com\/?p=85769","url_meta":{"origin":57338,"position":2},"title":"Acindar levanta un turno y despide 30 empleados. Hay temor de cierre.","author":"Grupo Sierra","date":"01\/08\/2016","format":false,"excerpt":"A la decisi\u00f3n de la sider\u00fargica Acindar de suspender a 400 empleados de su planta de Villa Constituci\u00f3n, se le suman 30 despidos en Rosario al levantarse un turno de producci\u00f3n. El titular de la UOM Rosario, Marcelo Donello, inform\u00f3 que la f\u00e1brica se desprender\u00eda a partir de hoy de\u2026","rel":"","context":"En \u00abEconom\u00eda\u00bb","block_context":{"text":"Econom\u00eda","link":"http:\/\/www.24baires.com\/?cat=45"},"img":{"alt_text":"","src":"https:\/\/i0.wp.com\/www.24baires.com\/wp-content\/uploads\/2016\/08\/acero171013.jpg?resize=350%2C200","width":350,"height":200,"srcset":"https:\/\/i0.wp.com\/www.24baires.com\/wp-content\/uploads\/2016\/08\/acero171013.jpg?resize=350%2C200 1x, https:\/\/i0.wp.com\/www.24baires.com\/wp-content\/uploads\/2016\/08\/acero171013.jpg?resize=525%2C300 1.5x"},"classes":[]},{"id":42991,"url":"http:\/\/www.24baires.com\/?p=42991","url_meta":{"origin":57338,"position":3},"title":"Familiares de Malvinas Argentinas escracharon a Cariglino","author":"Grupo Sierra","date":"29\/03\/2014","format":false,"excerpt":"En un evento en el Congreso nacional en el que un diputado del espacio que lidera Sergio Massa, pensaba destacar \u201cla trayectoria\u201d del intendente de Malvinas Argentinas, un grupo de familiares de un joven fallecido en el municipio ingres\u00f3 al Sal\u00f3n de los Pasos Perdidos a repudiar la premiaci\u00f3n. Un\u2026","rel":"","context":"En \u00abLocales\u00bb","block_context":{"text":"Locales","link":"http:\/\/www.24baires.com\/?cat=38"},"img":{"alt_text":"cariglino-escandalo-malvinas-argentinas","src":"https:\/\/i0.wp.com\/www.24baires.com\/wp-content\/uploads\/2012\/10\/cariglino-escandalo-malvinas-argentinas.jpg?resize=350%2C200","width":350,"height":200,"srcset":"https:\/\/i0.wp.com\/www.24baires.com\/wp-content\/uploads\/2012\/10\/cariglino-escandalo-malvinas-argentinas.jpg?resize=350%2C200 1x, https:\/\/i0.wp.com\/www.24baires.com\/wp-content\/uploads\/2012\/10\/cariglino-escandalo-malvinas-argentinas.jpg?resize=525%2C300 1.5x"},"classes":[]},{"id":116672,"url":"http:\/\/www.24baires.com\/?p=116672","url_meta":{"origin":57338,"position":4},"title":"Acusan a Macri y Aguad de presunto encubrimiento del hundimiento del ARA San Juan","author":"AF","date":"11\/11\/2020","format":false,"excerpt":"Con la certificaci\u00f3n de las declaraciones de quien fue comandante de Adiestramiento y Alistamiento de la Armada, los abogados presentaron una denuncia penal ante los tribunales federales de Comodoro Py. La querella mayoritaria de familiares de tripulantes del submarino ARA San Juan denunci\u00f3 este mi\u00e9rcoles al expresidente Mauricio Macri y\u2026","rel":"","context":"En \u00abJUDICIALES\u00bb","block_context":{"text":"JUDICIALES","link":"http:\/\/www.24baires.com\/?cat=68"},"img":{"alt_text":"","src":"https:\/\/i0.wp.com\/www.24baires.com\/wp-content\/uploads\/2019\/08\/macri-aguad.jpg?resize=350%2C200","width":350,"height":200,"srcset":"https:\/\/i0.wp.com\/www.24baires.com\/wp-content\/uploads\/2019\/08\/macri-aguad.jpg?resize=350%2C200 1x, https:\/\/i0.wp.com\/www.24baires.com\/wp-content\/uploads\/2019\/08\/macri-aguad.jpg?resize=525%2C300 1.5x"},"classes":[]},{"id":118470,"url":"http:\/\/www.24baires.com\/?p=118470","url_meta":{"origin":57338,"position":5},"title":"El exjefe de seguridad del Bapro complic\u00f3 a\u00fan m\u00e1s a Vidal","author":"AF","date":"19\/01\/2022","format":false,"excerpt":"Mariano Albito respondi\u00f3 preguntas ante la Comisi\u00f3n Bicameral de Inteligencia del Congreso Nacional, en el marco de la investigaci\u00f3n que lleva adelante ese grupo parlamentario de trabajo sobre el accionar de una mesa judicial bonaerense durante la gesti\u00f3n de Vidal. El exjefe de seguridad de la sede porte\u00f1a del Banco\u2026","rel":"","context":"En \u00abJUDICIALES\u00bb","block_context":{"text":"JUDICIALES","link":"http:\/\/www.24baires.com\/?cat=68"},"img":{"alt_text":"","src":"https:\/\/i0.wp.com\/www.24baires.com\/wp-content\/uploads\/2019\/08\/vidall-1.jpg?resize=350%2C200","width":350,"height":200,"srcset":"https:\/\/i0.wp.com\/www.24baires.com\/wp-content\/uploads\/2019\/08\/vidall-1.jpg?resize=350%2C200 1x, https:\/\/i0.wp.com\/www.24baires.com\/wp-content\/uploads\/2019\/08\/vidall-1.jpg?resize=525%2C300 1.5x"},"classes":[]}],"jetpack_sharing_enabled":true,"jetpack_likes_enabled":true,"jetpack_featured_media_url":"","_links":{"self":[{"href":"http:\/\/www.24baires.com\/index.php?rest_route=\/wp\/v2\/posts\/57338","targetHints":{"allow":["GET"]}}],"collection":[{"href":"http:\/\/www.24baires.com\/index.php?rest_route=\/wp\/v2\/posts"}],"about":[{"href":"http:\/\/www.24baires.com\/index.php?rest_route=\/wp\/v2\/types\/post"}],"author":[{"embeddable":true,"href":"http:\/\/www.24baires.com\/index.php?rest_route=\/wp\/v2\/users\/11"}],"replies":[{"embeddable":true,"href":"http:\/\/www.24baires.com\/index.php?rest_route=%2Fwp%2Fv2%2Fcomments&post=57338"}],"version-history":[{"count":1,"href":"http:\/\/www.24baires.com\/index.php?rest_route=\/wp\/v2\/posts\/57338\/revisions"}],"predecessor-version":[{"id":57339,"href":"http:\/\/www.24baires.com\/index.php?rest_route=\/wp\/v2\/posts\/57338\/revisions\/57339"}],"wp:attachment":[{"href":"http:\/\/www.24baires.com\/index.php?rest_route=%2Fwp%2Fv2%2Fmedia&parent=57338"}],"wp:term":[{"taxonomy":"category","embeddable":true,"href":"http:\/\/www.24baires.com\/index.php?rest_route=%2Fwp%2Fv2%2Fcategories&post=57338"},{"taxonomy":"post_tag","embeddable":true,"href":"http:\/\/www.24baires.com\/index.php?rest_route=%2Fwp%2Fv2%2Ftags&post=57338"}],"curies":[{"name":"wp","href":"https:\/\/api.w.org\/{rel}","templated":true}]}}