{"id":57334,"date":"2014-11-18T19:06:28","date_gmt":"2014-11-18T22:06:28","guid":{"rendered":"http:\/\/www.24baires.com\/?p=57334"},"modified":"2014-11-18T18:54:43","modified_gmt":"2014-11-18T21:54:43","slug":"para-moreau-le-pusieron-una-lapida-al-radicalismo","status":"publish","type":"post","link":"http:\/\/www.24baires.com\/?p=57334","title":{"rendered":"Para Moreau, \u00abLe pusieron una l\u00e1pida al radicalismo\u00bb"},"content":{"rendered":"<p><img data-recalc-dims=\"1\" loading=\"lazy\" decoding=\"async\" class=\"aligncenter size-full wp-image-38605\" src=\"https:\/\/i0.wp.com\/www.24baires.com\/wp-content\/uploads\/2014\/01\/moreau.jpg?resize=560%2C420\" alt=\"moreau\" width=\"560\" height=\"420\" srcset=\"https:\/\/i0.wp.com\/www.24baires.com\/wp-content\/uploads\/2014\/01\/moreau.jpg?w=560 560w, https:\/\/i0.wp.com\/www.24baires.com\/wp-content\/uploads\/2014\/01\/moreau.jpg?resize=300%2C225 300w\" sizes=\"auto, (max-width: 560px) 100vw, 560px\" \/>El exsenador y referente radical, Leopoldo Moreau, se refiri\u00f3 a la cumbre de dirigentes de la UCR que se llev\u00f3 a cabo en San Fernando, donde se descart\u00f3 una alianza nacional con Mauricio Macri y Sergio Massa pero s\u00ed se habilitaron acuerdos distritales. <!--more--><\/p>\n<p>Para Leopoldo Moreau, la \u201cpol\u00edtica ficcional\u201d desarrollada por dirigentes de la Uni\u00f3n C\u00edvica Radical \u201cha llevado a un partido hist\u00f3rico al borde de su desaparici\u00f3n\u201d.<\/p>\n<p>Sobre la cumbre de dirigentes de la UCR que se llev\u00f3 a cabo en San Fernando, dijo que \u201cun pu\u00f1ado de dirigentes radicales ha vuelto a reiterar el error de congregarse para debatir s\u00f3lo alrededor del tacticaje electoral dejando de lado la discusi\u00f3n de un proyecto de pa\u00eds que, mirando al mundo y a la regi\u00f3n, afiance una naci\u00f3n industrial, soberana y solidaria\u201d.<\/p>\n<p>Moreau se lament\u00f3 del \u2018camino intermedio\u2019 elegido por la conducci\u00f3n del radicalismo, entre las dos l\u00edneas que a priori estaban en pugna: pactar o no pactar con el macrismo y el massismo para las PASO del a\u00f1o pr\u00f3ximo.<\/p>\n<p>\u201cLe est\u00e1n poniendo una l\u00e1pida al radicalismo como fuerza nacional, abriendo el camino -en el mejor de los casos- a la existencia de nuevas formaciones provinciales o municipales, pero nada ocurre de casualidad. Se ha desembocado en este resultado porque se abandon\u00f3 la identidad nacional, popular, progresista y democr\u00e1tica que caracteriz\u00f3 a esta corriente hist\u00f3rica\u201d, afirm\u00f3 el dirigente.<\/p>\n<p>Finalmente, advierti\u00f3 que \u201cdesconocer y, lo que es peor, negar la contradicci\u00f3n entre democracia y corporaciones, y la puja desatada en torno a la distribuci\u00f3n del ingreso llev\u00f3 al ejercicio de un oposicionamiento ciego que ha deslizado a la dirigencia hacia posturas de centro derecha\u201d.<\/p>\n<p>&nbsp;<\/p>\n<p>&nbsp;<\/p>\n<p>&nbsp;<\/p>\n<p>&nbsp;<\/p>\n","protected":false},"excerpt":{"rendered":"<p>El exsenador y referente radical, Leopoldo Moreau, se refiri\u00f3 a la cumbre de dirigentes de la UCR que se llev\u00f3 a cabo en San Fernando, donde se descart\u00f3 una alianza nacional con Mauricio Macri y Sergio Massa pero s\u00ed se habilitaron acuerdos distritales.<\/p>\n","protected":false},"author":11,"featured_media":0,"comment_status":"open","ping_status":"open","sticky":false,"template":"","format":"standard","meta":{"_jetpack_newsletter_access":"","_jetpack_dont_email_post_to_subs":false,"_jetpack_newsletter_tier_id":0,"_jetpack_memberships_contains_paywalled_content":false,"_jetpack_memberships_contains_paid_content":false,"footnotes":""},"categories":[51],"tags":[],"class_list":["post-57334","post","type-post","status-publish","format-standard","hentry","category-politica"],"jetpack_shortlink":"https:\/\/wp.me\/p2JWE0-eUK","jetpack-related-posts":[{"id":59608,"url":"http:\/\/www.24baires.com\/?p=59608","url_meta":{"origin":57334,"position":0},"title":"Moreau contra la \u00abcoalici\u00f3n neoliberal\u00bb que promueve la conducci\u00f3n de la UCR","author":"Grupo Sierra","date":"05\/01\/2015","format":false,"excerpt":"Leopoldo Moreau cuestion\u00f3 a la c\u00fapula radical por promover acuerdos con Mauricio Macri y Sergio Massa. \u201cUna restauraci\u00f3n conservadora no puede truncar los avances logrados por el pueblo argentino\", advirti\u00f3. \"Miles de radicales no acompa\u00f1aremos la coalici\u00f3n neoliberal ni apuntalaremos la resurrecci\u00f3n del pejotismo conservador que uno y otro representan\u2026","rel":"","context":"En \u00abElecciones 2015\u00bb","block_context":{"text":"Elecciones 2015","link":"http:\/\/www.24baires.com\/?cat=74"},"img":{"alt_text":"moreau","src":"https:\/\/i0.wp.com\/www.24baires.com\/wp-content\/uploads\/2014\/01\/moreau.jpg?resize=350%2C200","width":350,"height":200,"srcset":"https:\/\/i0.wp.com\/www.24baires.com\/wp-content\/uploads\/2014\/01\/moreau.jpg?resize=350%2C200 1x, https:\/\/i0.wp.com\/www.24baires.com\/wp-content\/uploads\/2014\/01\/moreau.jpg?resize=525%2C300 1.5x"},"classes":[]},{"id":89455,"url":"http:\/\/www.24baires.com\/?p=89455","url_meta":{"origin":57334,"position":1},"title":"Moreau fue expulsado de la UCR","author":"GB","date":"03\/11\/2016","format":false,"excerpt":"Por decisi\u00f3n del Tribunal de \u00c9tica del partido centenario, Leopoldo Moreau fue expulsado \"por su manifiesta inconducta \u00e9tica y moral\". Tambi\u00e9n expulsaron al diputado nacional Eduardo Sant\u00edn. El hist\u00f3rico dirigente radical Leopoldo Moreau fue expulsado de la Uni\u00f3n C\u00edvica Radical, seg\u00fan decidi\u00f3 el Tribunal de \u00c9tica del partido centenario Destinatario\u2026","rel":"","context":"En \u00abPol\u00edtica\u00bb","block_context":{"text":"Pol\u00edtica","link":"http:\/\/www.24baires.com\/?cat=51"},"img":{"alt_text":"Moreau","src":"https:\/\/i0.wp.com\/www.24baires.com\/wp-content\/uploads\/2015\/10\/Moreau.jpg?resize=350%2C200","width":350,"height":200,"srcset":"https:\/\/i0.wp.com\/www.24baires.com\/wp-content\/uploads\/2015\/10\/Moreau.jpg?resize=350%2C200 1x, https:\/\/i0.wp.com\/www.24baires.com\/wp-content\/uploads\/2015\/10\/Moreau.jpg?resize=525%2C300 1.5x"},"classes":[]},{"id":2170,"url":"http:\/\/www.24baires.com\/?p=2170","url_meta":{"origin":57334,"position":2},"title":"Moreau rechaz\u00f3 una alianza con la centroderecha con \u201ctufillo neomenemista\u201d","author":"Grupo Sierra","date":"14\/10\/2012","format":false,"excerpt":"El ex senador y dirigente bonaerense del radicalismo, Leopoldo Moreau, sali\u00f3 hoy al cruce de las declaraciones del intendente de San Isidro, Gustavo Posse, y rechaz\u00f3 la conformaci\u00f3n de un \"frente de centroderecha con un fuerte tufillo neomenemista\", en relaci\u00f3n a un acuerdo con el PRO, de Mauricio Macri. Para\u2026","rel":"","context":"En \u00abPol\u00edtica\u00bb","block_context":{"text":"Pol\u00edtica","link":"http:\/\/www.24baires.com\/?cat=51"},"img":{"alt_text":"","src":"https:\/\/i0.wp.com\/www.24baires.com\/wp-content\/uploads\/2012\/10\/moreau74823-300x224.jpg?resize=350%2C200","width":350,"height":200},"classes":[]},{"id":11184,"url":"http:\/\/www.24baires.com\/?p=11184","url_meta":{"origin":57334,"position":3},"title":"\u00abVer un partido que fue dirigido por Balb\u00edn, Alfons\u00edn, Larralde y Lebensohn, en estas manos, causa dolor\u00bb","author":"Grupo Sierra","date":"04\/01\/2013","format":false,"excerpt":"El dirigente del radicalismo bonaerense, Leopoldo Moreau, desestim\u00f3 las cr\u00edticas que le formulara el presidente de la UCR, Mario Barletta, por su mirada sobre la situaci\u00f3n pol\u00edtica del pa\u00eds.\u00a0\"Nosotros no vamos a formar un partido para las corporaciones y mucho menos a enajenar un partido como el radicalismo a los\u2026","rel":"","context":"En \u00abPol\u00edtica\u00bb","block_context":{"text":"Pol\u00edtica","link":"http:\/\/www.24baires.com\/?cat=51"},"img":{"alt_text":"","src":"https:\/\/i0.wp.com\/www.24baires.com\/wp-content\/uploads\/2013\/01\/moreau.jpg?resize=350%2C200","width":350,"height":200,"srcset":"https:\/\/i0.wp.com\/www.24baires.com\/wp-content\/uploads\/2013\/01\/moreau.jpg?resize=350%2C200 1x, https:\/\/i0.wp.com\/www.24baires.com\/wp-content\/uploads\/2013\/01\/moreau.jpg?resize=525%2C300 1.5x"},"classes":[]},{"id":596,"url":"http:\/\/www.24baires.com\/?p=596","url_meta":{"origin":57334,"position":4},"title":"Armend\u00e1riz ser\u00e1 el nuevo titular del radicalismo bonaerense","author":"Grupo Sierra","date":"27\/09\/2012","format":false,"excerpt":"El acuerdo fue alcanzado hoy entre el oficialismo alfonsinista y los opositores de Nuevos Aires, que nuclea a ex cobistas, Renovadores y los sectores de Leopoldo Moreau y Federico Storani. \u00a0De esta manera la UCR evit\u00f3 la interna. El diputado provincial Alejandro Armend\u00e1riz (h) ser\u00e1 designado como el nuevo titular\u2026","rel":"","context":"En \u00abPol\u00edtica\u00bb","block_context":{"text":"Pol\u00edtica","link":"http:\/\/www.24baires.com\/?cat=51"},"img":{"alt_text":"","src":"","width":0,"height":0},"classes":[]},{"id":8493,"url":"http:\/\/www.24baires.com\/?p=8493","url_meta":{"origin":57334,"position":5},"title":"Moreau le respondi\u00f3 a una columnista de Clar\u00edn que lo atac\u00f3 y la asoci\u00f3 al lopezreguismo","author":"Grupo Sierra","date":"09\/12\/2012","format":false,"excerpt":"El dirigente radical Leopoldo Moreau respondi\u00f3 hoy a la columnista de Clar\u00edn, Susana Viau, quien en su habitual columna de los domingos pidi\u00f3 a la UCR que le \"ajuste cuentas\" al ex diputado por sus expresiones relacionadas con la Ley de Medios. \u201cNo pude dejar de asociar ese llamamiento a\u2026","rel":"","context":"En \u00abPol\u00edtica\u00bb","block_context":{"text":"Pol\u00edtica","link":"http:\/\/www.24baires.com\/?cat=51"},"img":{"alt_text":"","src":"","width":0,"height":0},"classes":[]}],"jetpack_sharing_enabled":true,"jetpack_likes_enabled":true,"jetpack_featured_media_url":"","_links":{"self":[{"href":"http:\/\/www.24baires.com\/index.php?rest_route=\/wp\/v2\/posts\/57334","targetHints":{"allow":["GET"]}}],"collection":[{"href":"http:\/\/www.24baires.com\/index.php?rest_route=\/wp\/v2\/posts"}],"about":[{"href":"http:\/\/www.24baires.com\/index.php?rest_route=\/wp\/v2\/types\/post"}],"author":[{"embeddable":true,"href":"http:\/\/www.24baires.com\/index.php?rest_route=\/wp\/v2\/users\/11"}],"replies":[{"embeddable":true,"href":"http:\/\/www.24baires.com\/index.php?rest_route=%2Fwp%2Fv2%2Fcomments&post=57334"}],"version-history":[{"count":1,"href":"http:\/\/www.24baires.com\/index.php?rest_route=\/wp\/v2\/posts\/57334\/revisions"}],"predecessor-version":[{"id":57335,"href":"http:\/\/www.24baires.com\/index.php?rest_route=\/wp\/v2\/posts\/57334\/revisions\/57335"}],"wp:attachment":[{"href":"http:\/\/www.24baires.com\/index.php?rest_route=%2Fwp%2Fv2%2Fmedia&parent=57334"}],"wp:term":[{"taxonomy":"category","embeddable":true,"href":"http:\/\/www.24baires.com\/index.php?rest_route=%2Fwp%2Fv2%2Fcategories&post=57334"},{"taxonomy":"post_tag","embeddable":true,"href":"http:\/\/www.24baires.com\/index.php?rest_route=%2Fwp%2Fv2%2Ftags&post=57334"}],"curies":[{"name":"wp","href":"https:\/\/api.w.org\/{rel}","templated":true}]}}