{"id":57318,"date":"2014-11-18T16:00:44","date_gmt":"2014-11-18T19:00:44","guid":{"rendered":"http:\/\/www.24baires.com\/?p=57318"},"modified":"2014-11-18T15:43:23","modified_gmt":"2014-11-18T18:43:23","slug":"juraron-los-13-integrantes-nuevos-del-consejo-de-la-magistratura","status":"publish","type":"post","link":"http:\/\/www.24baires.com\/?p=57318","title":{"rendered":"Juraron los 13 integrantes nuevos del Consejo de la Magistratura"},"content":{"rendered":"<p><img data-recalc-dims=\"1\" loading=\"lazy\" decoding=\"async\" class=\"aligncenter wp-image-57319\" src=\"https:\/\/i0.wp.com\/www.24baires.com\/wp-content\/uploads\/2014\/11\/magistratura.jpg?resize=560%2C373\" alt=\"magistratura\" width=\"560\" height=\"373\" srcset=\"https:\/\/i0.wp.com\/www.24baires.com\/wp-content\/uploads\/2014\/11\/magistratura.jpg?w=551 551w, https:\/\/i0.wp.com\/www.24baires.com\/wp-content\/uploads\/2014\/11\/magistratura.jpg?resize=300%2C199 300w\" sizes=\"auto, (max-width: 560px) 100vw, 560px\" \/>El titular de la Corte Suprema tom\u00f3 juramento a los trece integrantes del Consejo de la Magistratura.<!--more--><\/p>\n<p>Qued\u00f3 conformado por los seis nuevos representantes de abogados, jueces y acad\u00e9micos -surgidos de elecciones-; cinco diputados y senadores; y dos miembros que contin\u00faan en sus cargos porque hab\u00edan asumido este a\u00f1o, que son el diputado Eduardo De Pedro y el secretario de Justicia, Juli\u00e1n Alvarez.<\/p>\n<p>De esta forma, en una ceremonia que cont\u00f3 con la presencia de diputados, senadores, funcionarios y miembros de la Corte y del Poder Judicial, juraron Jorge Daniel Candis, Adriana Donato, Miguel Pedecasas, Luis Cabral, Le\u00f3nidas Moldes, Gabriela V\u00e1zquez, Ruperto Godoy, H\u00e9ctor Recalde, Pablo Gonz\u00e1lez, Angel Rozas, Gustavo Valdes, Eduardo De Pedro y Juli\u00e1n Alvarez.<\/p>\n<p>Uno a uno, los trece miembros del Consejo de la Magistratura, con mandato 2014-2018 fueron pasando al estrado donde los esperaba el titular de la Corte Suprema para tomarles juramento de ley.<\/p>\n<p>En una primera tanda juraron los senadores; luego, los diputados; despu\u00e9s, los jueces; seguidamente los abogados; en quinto lugar, los acad\u00e9micos; y, por \u00faltimo, el representante del Poder Ejecutivo.<\/p>\n<p>Lorenzetti encabez\u00f3 el acto acompa\u00f1ado por sus pares del Alto Tribunal Elena Highton de Nolasco y Juan Carlos Maqueda.<\/p>\n<p>&nbsp;<\/p>\n<p>&nbsp;<\/p>\n<p>&nbsp;<\/p>\n<p>&nbsp;<\/p>\n<p>&nbsp;<\/p>\n<p>&nbsp;<\/p>\n<p>&nbsp;<\/p>\n<p>&nbsp;<\/p>\n<p>&nbsp;<\/p>\n<p>&nbsp;<\/p>\n<p>&nbsp;<\/p>\n<p>&nbsp;<\/p>\n<p>&nbsp;<\/p>\n<p>&nbsp;<\/p>\n<p>&nbsp;<\/p>\n","protected":false},"excerpt":{"rendered":"<p>El titular de la Corte Suprema tom\u00f3 juramento a los trece integrantes del Consejo de la Magistratura.<\/p>\n","protected":false},"author":8,"featured_media":0,"comment_status":"open","ping_status":"open","sticky":false,"template":"","format":"standard","meta":{"_jetpack_newsletter_access":"","_jetpack_dont_email_post_to_subs":false,"_jetpack_newsletter_tier_id":0,"_jetpack_memberships_contains_paywalled_content":false,"_jetpack_memberships_contains_paid_content":false,"footnotes":""},"categories":[51],"tags":[],"class_list":["post-57318","post","type-post","status-publish","format-standard","hentry","category-politica"],"jetpack_shortlink":"https:\/\/wp.me\/p2JWE0-eUu","jetpack-related-posts":[{"id":119635,"url":"http:\/\/www.24baires.com\/?p=119635","url_meta":{"origin":57318,"position":0},"title":"La Corte orden\u00f3 que se le tome juramento a los diputados designados para Magistratura","author":"AF","date":"15\/12\/2022","format":false,"excerpt":"Los diputados a los que se orden\u00f3 tomar juramento son Rodolfo Tailhade y Vanesa Siley, del Frente de Todos; Alvaro Gonz\u00e1lez, del PRO, y Roxana Reyes, de la UCR. La Corte Suprema de Justicia de la Naci\u00f3n orden\u00f3 hoy que se tome juramento a los cuatro diputados nacionales designados para\u2026","rel":"","context":"En \u00abJUDICIALES\u00bb","block_context":{"text":"JUDICIALES","link":"http:\/\/www.24baires.com\/?cat=68"},"img":{"alt_text":"","src":"https:\/\/i0.wp.com\/www.24baires.com\/wp-content\/uploads\/2022\/12\/xxx.jpeg?resize=350%2C200","width":350,"height":200,"srcset":"https:\/\/i0.wp.com\/www.24baires.com\/wp-content\/uploads\/2022\/12\/xxx.jpeg?resize=350%2C200 1x, https:\/\/i0.wp.com\/www.24baires.com\/wp-content\/uploads\/2022\/12\/xxx.jpeg?resize=525%2C300 1.5x, https:\/\/i0.wp.com\/www.24baires.com\/wp-content\/uploads\/2022\/12\/xxx.jpeg?resize=700%2C400 2x"},"classes":[]},{"id":110858,"url":"http:\/\/www.24baires.com\/?p=110858","url_meta":{"origin":57318,"position":1},"title":"Pichetto adelant\u00f3 que presentar\u00e1 su renuncia","author":"AF","date":"19\/06\/2019","format":false,"excerpt":"Tras pegar el salto al macrismo, el senador dijo que no dejar\u00eda la banca a la que hab\u00eda llegado en representaci\u00f3n del Bloque Justicialista. Las cr\u00edticas a su actitud y el malestar de otros consejeros lo dejaron sin margen para continuar en el cargo. Miguel \u00c1ngel Pichetto adelant\u00f3 que dejar\u00e1\u2026","rel":"","context":"En \u00abPol\u00edtica\u00bb","block_context":{"text":"Pol\u00edtica","link":"http:\/\/www.24baires.com\/?cat=51"},"img":{"alt_text":"","src":"https:\/\/i0.wp.com\/www.24baires.com\/wp-content\/uploads\/2014\/05\/pichetto.jpg?resize=350%2C200","width":350,"height":200,"srcset":"https:\/\/i0.wp.com\/www.24baires.com\/wp-content\/uploads\/2014\/05\/pichetto.jpg?resize=350%2C200 1x, https:\/\/i0.wp.com\/www.24baires.com\/wp-content\/uploads\/2014\/05\/pichetto.jpg?resize=525%2C300 1.5x"},"classes":[]},{"id":94823,"url":"http:\/\/www.24baires.com\/?p=94823","url_meta":{"origin":57318,"position":2},"title":"Votaron a favor del juicio pol\u00edtico al camarista Freiler","author":"AF","date":"29\/05\/2017","format":false,"excerpt":"La Comisi\u00f3n de Disciplina y Acusaci\u00f3n del Consejo de la Magistratura decidi\u00f3 por mayor\u00eda de siete votos contra dos -los del acad\u00e9mico Jorge Candis y el senador del FPV Ruperto Godoy- recomendar al plenario del cuerpo el inicio de un proceso de juicio pol\u00edtico contra el camarista Eduardo Freiler por\u2026","rel":"","context":"En \u00abJUDICIALES\u00bb","block_context":{"text":"JUDICIALES","link":"http:\/\/www.24baires.com\/?cat=68"},"img":{"alt_text":"","src":"","width":0,"height":0},"classes":[]},{"id":57446,"url":"http:\/\/www.24baires.com\/?p=57446","url_meta":{"origin":57318,"position":3},"title":"Por primera vez, una mujer presidir\u00e1 el Consejo de la Magistratura","author":"GB","date":"20\/11\/2014","format":false,"excerpt":"Mar\u00eda Gabriela V\u00e1zquez fue elegida en un plenario de consejeros del cuerpo, mientras que Jorge Candis, en representaci\u00f3n de los acad\u00e9micos, result\u00f3 electo como vicepresidente. V\u00e1zquez fue elegida por los votos favorables de los senadores Ruperto Godoy y Pablo Gonz\u00e1lez; los diputados Eduardo \"Wado\" de Pedro y H\u00e9ctor Recalde ;\u2026","rel":"","context":"En \u00abPol\u00edtica\u00bb","block_context":{"text":"Pol\u00edtica","link":"http:\/\/www.24baires.com\/?cat=51"},"img":{"alt_text":"","src":"https:\/\/i0.wp.com\/www.24baires.com\/wp-content\/uploads\/2014\/11\/presidenta-magistratura.jpg?resize=350%2C200","width":350,"height":200,"srcset":"https:\/\/i0.wp.com\/www.24baires.com\/wp-content\/uploads\/2014\/11\/presidenta-magistratura.jpg?resize=350%2C200 1x, https:\/\/i0.wp.com\/www.24baires.com\/wp-content\/uploads\/2014\/11\/presidenta-magistratura.jpg?resize=525%2C300 1.5x"},"classes":[]},{"id":40808,"url":"http:\/\/www.24baires.com\/?p=40808","url_meta":{"origin":57318,"position":4},"title":"S\u00e1nchez Freytes es el nuevo presidente del Consejo de la Magistratura","author":"GB","date":"20\/02\/2014","format":false,"excerpt":"El plenario del organismo eligi\u00f3 como presidente a Alejandro S\u00e1nchez Freytes y como vicepresidente a Ricardo Recondo, tras la reuni\u00f3n de los consejeros para designar autoridades y la integraci\u00f3n de comisiones. En tanto, el diputado del Frente para la Victoria, Eduardo \"Wado\" de Pedro presidir\u00e1 la comisi\u00f3n de Selecci\u00f3n y\u2026","rel":"","context":"En \u00abPol\u00edtica\u00bb","block_context":{"text":"Pol\u00edtica","link":"http:\/\/www.24baires.com\/?cat=51"},"img":{"alt_text":"","src":"https:\/\/i0.wp.com\/www.24baires.com\/wp-content\/uploads\/2014\/02\/s%C3%A1nchez-feyte.jpg?resize=350%2C200","width":350,"height":200,"srcset":"https:\/\/i0.wp.com\/www.24baires.com\/wp-content\/uploads\/2014\/02\/s%C3%A1nchez-feyte.jpg?resize=350%2C200 1x, https:\/\/i0.wp.com\/www.24baires.com\/wp-content\/uploads\/2014\/02\/s%C3%A1nchez-feyte.jpg?resize=525%2C300 1.5x"},"classes":[]},{"id":119502,"url":"http:\/\/www.24baires.com\/?p=119502","url_meta":{"origin":57318,"position":5},"title":"El Presidente critic\u00f3 a los jueces que ordenaron liberar a integrantes de Revoluci\u00f3n Federal","author":"AF","date":"02\/11\/2022","format":false,"excerpt":"El Presidente apunt\u00f3 contra la C\u00e1mara Federal porte\u00f1a, al asegurar que est\u00e1n empecinados \"en tapar que una banda criminal con ramificaciones y financiamiento oscuro atent\u00f3 contra la vida de la vicepresidenta de la Naci\u00f3n\". Tambi\u00e9n desarm\u00f3 la maniobra de Macri en el Consejo de la Magistratura para bloquear a los\u2026","rel":"","context":"En \u00abPol\u00edtica\u00bb","block_context":{"text":"Pol\u00edtica","link":"http:\/\/www.24baires.com\/?cat=51"},"img":{"alt_text":"","src":"https:\/\/i0.wp.com\/www.24baires.com\/wp-content\/uploads\/2022\/09\/alberto.jpg?resize=350%2C200","width":350,"height":200,"srcset":"https:\/\/i0.wp.com\/www.24baires.com\/wp-content\/uploads\/2022\/09\/alberto.jpg?resize=350%2C200 1x, https:\/\/i0.wp.com\/www.24baires.com\/wp-content\/uploads\/2022\/09\/alberto.jpg?resize=525%2C300 1.5x, https:\/\/i0.wp.com\/www.24baires.com\/wp-content\/uploads\/2022\/09\/alberto.jpg?resize=700%2C400 2x"},"classes":[]}],"jetpack_sharing_enabled":true,"jetpack_likes_enabled":true,"jetpack_featured_media_url":"","_links":{"self":[{"href":"http:\/\/www.24baires.com\/index.php?rest_route=\/wp\/v2\/posts\/57318","targetHints":{"allow":["GET"]}}],"collection":[{"href":"http:\/\/www.24baires.com\/index.php?rest_route=\/wp\/v2\/posts"}],"about":[{"href":"http:\/\/www.24baires.com\/index.php?rest_route=\/wp\/v2\/types\/post"}],"author":[{"embeddable":true,"href":"http:\/\/www.24baires.com\/index.php?rest_route=\/wp\/v2\/users\/8"}],"replies":[{"embeddable":true,"href":"http:\/\/www.24baires.com\/index.php?rest_route=%2Fwp%2Fv2%2Fcomments&post=57318"}],"version-history":[{"count":1,"href":"http:\/\/www.24baires.com\/index.php?rest_route=\/wp\/v2\/posts\/57318\/revisions"}],"predecessor-version":[{"id":57320,"href":"http:\/\/www.24baires.com\/index.php?rest_route=\/wp\/v2\/posts\/57318\/revisions\/57320"}],"wp:attachment":[{"href":"http:\/\/www.24baires.com\/index.php?rest_route=%2Fwp%2Fv2%2Fmedia&parent=57318"}],"wp:term":[{"taxonomy":"category","embeddable":true,"href":"http:\/\/www.24baires.com\/index.php?rest_route=%2Fwp%2Fv2%2Fcategories&post=57318"},{"taxonomy":"post_tag","embeddable":true,"href":"http:\/\/www.24baires.com\/index.php?rest_route=%2Fwp%2Fv2%2Ftags&post=57318"}],"curies":[{"name":"wp","href":"https:\/\/api.w.org\/{rel}","templated":true}]}}