{"id":57297,"date":"2014-11-18T12:30:48","date_gmt":"2014-11-18T15:30:48","guid":{"rendered":"http:\/\/www.24baires.com\/?p=57297"},"modified":"2014-11-18T12:18:16","modified_gmt":"2014-11-18T15:18:16","slug":"sancionaran-al-senador-ishii-por-el-escandalo-causado-durante-la-aprobacion-del-presupuesto","status":"publish","type":"post","link":"http:\/\/www.24baires.com\/?p=57297","title":{"rendered":"Sancionar\u00e1n al senador Ishii por el esc\u00e1ndalo causado durante la aprobaci\u00f3n del Presupuesto"},"content":{"rendered":"<p><img data-recalc-dims=\"1\" loading=\"lazy\" decoding=\"async\" class=\"alignleft size-full wp-image-52134\" src=\"https:\/\/i0.wp.com\/www.24baires.com\/wp-content\/uploads\/2014\/08\/ishii.jpg?resize=295%2C222\" alt=\"ishii\" width=\"295\" height=\"222\" \/>La comisi\u00f3n de Asuntos Constitucionales y Acuerdos del Senado provincial podr\u00eda definir este martes una dura sanci\u00f3n contra el senador Mario Ishii, quien el jueves pasado acus\u00f3 a sus pares de recibir \u201ccoimas\u201d para aprobar el Presupuesto y la Ley Impositiva 2015, en una accidentada sesi\u00f3n que debi\u00f3 ser interrumpida durante una hora por los incidentes provocados por militantes de su espacio, que arrojaron huevos y botellas contra legisladores.<!--more--><\/p>\n<p>Fuentes parlamentarias indicaron que varios senadores pidieron una suspensi\u00f3n de 90 d\u00edas, una de las sanciones m\u00e1s duras previstas por reglamento.<\/p>\n<p>\u201cHay mucha bronca con la actitud de Ishii y los legisladores reclaman una dura sanci\u00f3n\u201d, se\u00f1alaron fuentes del Senado, quienes remarcaron que cualquier sanci\u00f3n deber\u00e1 ser analizada en primer lugar por Asuntos Constitucionales y luego validada por la mayor\u00eda especial de dos tercios de los senadores.<\/p>\n<p>&nbsp;<\/p>\n<p>&nbsp;<\/p>\n<p>&nbsp;<\/p>\n","protected":false},"excerpt":{"rendered":"<p>La comisi\u00f3n de Asuntos Constitucionales y Acuerdos del Senado provincial podr\u00eda definir este martes una dura sanci\u00f3n contra el senador Mario Ishii, quien el jueves pasado acus\u00f3 a sus pares de recibir \u201ccoimas\u201d para aprobar el Presupuesto y la Ley Impositiva 2015, en una accidentada sesi\u00f3n que debi\u00f3 ser interrumpida durante una hora por los incidentes provocados por militantes de [&#8230;]<\/p>\n","protected":false},"author":4,"featured_media":0,"comment_status":"open","ping_status":"open","sticky":false,"template":"","format":"standard","meta":{"_jetpack_newsletter_access":"","_jetpack_dont_email_post_to_subs":false,"_jetpack_newsletter_tier_id":0,"_jetpack_memberships_contains_paywalled_content":false,"_jetpack_memberships_contains_paid_content":false,"footnotes":""},"categories":[51],"tags":[],"class_list":["post-57297","post","type-post","status-publish","format-standard","hentry","category-politica"],"jetpack_shortlink":"https:\/\/wp.me\/p2JWE0-eU9","jetpack-related-posts":[{"id":57524,"url":"http:\/\/www.24baires.com\/?p=57524","url_meta":{"origin":57297,"position":0},"title":"Ishii pidi\u00f3 a la Corte que declare inconstitucional el presupuesto 2015","author":"GB","date":"22\/11\/2014","format":false,"excerpt":"Tras el esc\u00e1ndalo que protagoniz\u00f3 la semana pasada durante la aprobaci\u00f3n del Presupuesto 2015, el senador Mario Ishii present\u00f3 ante la Suprema Corte bonaerense un pedido de inconstitucionalidad de la \"Ley de leyes\", al considerar que durante su debate parlamentario se cometieron \"irregularidades\". Ishii present\u00f3 un escrito ante el m\u00e1ximo\u2026","rel":"","context":"En \u00abPol\u00edtica\u00bb","block_context":{"text":"Pol\u00edtica","link":"http:\/\/www.24baires.com\/?cat=51"},"img":{"alt_text":"ishii","src":"https:\/\/i0.wp.com\/www.24baires.com\/wp-content\/uploads\/2014\/08\/ishii.jpg?resize=350%2C200","width":350,"height":200},"classes":[]},{"id":122707,"url":"http:\/\/www.24baires.com\/?p=122707","url_meta":{"origin":57297,"position":1},"title":"Kicillof logr\u00f3 convertir en Ley el Presupuesto y la Impositiva, pero no junt\u00f3 los votos para el endeudamiento","author":"GB","date":"27\/11\/2025","format":false,"excerpt":"Luego de una marat\u00f3nica jornada de negociaciones, tanto Diputados como Senadores aprobaron el Presupuesto 2026 y la Ley Impositiva. El endeudamiento se tratar\u00e1 el viernes si el oficialismo consigue los dos tercios necesarios para aprobarlo. Finalmente, y con 9 horas de atraso, sesion\u00f3 Diputados, pero solo aprob\u00f3 el Presupuesto 2026\u2026","rel":"","context":"En \u00abProvincia\u00bb","block_context":{"text":"Provincia","link":"http:\/\/www.24baires.com\/?cat=40"},"img":{"alt_text":"","src":"https:\/\/i0.wp.com\/www.24baires.com\/wp-content\/uploads\/2019\/12\/diputados-bonaerenses.jpg?resize=350%2C200","width":350,"height":200,"srcset":"https:\/\/i0.wp.com\/www.24baires.com\/wp-content\/uploads\/2019\/12\/diputados-bonaerenses.jpg?resize=350%2C200 1x, https:\/\/i0.wp.com\/www.24baires.com\/wp-content\/uploads\/2019\/12\/diputados-bonaerenses.jpg?resize=525%2C300 1.5x, https:\/\/i0.wp.com\/www.24baires.com\/wp-content\/uploads\/2019\/12\/diputados-bonaerenses.jpg?resize=700%2C400 2x"},"classes":[]},{"id":57212,"url":"http:\/\/www.24baires.com\/?p=57212","url_meta":{"origin":57297,"position":2},"title":"Periodistas repudian declaraciones de Mario Ishii","author":"GB","date":"16\/11\/2014","format":false,"excerpt":"Unos 40 trabajadores de prensa de medios nacionales, provinciales y platenses manifestaron su rechazo a las declaraciones del senador Mario Ishii, quien durante la sesi\u00f3n de los acus\u00f3 de \"estar todos comprados\". \"Son injuriantes las declaraciones del senador Ishii acerca del trabajo de los medios de prensa. Es un ataque\u2026","rel":"","context":"En \u00abSociedad\u00bb","block_context":{"text":"Sociedad","link":"http:\/\/www.24baires.com\/?cat=1"},"img":{"alt_text":"","src":"https:\/\/i0.wp.com\/www.24baires.com\/wp-content\/uploads\/2014\/11\/periodistas.jpg?resize=350%2C200","width":350,"height":200,"srcset":"https:\/\/i0.wp.com\/www.24baires.com\/wp-content\/uploads\/2014\/11\/periodistas.jpg?resize=350%2C200 1x, https:\/\/i0.wp.com\/www.24baires.com\/wp-content\/uploads\/2014\/11\/periodistas.jpg?resize=525%2C300 1.5x"},"classes":[]},{"id":113519,"url":"http:\/\/www.24baires.com\/?p=113519","url_meta":{"origin":57297,"position":3},"title":"Tras la media sanci\u00f3n, el senado debate este viernes la Ley de Solidaridad Social","author":"GB","date":"20\/12\/2019","format":false,"excerpt":"Tras la media sanci\u00f3n de Diputados y con Cristina al frente del cuerpo, la C\u00e1mara alta trata hoy la emergencia econ\u00f3mica impulsada por el Gobierno. El Senado, en su primera sesi\u00f3n con Cristina Kirchner al frente del cuerpo, debatir\u00e1 a partir de las 14 el proyecto de Ley de Solidaridad\u2026","rel":"","context":"En \u00abPol\u00edtica\u00bb","block_context":{"text":"Pol\u00edtica","link":"http:\/\/www.24baires.com\/?cat=51"},"img":{"alt_text":"","src":"https:\/\/i0.wp.com\/www.24baires.com\/wp-content\/uploads\/2018\/08\/senado.jpg?resize=350%2C200","width":350,"height":200,"srcset":"https:\/\/i0.wp.com\/www.24baires.com\/wp-content\/uploads\/2018\/08\/senado.jpg?resize=350%2C200 1x, https:\/\/i0.wp.com\/www.24baires.com\/wp-content\/uploads\/2018\/08\/senado.jpg?resize=525%2C300 1.5x"},"classes":[]},{"id":47850,"url":"http:\/\/www.24baires.com\/?p=47850","url_meta":{"origin":57297,"position":4},"title":"Sin qu\u00f3rum en el Senado, se pospone el debate por la Polic\u00eda Local","author":"Grupo Sierra","date":"11\/06\/2014","format":false,"excerpt":"Los legisladores de Massa se retiraron de la sesi\u00f3n en la que se debat\u00eda la ley que crea la fuerza en los distritos de la Provincia con m\u00e1s de 70 mil habitantes. El partido que encabeza Sergio Massa volvi\u00f3 a impedir hoy la sanci\u00f3n de la ley crea la Polic\u00eda\u2026","rel":"","context":"En \u00abProvincia\u00bb","block_context":{"text":"Provincia","link":"http:\/\/www.24baires.com\/?cat=40"},"img":{"alt_text":"senadobonaerense2-679x350","src":"https:\/\/i0.wp.com\/www.24baires.com\/wp-content\/uploads\/2013\/06\/senadobonaerense2-679x350.jpg?resize=350%2C200","width":350,"height":200,"srcset":"https:\/\/i0.wp.com\/www.24baires.com\/wp-content\/uploads\/2013\/06\/senadobonaerense2-679x350.jpg?resize=350%2C200 1x, https:\/\/i0.wp.com\/www.24baires.com\/wp-content\/uploads\/2013\/06\/senadobonaerense2-679x350.jpg?resize=525%2C300 1.5x"},"classes":[]},{"id":47601,"url":"http:\/\/www.24baires.com\/?p=47601","url_meta":{"origin":57297,"position":5},"title":"\u00bfC\u00f3mo se destrabar\u00e1 el proyecto de Polic\u00eda Local?","author":"Grupo Sierra","date":"07\/06\/2014","format":false,"excerpt":"El FpV explora alternativas con sectores de la oposici\u00f3n en busca del voto que le falta en el Senado. El tratamiento de la iniciativa continuar\u00e1 la pr\u00f3xima semana. \u201cOlv\u00eddense de Berni, no va a volver al Senado\u201d. La alternativa de que el hombre fuerte en Seguridad del gobierno nacional renuncie\u2026","rel":"","context":"En \u00abPol\u00edtica\u00bb","block_context":{"text":"Pol\u00edtica","link":"http:\/\/www.24baires.com\/?cat=51"},"img":{"alt_text":"senadobonaerense2-679x350","src":"https:\/\/i0.wp.com\/www.24baires.com\/wp-content\/uploads\/2013\/05\/senadobonaerense2-679x350.jpg?resize=350%2C200","width":350,"height":200,"srcset":"https:\/\/i0.wp.com\/www.24baires.com\/wp-content\/uploads\/2013\/05\/senadobonaerense2-679x350.jpg?resize=350%2C200 1x, https:\/\/i0.wp.com\/www.24baires.com\/wp-content\/uploads\/2013\/05\/senadobonaerense2-679x350.jpg?resize=525%2C300 1.5x"},"classes":[]}],"jetpack_sharing_enabled":true,"jetpack_likes_enabled":true,"jetpack_featured_media_url":"","_links":{"self":[{"href":"http:\/\/www.24baires.com\/index.php?rest_route=\/wp\/v2\/posts\/57297","targetHints":{"allow":["GET"]}}],"collection":[{"href":"http:\/\/www.24baires.com\/index.php?rest_route=\/wp\/v2\/posts"}],"about":[{"href":"http:\/\/www.24baires.com\/index.php?rest_route=\/wp\/v2\/types\/post"}],"author":[{"embeddable":true,"href":"http:\/\/www.24baires.com\/index.php?rest_route=\/wp\/v2\/users\/4"}],"replies":[{"embeddable":true,"href":"http:\/\/www.24baires.com\/index.php?rest_route=%2Fwp%2Fv2%2Fcomments&post=57297"}],"version-history":[{"count":1,"href":"http:\/\/www.24baires.com\/index.php?rest_route=\/wp\/v2\/posts\/57297\/revisions"}],"predecessor-version":[{"id":57298,"href":"http:\/\/www.24baires.com\/index.php?rest_route=\/wp\/v2\/posts\/57297\/revisions\/57298"}],"wp:attachment":[{"href":"http:\/\/www.24baires.com\/index.php?rest_route=%2Fwp%2Fv2%2Fmedia&parent=57297"}],"wp:term":[{"taxonomy":"category","embeddable":true,"href":"http:\/\/www.24baires.com\/index.php?rest_route=%2Fwp%2Fv2%2Fcategories&post=57297"},{"taxonomy":"post_tag","embeddable":true,"href":"http:\/\/www.24baires.com\/index.php?rest_route=%2Fwp%2Fv2%2Ftags&post=57297"}],"curies":[{"name":"wp","href":"https:\/\/api.w.org\/{rel}","templated":true}]}}