{"id":57283,"date":"2014-11-18T10:00:33","date_gmt":"2014-11-18T13:00:33","guid":{"rendered":"http:\/\/www.24baires.com\/?p=57283"},"modified":"2014-11-18T13:55:32","modified_gmt":"2014-11-18T16:55:32","slug":"capitanich-destaco-las-politicas-para-defender-los-puestos-de-trabajo","status":"publish","type":"post","link":"http:\/\/www.24baires.com\/?p=57283","title":{"rendered":"Capitanich destac\u00f3 las pol\u00edticas para \u00abdefender los puestos de trabajo\u00bb"},"content":{"rendered":"<p><img data-recalc-dims=\"1\" loading=\"lazy\" decoding=\"async\" class=\"aligncenter size-full wp-image-53421\" src=\"https:\/\/i0.wp.com\/www.24baires.com\/wp-content\/uploads\/2014\/09\/capitanich-4.jpg?resize=560%2C313\" alt=\"capitanich 4\" width=\"560\" height=\"313\" srcset=\"https:\/\/i0.wp.com\/www.24baires.com\/wp-content\/uploads\/2014\/09\/capitanich-4.jpg?w=560 560w, https:\/\/i0.wp.com\/www.24baires.com\/wp-content\/uploads\/2014\/09\/capitanich-4.jpg?resize=300%2C167 300w\" sizes=\"auto, (max-width: 560px) 100vw, 560px\" \/>El jefe de Gabinete neg\u00f3 hoy que el Indec haya reconocido un \u00abfuerte aumento\u00bb de la desocupaci\u00f3n, sino que se registr\u00f3 una \u00ableve variaci\u00f3n\u00bb en el \u00edndice de desempleo.<!--more--><br \/>\n\u00abLa tasa de desempleo registr\u00f3 una disminuci\u00f3n abrupta de m\u00e1s del 25 por ciento en el 2003 a una variaci\u00f3n del 6,5 por ciento en el \u00faltimo trimestre del 2013. Y ahora se ubica en el 7,5 por ciento, lo que representa una ligera variaci\u00f3n\u00bb, explic\u00f3 Capitanich en rueda de prensa hoy, en Casa de Gobierno.<\/p>\n<p>El jefe de Gabinete explic\u00f3 que esta variaci\u00f3n se debe al \u00abcomportamiento de la econom\u00eda mundial y la incidencia de la crisis sist\u00e9mica en la econom\u00ed\u00ada nacional\u00bb, y asever\u00f3 que \u00abde no haber mediado pol\u00ed\u00adticas activas por parte del Estado nacional, esta tendencia se podr\u00eda haber profundizado\u00bb.<\/p>\n<p>En tanto, Capitanich critic\u00f3 la diferencia de criterio que utilizan los medios de comunicaci\u00f3n \u00abopositores, no independientes\u00bb en relaci\u00f3n a las cifras oficiales que difunde el Indec.<\/p>\n<p>\u00abCuando se trata del \u00edndice de precios al consumidor, dicen que el Indec subestima las cifras y toman datos falsos de consultoras privadas que indican que hay una inflaci\u00f3n anual del 40 por ciento. Cuando se trata de la tasa de desempleo, hacen titulares diciendo que el Indec admite una variaci\u00f3n\u00bb, indic\u00f3 Capitanich.<\/p>\n<p>En cuanto a la tasa de desempleo, el jefe de Gabinete reiter\u00f3 que \u00aben un contexto de car\u00e1cter internacional adverso, lo que se ha experimentado es una ligera variaci\u00f3n en la tasa de indicadores de empleo y desempleo\u00bb.<\/p>\n<p>Seg\u00fan los datos difundidos ayer por el Indec, la tasa de desocupaci\u00f3n subi\u00f3 al t\u00e9rmino del tercer trimestre del a\u00f1o al 7,5% desde el 6,8% que presentaba en igual per\u00ed\u00adodo del 2013, en medio de un proceso de menor crecimiento de la econom\u00ed\u00ada internacional.<\/p>\n<p>El organismo dio cuenta tambi\u00e9n que la subocupaci\u00f3n demandante, entendida esta como la cantidad de personas que trabajan menos de 35 horas semanales, pero quisieran hacerlo durante m\u00e1s horas, alcanz\u00f3 entre julio y septiembre al 6,3%, frente al 5,8% de 2013, mientras que los no demandantes se mantuvieron en torno al 2,9 %.<\/p>\n<p>En su rueda de prensa, Capitanich remarc\u00f3 las \u00abpol\u00edticas activas para sostener la demanda agregada y el consumo\u00bb que lleva adelante el gobierno nacional, como el plan Progresar, el aumento en la asignaci\u00f3n universal por hijo, el Procreauto y el programa Ahora 12, entre otras.<\/p>\n<p>\u00abHay un Estado que se transform\u00f3 en un eficaz instrumento par adoptar las herramientas para dinamizar el mercado de consumo y proteger el empleo\u00bb, concluy\u00f3.<\/p>\n","protected":false},"excerpt":{"rendered":"<p>El jefe de Gabinete neg\u00f3 hoy que el Indec haya reconocido un \u00abfuerte aumento\u00bb de la desocupaci\u00f3n, sino que se registr\u00f3 una \u00ableve variaci\u00f3n\u00bb en el \u00edndice de desempleo.<\/p>\n","protected":false},"author":4,"featured_media":0,"comment_status":"open","ping_status":"open","sticky":false,"template":"","format":"standard","meta":{"_jetpack_newsletter_access":"","_jetpack_dont_email_post_to_subs":false,"_jetpack_newsletter_tier_id":0,"_jetpack_memberships_contains_paywalled_content":false,"_jetpack_memberships_contains_paid_content":false,"footnotes":""},"categories":[51],"tags":[],"class_list":["post-57283","post","type-post","status-publish","format-standard","hentry","category-politica"],"jetpack_shortlink":"https:\/\/wp.me\/p2JWE0-eTV","jetpack-related-posts":[{"id":52247,"url":"http:\/\/www.24baires.com\/?p=52247","url_meta":{"origin":57283,"position":0},"title":"La reducci\u00f3n en la cantidad de cuentas sueldo no implica baja en el empleo","author":"AF","date":"22\/08\/2014","format":false,"excerpt":"El jefe de Gabinete manifest\u00f3 hoy que \u201ces de una falsedad absoluta\u201d decir que hay una reducci\u00f3n en el empleo por la ca\u00edda de cuentas sueldos\" y aclar\u00f3 que \u201ceso no es un term\u00f3metro como para hacer una evaluaci\u00f3n\u201d. \u201cDesde muy temprano en la ma\u00f1ana he observado, a trav\u00e9s de\u2026","rel":"","context":"En \u00abEconom\u00eda\u00bb","block_context":{"text":"Econom\u00eda","link":"http:\/\/www.24baires.com\/?cat=45"},"img":{"alt_text":"capitanich","src":"https:\/\/i0.wp.com\/www.24baires.com\/wp-content\/uploads\/2014\/04\/capitanich.jpg?resize=350%2C200","width":350,"height":200,"srcset":"https:\/\/i0.wp.com\/www.24baires.com\/wp-content\/uploads\/2014\/04\/capitanich.jpg?resize=350%2C200 1x, https:\/\/i0.wp.com\/www.24baires.com\/wp-content\/uploads\/2014\/04\/capitanich.jpg?resize=525%2C300 1.5x"},"classes":[]},{"id":56255,"url":"http:\/\/www.24baires.com\/?p=56255","url_meta":{"origin":57283,"position":1},"title":"Capitanich: \u201cla tasa de escolarizaci\u00f3n es casi universal\u201d.","author":"AF","date":"30\/10\/2014","format":false,"excerpt":"El jefe de Gabinete, Jorge Capitanich, sali\u00f3 al cruce de una informaci\u00f3n publicada hoy en su portada por el diario Clar\u00edn, que se\u00f1ala que, \u201cen un a\u00f1o, dejaron la escuela p\u00fablica casi 50 mil alumnos\u201d. El jefe de Gabinete, Jorge Capitanich, asegur\u00f3 hoy que \u201cel avance cualitativo\u201d del sistema educativo\u2026","rel":"","context":"En \u00abLocales\u00bb","block_context":{"text":"Locales","link":"http:\/\/www.24baires.com\/?cat=38"},"img":{"alt_text":"capitanich 2","src":"https:\/\/i0.wp.com\/www.24baires.com\/wp-content\/uploads\/2013\/12\/capitanich-2.jpg?resize=350%2C200","width":350,"height":200,"srcset":"https:\/\/i0.wp.com\/www.24baires.com\/wp-content\/uploads\/2013\/12\/capitanich-2.jpg?resize=350%2C200 1x, https:\/\/i0.wp.com\/www.24baires.com\/wp-content\/uploads\/2013\/12\/capitanich-2.jpg?resize=525%2C300 1.5x"},"classes":[]},{"id":53047,"url":"http:\/\/www.24baires.com\/?p=53047","url_meta":{"origin":57283,"position":2},"title":"Capitanich sostiene que los sueldos subieron m\u00e1s que la tarifa del gas","author":"AF","date":"04\/09\/2014","format":false,"excerpt":"El jefe de Gabinete asegur\u00f3 que la evoluci\u00f3n de la tarifa de gas es \"sustancialmente menor\" a la evoluci\u00f3n de los salarios y que cualquier incremento en la tarifa de este servicio tiene que ver con un aumento en el consumo. El jefe de Gabinete asegur\u00f3 que la evoluci\u00f3n de\u2026","rel":"","context":"En \u00abEconom\u00eda\u00bb","block_context":{"text":"Econom\u00eda","link":"http:\/\/www.24baires.com\/?cat=45"},"img":{"alt_text":"capitanich dolares","src":"https:\/\/i0.wp.com\/www.24baires.com\/wp-content\/uploads\/2014\/01\/capitanich-dolares.jpg?resize=350%2C200","width":350,"height":200,"srcset":"https:\/\/i0.wp.com\/www.24baires.com\/wp-content\/uploads\/2014\/01\/capitanich-dolares.jpg?resize=350%2C200 1x, https:\/\/i0.wp.com\/www.24baires.com\/wp-content\/uploads\/2014\/01\/capitanich-dolares.jpg?resize=525%2C300 1.5x"},"classes":[]},{"id":39689,"url":"http:\/\/www.24baires.com\/?p=39689","url_meta":{"origin":57283,"position":3},"title":"Capitanich: \u00abse oponen al Gobierno los que fueron afectados por medidas estrat\u00e9gicas\u00bb","author":"GB","date":"02\/02\/2014","format":false,"excerpt":"El jefe de Gabinete Jorge Capitanich asegur\u00f3 que \"los grupos que se oponen tenazmente al gobierno son aquellos que fueron afectados por decisiones estrat\u00e9gicas con un sentido nacional, popular y profundamente patri\u00f3tico\" debido a que \"tanto N\u00e9stor como Cristina no han sido empleados de las corporaciones\". En una entrevista publicada\u2026","rel":"","context":"En \u00abPol\u00edtica\u00bb","block_context":{"text":"Pol\u00edtica","link":"http:\/\/www.24baires.com\/?cat=51"},"img":{"alt_text":"capitanich dolares","src":"https:\/\/i0.wp.com\/www.24baires.com\/wp-content\/uploads\/2014\/01\/capitanich-dolares.jpg?resize=350%2C200","width":350,"height":200,"srcset":"https:\/\/i0.wp.com\/www.24baires.com\/wp-content\/uploads\/2014\/01\/capitanich-dolares.jpg?resize=350%2C200 1x, https:\/\/i0.wp.com\/www.24baires.com\/wp-content\/uploads\/2014\/01\/capitanich-dolares.jpg?resize=525%2C300 1.5x"},"classes":[]},{"id":54175,"url":"http:\/\/www.24baires.com\/?p=54175","url_meta":{"origin":57283,"position":4},"title":"Capitanich: \u201cSiempre existe una manipulaci\u00f3n de los datos y ahora fue con el empleo\u201d","author":"AF","date":"24\/09\/2014","format":false,"excerpt":"El jefe de Gabinete advirti\u00f3 que hay consultoras y medios que manipulan las estad\u00edsticas de empleo. \u201dEn la d\u00e9cada del 90, de 100 puestos de trabajo, 90 eran no registrados y en estos \u00faltimos 10 a\u00f1os de 100 empleos, 92 fueron registrados\u201d. \u201cCuando uno toma la evoluci\u00f3n del empelo formal\u2026","rel":"","context":"En \u00abPol\u00edtica\u00bb","block_context":{"text":"Pol\u00edtica","link":"http:\/\/www.24baires.com\/?cat=51"},"img":{"alt_text":"capitanich 4","src":"https:\/\/i0.wp.com\/www.24baires.com\/wp-content\/uploads\/2014\/09\/capitanich-4.jpg?resize=350%2C200","width":350,"height":200,"srcset":"https:\/\/i0.wp.com\/www.24baires.com\/wp-content\/uploads\/2014\/09\/capitanich-4.jpg?resize=350%2C200 1x, https:\/\/i0.wp.com\/www.24baires.com\/wp-content\/uploads\/2014\/09\/capitanich-4.jpg?resize=525%2C300 1.5x"},"classes":[]},{"id":51770,"url":"http:\/\/www.24baires.com\/?p=51770","url_meta":{"origin":57283,"position":5},"title":"Capitanich asegura que la situaci\u00f3n internacional \u00abtorna dif\u00edcil la colocaci\u00f3n de exportaciones\u00bb","author":"AF","date":"14\/08\/2014","format":false,"excerpt":"\"Estamos observando que la econom\u00eda internacional est\u00e1 mostrando signos de desaceleraci\u00f3n\", afirm\u00f3 el jefe de Gabinete, Jorge Capitanich, en su habitual conferencia de prensa en Casa de Gobierno. El jefe de Gabinete, Jorge Capitanich, afirm\u00f3 hoy que \"la econom\u00eda internacional est\u00e1 mostrando signos de desaceleraci\u00f3n\", lo que, advirti\u00f3, \"torna dif\u00edcil\u2026","rel":"","context":"En \u00abPol\u00edtica\u00bb","block_context":{"text":"Pol\u00edtica","link":"http:\/\/www.24baires.com\/?cat=51"},"img":{"alt_text":"capitanich","src":"https:\/\/i0.wp.com\/www.24baires.com\/wp-content\/uploads\/2014\/04\/capitanich.jpg?resize=350%2C200","width":350,"height":200,"srcset":"https:\/\/i0.wp.com\/www.24baires.com\/wp-content\/uploads\/2014\/04\/capitanich.jpg?resize=350%2C200 1x, https:\/\/i0.wp.com\/www.24baires.com\/wp-content\/uploads\/2014\/04\/capitanich.jpg?resize=525%2C300 1.5x"},"classes":[]}],"jetpack_sharing_enabled":true,"jetpack_likes_enabled":true,"jetpack_featured_media_url":"","_links":{"self":[{"href":"http:\/\/www.24baires.com\/index.php?rest_route=\/wp\/v2\/posts\/57283","targetHints":{"allow":["GET"]}}],"collection":[{"href":"http:\/\/www.24baires.com\/index.php?rest_route=\/wp\/v2\/posts"}],"about":[{"href":"http:\/\/www.24baires.com\/index.php?rest_route=\/wp\/v2\/types\/post"}],"author":[{"embeddable":true,"href":"http:\/\/www.24baires.com\/index.php?rest_route=\/wp\/v2\/users\/4"}],"replies":[{"embeddable":true,"href":"http:\/\/www.24baires.com\/index.php?rest_route=%2Fwp%2Fv2%2Fcomments&post=57283"}],"version-history":[{"count":1,"href":"http:\/\/www.24baires.com\/index.php?rest_route=\/wp\/v2\/posts\/57283\/revisions"}],"predecessor-version":[{"id":57284,"href":"http:\/\/www.24baires.com\/index.php?rest_route=\/wp\/v2\/posts\/57283\/revisions\/57284"}],"wp:attachment":[{"href":"http:\/\/www.24baires.com\/index.php?rest_route=%2Fwp%2Fv2%2Fmedia&parent=57283"}],"wp:term":[{"taxonomy":"category","embeddable":true,"href":"http:\/\/www.24baires.com\/index.php?rest_route=%2Fwp%2Fv2%2Fcategories&post=57283"},{"taxonomy":"post_tag","embeddable":true,"href":"http:\/\/www.24baires.com\/index.php?rest_route=%2Fwp%2Fv2%2Ftags&post=57283"}],"curies":[{"name":"wp","href":"https:\/\/api.w.org\/{rel}","templated":true}]}}