{"id":57280,"date":"2014-11-17T22:03:47","date_gmt":"2014-11-18T01:03:47","guid":{"rendered":"http:\/\/www.24baires.com\/?p=57280"},"modified":"2014-11-17T22:04:04","modified_gmt":"2014-11-18T01:04:04","slug":"rossi-cruzo-a-insaurralde-necesitamos-que-este-en-un-solo-espacio","status":"publish","type":"post","link":"http:\/\/www.24baires.com\/?p=57280","title":{"rendered":"Rossi cruz\u00f3 a Insaurralde: \u00abNecesitamos que est\u00e9 en un solo espacio\u00bb"},"content":{"rendered":"<p><img data-recalc-dims=\"1\" loading=\"lazy\" decoding=\"async\" class=\"aligncenter size-full wp-image-52226\" src=\"https:\/\/i0.wp.com\/www.24baires.com\/wp-content\/uploads\/2014\/08\/rossi.jpg?resize=560%2C372\" alt=\"rossi\" width=\"560\" height=\"372\" srcset=\"https:\/\/i0.wp.com\/www.24baires.com\/wp-content\/uploads\/2014\/08\/rossi.jpg?w=560 560w, https:\/\/i0.wp.com\/www.24baires.com\/wp-content\/uploads\/2014\/08\/rossi.jpg?resize=300%2C199 300w\" sizes=\"auto, (max-width: 560px) 100vw, 560px\" \/>\u00abUno no puede tomar la pol\u00edtica como una carrera de ascenso personal\u00bb, cuestion\u00f3 el Ministro de Defensa.<!--more--><\/p>\n<p>El ministro de Defensa y precandidato presidencial del oficialismo, Agust\u00edn Rossi, critic\u00f3 este lunes al diputado kirchnerista Mart\u00edn Insaurralde por su coqueteo con el massismo y advirti\u00f3 que el pa\u00eds \u00abno necesita de pol\u00edticos que un d\u00eda est\u00e9n en un espacio pol\u00edtico y que otro d\u00eda est\u00e9n en otro\u00bb.<\/p>\n<p>\u00abUno no puede tomar la pol\u00edtica como una carrera de ascenso personal: la pol\u00edtica es mucho m\u00e1s que eso\u00bb, cuestion\u00f3 el funcionario, quien defendi\u00f3 tambi\u00e9n el liderazgo de la presidenta Cristina Fern\u00e1ndez de Kirchner y advirti\u00f3 que va a continuar una vez que termine su mandato.<\/p>\n<p>En tanto, a menos de un a\u00f1o para las elecciones presidenciales, Rossi se\u00f1al\u00f3 que \u00absigue firme\u00bb su intenci\u00f3n de presentarse en las PASO para definir el candidato del Frente para la Victoria y remarc\u00f3 que \u00abno\u00bb tiene \u00abun plan B\u00bb, por lo que espera que su candidatura \u00absiga creciendo\u00bb.<\/p>\n<p>&nbsp;<\/p>\n<p>&nbsp;<\/p>\n<p>&nbsp;<\/p>\n","protected":false},"excerpt":{"rendered":"<p>\u00abUno no puede tomar la pol\u00edtica como una carrera de ascenso personal\u00bb, cuestion\u00f3 el Ministro de Defensa.<\/p>\n","protected":false},"author":11,"featured_media":0,"comment_status":"open","ping_status":"open","sticky":false,"template":"","format":"standard","meta":{"_jetpack_newsletter_access":"","_jetpack_dont_email_post_to_subs":false,"_jetpack_newsletter_tier_id":0,"_jetpack_memberships_contains_paywalled_content":false,"_jetpack_memberships_contains_paid_content":false,"footnotes":""},"categories":[51],"tags":[],"class_list":["post-57280","post","type-post","status-publish","format-standard","hentry","category-politica"],"jetpack_shortlink":"https:\/\/wp.me\/p2JWE0-eTS","jetpack-related-posts":[{"id":120169,"url":"http:\/\/www.24baires.com\/?p=120169","url_meta":{"origin":57280,"position":0},"title":"\u201cEl gobierno anterior tuvo una pol\u00edtica generalizada de cerrar industrias\u201d","author":"AF","date":"09\/06\/2023","format":false,"excerpt":"As\u00ed lo asegur\u00f3 el mandatario durante el acto de reapertura de la f\u00e1brica F\u00e1brica Militar de P\u00f3lvoras y Explosivos, inaugurada en 1946 en la localidad bonaerense de Azul, y que desde sus inicios estuvo destinada a producir bienes y servicios para la defensa y la miner\u00eda. En 2017 el gobierno\u2026","rel":"","context":"En \u00abPol\u00edtica\u00bb","block_context":{"text":"Pol\u00edtica","link":"http:\/\/www.24baires.com\/?cat=51"},"img":{"alt_text":"","src":"https:\/\/i0.wp.com\/www.24baires.com\/wp-content\/uploads\/2023\/06\/Alberto-Fernandez-Fanazul.jpg?resize=350%2C200","width":350,"height":200,"srcset":"https:\/\/i0.wp.com\/www.24baires.com\/wp-content\/uploads\/2023\/06\/Alberto-Fernandez-Fanazul.jpg?resize=350%2C200 1x, https:\/\/i0.wp.com\/www.24baires.com\/wp-content\/uploads\/2023\/06\/Alberto-Fernandez-Fanazul.jpg?resize=525%2C300 1.5x"},"classes":[]},{"id":37162,"url":"http:\/\/www.24baires.com\/?p=37162","url_meta":{"origin":57280,"position":1},"title":"Milani asumi\u00f3 el mando del Ej\u00e9rcito","author":"GB","date":"19\/12\/2013","format":false,"excerpt":"Tras aprobarse ayer el ascenso en el Senado, el General asumi\u00f3 a ese cargo, en el marco de la ceremonia que encabez\u00f3 la presidenta Cristina Fern\u00e1ndez de Kirchner. Adem\u00e1s, otros oficiales de las Fuerzas Armadas asumieron sus respectivos cargos. En el marco de la ceremonia que encabez\u00f3 la jefa de\u2026","rel":"","context":"En \u00abPol\u00edtica\u00bb","block_context":{"text":"Pol\u00edtica","link":"http:\/\/www.24baires.com\/?cat=51"},"img":{"alt_text":"milani","src":"https:\/\/i0.wp.com\/www.24baires.com\/wp-content\/uploads\/2013\/07\/milani.jpg?resize=350%2C200","width":350,"height":200},"classes":[]},{"id":120296,"url":"http:\/\/www.24baires.com\/?p=120296","url_meta":{"origin":57280,"position":2},"title":"Massa: \u00abNuestro primer desaf\u00edo es mejorar el salario de los trabajadores\u00bb","author":"AF","date":"19\/07\/2023","format":false,"excerpt":"El precandidato a presidente y ministro de Econom\u00eda agradeci\u00f3 la invitaci\u00f3n de la CGT por su \"respaldo y acompa\u00f1amiento\" para las elecciones. Rossi, por su parte, afirm\u00f3 que la central obrera representa al sector que tienen que \"defender por excelencia\". El ministro de Econom\u00eda y precandidato presidencial por Uni\u00f3n por\u2026","rel":"","context":"En \u00abPol\u00edtica\u00bb","block_context":{"text":"Pol\u00edtica","link":"http:\/\/www.24baires.com\/?cat=51"},"img":{"alt_text":"","src":"https:\/\/i0.wp.com\/www.24baires.com\/wp-content\/uploads\/2023\/07\/WhatsApp-Image-2023-07-19-at-22.32.04.jpeg?resize=350%2C200","width":350,"height":200,"srcset":"https:\/\/i0.wp.com\/www.24baires.com\/wp-content\/uploads\/2023\/07\/WhatsApp-Image-2023-07-19-at-22.32.04.jpeg?resize=350%2C200 1x, https:\/\/i0.wp.com\/www.24baires.com\/wp-content\/uploads\/2023\/07\/WhatsApp-Image-2023-07-19-at-22.32.04.jpeg?resize=525%2C300 1.5x"},"classes":[]},{"id":44129,"url":"http:\/\/www.24baires.com\/?p=44129","url_meta":{"origin":57280,"position":3},"title":"Scioli no junta m\u00e1s que contras para su candidatura","author":"Grupo Sierra","date":"17\/04\/2014","format":false,"excerpt":"El Gobernador de la provincia de Buenos Aires contin\u00faa con las aspiraciones presidenciales, pero los referentes del oficialismo no opinan lo mismo, y se lo hacen saber. Sectores del kirchnerismo salieron ayer a criticar las pretensiones hacia el 2015 del gobernador Daniel Scioli, y si bien el mandatario busc\u00f3 esquivar\u2026","rel":"","context":"En \u00abElecciones 2015\u00bb","block_context":{"text":"Elecciones 2015","link":"http:\/\/www.24baires.com\/?cat=74"},"img":{"alt_text":"scioli ok","src":"https:\/\/i0.wp.com\/www.24baires.com\/wp-content\/uploads\/2012\/12\/scioli-ok.jpg?resize=350%2C200","width":350,"height":200,"srcset":"https:\/\/i0.wp.com\/www.24baires.com\/wp-content\/uploads\/2012\/12\/scioli-ok.jpg?resize=350%2C200 1x, https:\/\/i0.wp.com\/www.24baires.com\/wp-content\/uploads\/2012\/12\/scioli-ok.jpg?resize=525%2C300 1.5x"},"classes":[]},{"id":59641,"url":"http:\/\/www.24baires.com\/?p=59641","url_meta":{"origin":57280,"position":4},"title":"\u00abEl Grupo Clar\u00edn y el kirchnerismo no son compatibles\u00bb, sentenci\u00f3 Rossi","author":"GB","date":"06\/01\/2015","format":false,"excerpt":"El ministro de Defensa y precandidato presidencial del Frente para la Victoria (FPV) afirm\u00f3 que no le gust\u00f3, pero tampoco le \"sorprendi\u00f3\", la presencia de Daniel Scioli en la inauguraci\u00f3n del espacio Clar\u00edn en Mar del Plata. \"No es la primera vez que lo vemos al gobernador participando en ese\u2026","rel":"","context":"En \u00abPol\u00edtica\u00bb","block_context":{"text":"Pol\u00edtica","link":"http:\/\/www.24baires.com\/?cat=51"},"img":{"alt_text":"rossi_6","src":"https:\/\/i0.wp.com\/www.24baires.com\/wp-content\/uploads\/2014\/12\/rossi_6.jpg?resize=350%2C200","width":350,"height":200,"srcset":"https:\/\/i0.wp.com\/www.24baires.com\/wp-content\/uploads\/2014\/12\/rossi_6.jpg?resize=350%2C200 1x, https:\/\/i0.wp.com\/www.24baires.com\/wp-content\/uploads\/2014\/12\/rossi_6.jpg?resize=525%2C300 1.5x"},"classes":[]},{"id":120352,"url":"http:\/\/www.24baires.com\/?p=120352","url_meta":{"origin":57280,"position":5},"title":"Massa: \u00abVoy a ser el presidente del trabajo y los trabajadores\u00bb","author":"AF","date":"08\/08\/2023","format":false,"excerpt":"As\u00ed lo se\u00f1al\u00f3 el precandidato presidencial de UxP ante miles de trabajadores de diferentes sindicatos que colmaban el estadio DirecTV Arena de la localidad bonaerense de Tortuguitas en su respaldo. El ministro de Econom\u00eda y precandidato presidencial de Uni\u00f3n por la Patria (UxP), Sergio Massa, advirti\u00f3 este martes que en\u2026","rel":"","context":"En \u00abPol\u00edtica\u00bb","block_context":{"text":"Pol\u00edtica","link":"http:\/\/www.24baires.com\/?cat=51"},"img":{"alt_text":"","src":"https:\/\/i0.wp.com\/www.24baires.com\/wp-content\/uploads\/2023\/08\/WhatsApp-Image-2023-08-08-at-23.21.31.jpeg?resize=350%2C200","width":350,"height":200,"srcset":"https:\/\/i0.wp.com\/www.24baires.com\/wp-content\/uploads\/2023\/08\/WhatsApp-Image-2023-08-08-at-23.21.31.jpeg?resize=350%2C200 1x, https:\/\/i0.wp.com\/www.24baires.com\/wp-content\/uploads\/2023\/08\/WhatsApp-Image-2023-08-08-at-23.21.31.jpeg?resize=525%2C300 1.5x"},"classes":[]}],"jetpack_sharing_enabled":true,"jetpack_likes_enabled":true,"jetpack_featured_media_url":"","_links":{"self":[{"href":"http:\/\/www.24baires.com\/index.php?rest_route=\/wp\/v2\/posts\/57280","targetHints":{"allow":["GET"]}}],"collection":[{"href":"http:\/\/www.24baires.com\/index.php?rest_route=\/wp\/v2\/posts"}],"about":[{"href":"http:\/\/www.24baires.com\/index.php?rest_route=\/wp\/v2\/types\/post"}],"author":[{"embeddable":true,"href":"http:\/\/www.24baires.com\/index.php?rest_route=\/wp\/v2\/users\/11"}],"replies":[{"embeddable":true,"href":"http:\/\/www.24baires.com\/index.php?rest_route=%2Fwp%2Fv2%2Fcomments&post=57280"}],"version-history":[{"count":1,"href":"http:\/\/www.24baires.com\/index.php?rest_route=\/wp\/v2\/posts\/57280\/revisions"}],"predecessor-version":[{"id":57281,"href":"http:\/\/www.24baires.com\/index.php?rest_route=\/wp\/v2\/posts\/57280\/revisions\/57281"}],"wp:attachment":[{"href":"http:\/\/www.24baires.com\/index.php?rest_route=%2Fwp%2Fv2%2Fmedia&parent=57280"}],"wp:term":[{"taxonomy":"category","embeddable":true,"href":"http:\/\/www.24baires.com\/index.php?rest_route=%2Fwp%2Fv2%2Fcategories&post=57280"},{"taxonomy":"post_tag","embeddable":true,"href":"http:\/\/www.24baires.com\/index.php?rest_route=%2Fwp%2Fv2%2Ftags&post=57280"}],"curies":[{"name":"wp","href":"https:\/\/api.w.org\/{rel}","templated":true}]}}