{"id":57239,"date":"2014-11-17T14:00:19","date_gmt":"2014-11-17T17:00:19","guid":{"rendered":"http:\/\/www.24baires.com\/?p=57239"},"modified":"2014-11-17T21:29:03","modified_gmt":"2014-11-18T00:29:03","slug":"quedense-tranquilos-que-cristina-esta-barbara-remarco-randazzo","status":"publish","type":"post","link":"http:\/\/www.24baires.com\/?p=57239","title":{"rendered":"\u201cQu\u00e9dense tranquilos que Cristina est\u00e1 b\u00e1rbara\u201d, remarc\u00f3 Randazzo"},"content":{"rendered":"<p><img data-recalc-dims=\"1\" loading=\"lazy\" decoding=\"async\" class=\"aligncenter size-full wp-image-53364\" src=\"https:\/\/i0.wp.com\/www.24baires.com\/wp-content\/uploads\/2014\/09\/cristina1.jpg?resize=560%2C373\" alt=\"cristina\" width=\"560\" height=\"373\" srcset=\"https:\/\/i0.wp.com\/www.24baires.com\/wp-content\/uploads\/2014\/09\/cristina1.jpg?w=560 560w, https:\/\/i0.wp.com\/www.24baires.com\/wp-content\/uploads\/2014\/09\/cristina1.jpg?resize=300%2C199 300w\" sizes=\"auto, (max-width: 560px) 100vw, 560px\" \/>El ministro del Interior y Transporte afirm\u00f3 hoy que la Presidenta se encuentra bien de salud y anticip\u00f3 que \u201cya est\u00e1 por salir a las pistas en la semana\u201d. \u201cQu\u00e9dense tranquilos que Cristina est\u00e1 b\u00e1rbara\u201d, remarc\u00f3.<!--more--><\/p>\n<p>\u201cQue se queden tranquilos que Cristina est\u00e1 b\u00e1rbara\u201d, remarc\u00f3 Randazzo en una entrevista esta ma\u00f1ana por Radio Am\u00e9rica.<\/p>\n<p>Acerca del futuro pol\u00edtico la primera mandataria, el ministro sostuvo que su opini\u00f3n \u201cva a ser decisiva\u201d de cara a las elecciones presidenciales de 2015.<\/p>\n<p>Asimismo, el funcionario nacional valoriz\u00f3 el rol de la mandataria en la pol\u00edtica argentina, al se\u00f1alar que \u201clo que no le perdonan a Cristina, y esto lo digo hoy en el D\u00eda del Militante, es haber emancipado la pol\u00edtica de los poderes corporativos y medi\u00e1ticos\u201d.<\/p>\n<p>Para Randazzo, estos sectores f\u00e1cticos \u201ccondicionaron a todos los gobiernos hist\u00f3ricamente en la Argentina, haciendo un enorme da\u00f1o, pero no a un presidente, si no a las mayor\u00edas populares\u201d.<\/p>\n<p>Dijo tambi\u00e9n que hoy va a celebrar la jornada en lo que consider\u00f3 \u201cla cuna de la militancia contempor\u00e1nea\u201d en referencia a la provincia de Santa Cruz, donde naci\u00f3 el ex presidente N\u00e9stor Kirchner.<\/p>\n<p>\u201cN\u00e9stor adem\u00e1s de haber sido un gran presidente, un gran hombre de Estado, fue por encima de todo un gran militante\u201d, remarc\u00f3.<\/p>\n<p>Asimismo, Randazzo agreg\u00f3 que \u201csi uno busca alg\u00fan hecho que distinga a N\u00e9stor es la militancia, en particular a aquellos que creemos en la pol\u00edtica como una herramienta de transformaci\u00f3n\u201d.<\/p>\n<p>En cuanto a la oposici\u00f3n partidaria, el ministro del Interior y Transporte dijo que sus dirigentes \u201cson funcionales a intereses corporativos y medi\u00e1ticos\u201d.<\/p>\n<p>\u201cNo s\u00e9 qu\u00e9 pensar\u00edan Alfons\u00edn padre, Hip\u00f3lito Yrigoyen y Alem de lo que hace la conducci\u00f3n actual del radicalismo\u201d, se pregunt\u00f3.<\/p>\n<p>Seg\u00fan Randazzo, \u201csi la oposici\u00f3n tuviera dirigentes capaces de representar a los verdaderos intereses que dicen representar, seguramente apoyar\u00edan muchas de las pol\u00edticas del Gobierno Nacional, como la de derechos humanos, de medios, la previsional y tantas otras\u201d.<\/p>\n<p>&nbsp;<\/p>\n<p>&nbsp;<\/p>\n<p>&nbsp;<\/p>\n<p>&nbsp;<\/p>\n<p>&nbsp;<\/p>\n<p>&nbsp;<\/p>\n<p>&nbsp;<\/p>\n<p>&nbsp;<\/p>\n<p>&nbsp;<\/p>\n<p>&nbsp;<\/p>\n","protected":false},"excerpt":{"rendered":"<p>El ministro del Interior y Transporte afirm\u00f3 hoy que la Presidenta se encuentra bien de salud y anticip\u00f3 que \u201cya est\u00e1 por salir a las pistas en la semana\u201d. \u201cQu\u00e9dense tranquilos que Cristina est\u00e1 b\u00e1rbara\u201d, remarc\u00f3.<\/p>\n","protected":false},"author":8,"featured_media":0,"comment_status":"open","ping_status":"open","sticky":false,"template":"","format":"standard","meta":{"_jetpack_newsletter_access":"","_jetpack_dont_email_post_to_subs":false,"_jetpack_newsletter_tier_id":0,"_jetpack_memberships_contains_paywalled_content":false,"_jetpack_memberships_contains_paid_content":false,"footnotes":""},"categories":[51],"tags":[],"class_list":["post-57239","post","type-post","status-publish","format-standard","hentry","category-politica"],"jetpack_shortlink":"https:\/\/wp.me\/p2JWE0-eTd","jetpack-related-posts":[{"id":66490,"url":"http:\/\/www.24baires.com\/?p=66490","url_meta":{"origin":57239,"position":0},"title":"\u00abNo tengan miedo por lo que va a pasar, ustedes son los verdaderos due\u00f1os de su destino\u00bb","author":"GB","date":"25\/05\/2015","format":false,"excerpt":"La presidenta de la naci\u00f3n habla ante una plaza repleta en el cierre de los festejos por la Semana de Mayo. La presidenta Cristina Fern\u00e1ndez de Kirchner afirm\u00f3 esta noche que \"algunos buitres\" que quedaron afuera de la renegociaci\u00f3n de la deuda externa, \"manejan medios de comunicaci\u00f3n y organizaciones que\u2026","rel":"","context":"En \u00abPol\u00edtica\u00bb","block_context":{"text":"Pol\u00edtica","link":"http:\/\/www.24baires.com\/?cat=51"},"img":{"alt_text":"","src":"https:\/\/i0.wp.com\/www.24baires.com\/wp-content\/uploads\/2015\/05\/cristina-25de-mayo.jpg?resize=350%2C200","width":350,"height":200,"srcset":"https:\/\/i0.wp.com\/www.24baires.com\/wp-content\/uploads\/2015\/05\/cristina-25de-mayo.jpg?resize=350%2C200 1x, https:\/\/i0.wp.com\/www.24baires.com\/wp-content\/uploads\/2015\/05\/cristina-25de-mayo.jpg?resize=525%2C300 1.5x"},"classes":[]},{"id":112373,"url":"http:\/\/www.24baires.com\/?p=112373","url_meta":{"origin":57239,"position":1},"title":"Fern\u00e1ndez tild\u00f3 al Gobierno de \u201cmalandras\u201d: \u00abAgarran el poder y lo usan para sus negocios\u00bb","author":"AF","date":"04\/10\/2019","format":false,"excerpt":"\u00a0JUN\u00cdN - \"Vamos a cumplir con las obligaciones que nos dejan estos malandras pero antes vamos a cumplir con nuestra gente\", sostuvo el candidato a presidente en su primer acto con Randazzo, a quien consider\u00f3 \"ministeriable\". De gira en la cuarta secci\u00f3n electoral, el candidato a presidente del Frente de\u2026","rel":"","context":"En \u00abPol\u00edtica\u00bb","block_context":{"text":"Pol\u00edtica","link":"http:\/\/www.24baires.com\/?cat=51"},"img":{"alt_text":"","src":"https:\/\/i0.wp.com\/www.24baires.com\/wp-content\/uploads\/2019\/10\/fern%C3%A1ndez-jun%C3%ADn.jpg?resize=350%2C200","width":350,"height":200,"srcset":"https:\/\/i0.wp.com\/www.24baires.com\/wp-content\/uploads\/2019\/10\/fern%C3%A1ndez-jun%C3%ADn.jpg?resize=350%2C200 1x, https:\/\/i0.wp.com\/www.24baires.com\/wp-content\/uploads\/2019\/10\/fern%C3%A1ndez-jun%C3%ADn.jpg?resize=525%2C300 1.5x"},"classes":[]},{"id":95195,"url":"http:\/\/www.24baires.com\/?p=95195","url_meta":{"origin":57239,"position":2},"title":"Ishii confirm\u00f3 que enfrentar\u00e1 a Randazzo en las PASO bonaerenses","author":"AF","date":"14\/06\/2017","format":false,"excerpt":"El intendente de Jos\u00e9 C. Paz, Mario Ishii, dijo que competir\u00e1 en las PASO del pr\u00f3ximo 13 de agosto dentro del Partido Justicialista (PJ) bonaerense, y precis\u00f3 que enfrentar\u00e1 en esas elecciones a Florencio Randazzo, de concretarse la postulaci\u00f3n del ex ministro. \"Yo voy a enfrentar a Randazzo,\u201d sostuvo hoy\u2026","rel":"","context":"En \u00abPol\u00edtica\u00bb","block_context":{"text":"Pol\u00edtica","link":"http:\/\/www.24baires.com\/?cat=51"},"img":{"alt_text":"","src":"https:\/\/i0.wp.com\/www.24baires.com\/wp-content\/uploads\/2017\/03\/ishii.jpg?resize=350%2C200","width":350,"height":200,"srcset":"https:\/\/i0.wp.com\/www.24baires.com\/wp-content\/uploads\/2017\/03\/ishii.jpg?resize=350%2C200 1x, https:\/\/i0.wp.com\/www.24baires.com\/wp-content\/uploads\/2017\/03\/ishii.jpg?resize=525%2C300 1.5x"},"classes":[]},{"id":105031,"url":"http:\/\/www.24baires.com\/?p=105031","url_meta":{"origin":57239,"position":3},"title":"Intendentes de Cambiemos intentar\u00e1n eliminar las PASO","author":"GB","date":"20\/10\/2018","format":false,"excerpt":"Intendentes de Cambiemos acordaron hoy lanzar un debate sobre la \"utilidad\" que tiene las PASO, como primer paso de plan pol\u00edtico para eliminar esas elecciones con el que buscan mantener dividido al peronismo para asegurar un triunfo del oficialismo en 2019. La estrategia fue ideada por el intendente de Vicente\u2026","rel":"","context":"En \u00abPol\u00edtica\u00bb","block_context":{"text":"Pol\u00edtica","link":"http:\/\/www.24baires.com\/?cat=51"},"img":{"alt_text":"","src":"https:\/\/i0.wp.com\/www.24baires.com\/wp-content\/uploads\/2018\/10\/intendentes-cambiemos-300x200.jpg?resize=350%2C200","width":350,"height":200},"classes":[]},{"id":122660,"url":"http:\/\/www.24baires.com\/?p=122660","url_meta":{"origin":57239,"position":4},"title":"Gran remontada de La Libertad Avanza que se impuso por medio punto al peronismo en la Provincia","author":"GB","date":"27\/10\/2025","format":false,"excerpt":"Los libertarios lograron un fuerte repunte tras la derrota de septiembre. Pelea voto a voto con Fuerza Patria. La Libertad Avanza logr\u00f3 una sensible recuperaci\u00f3n tras la derrota de 13 puntos en el mes de septiembre en la provincia de Buenos Aires y se impuso este domingo por 0,5% al\u2026","rel":"","context":"En \u00abElecciones\u00bb","block_context":{"text":"Elecciones","link":"http:\/\/www.24baires.com\/?cat=316"},"img":{"alt_text":"","src":"https:\/\/i0.wp.com\/www.24baires.com\/wp-content\/uploads\/2025\/10\/lla.jpg?resize=350%2C200","width":350,"height":200,"srcset":"https:\/\/i0.wp.com\/www.24baires.com\/wp-content\/uploads\/2025\/10\/lla.jpg?resize=350%2C200 1x, https:\/\/i0.wp.com\/www.24baires.com\/wp-content\/uploads\/2025\/10\/lla.jpg?resize=525%2C300 1.5x, https:\/\/i0.wp.com\/www.24baires.com\/wp-content\/uploads\/2025\/10\/lla.jpg?resize=700%2C400 2x, https:\/\/i0.wp.com\/www.24baires.com\/wp-content\/uploads\/2025\/10\/lla.jpg?resize=1050%2C600 3x"},"classes":[]},{"id":94953,"url":"http:\/\/www.24baires.com\/?p=94953","url_meta":{"origin":57239,"position":5},"title":"Navarro: \u00abNo creo que Cristina sea candidata\u00bb","author":"GB","date":"02\/06\/2017","format":false,"excerpt":"Sin embargo, el referente del Movimiento Evita confes\u00f3 que \"quiero m\u00e1s a Cristina\" que al ex ministro de Interior y Transporte, Florencio Randazzo. Fernando \"Chino\" Navarro estim\u00f3 que la ex presidenta Cristina Kirchner no ser\u00e1 candidata en las pr\u00f3ximas elecciones legislativas de octubre. Pero a su vez reconoci\u00f3 que \"quiere\"\u2026","rel":"","context":"En \u00abPol\u00edtica\u00bb","block_context":{"text":"Pol\u00edtica","link":"http:\/\/www.24baires.com\/?cat=51"},"img":{"alt_text":"","src":"https:\/\/i0.wp.com\/www.24baires.com\/wp-content\/uploads\/2014\/06\/navarro.png?resize=350%2C200","width":350,"height":200},"classes":[]}],"jetpack_sharing_enabled":true,"jetpack_likes_enabled":true,"jetpack_featured_media_url":"","_links":{"self":[{"href":"http:\/\/www.24baires.com\/index.php?rest_route=\/wp\/v2\/posts\/57239","targetHints":{"allow":["GET"]}}],"collection":[{"href":"http:\/\/www.24baires.com\/index.php?rest_route=\/wp\/v2\/posts"}],"about":[{"href":"http:\/\/www.24baires.com\/index.php?rest_route=\/wp\/v2\/types\/post"}],"author":[{"embeddable":true,"href":"http:\/\/www.24baires.com\/index.php?rest_route=\/wp\/v2\/users\/8"}],"replies":[{"embeddable":true,"href":"http:\/\/www.24baires.com\/index.php?rest_route=%2Fwp%2Fv2%2Fcomments&post=57239"}],"version-history":[{"count":1,"href":"http:\/\/www.24baires.com\/index.php?rest_route=\/wp\/v2\/posts\/57239\/revisions"}],"predecessor-version":[{"id":57240,"href":"http:\/\/www.24baires.com\/index.php?rest_route=\/wp\/v2\/posts\/57239\/revisions\/57240"}],"wp:attachment":[{"href":"http:\/\/www.24baires.com\/index.php?rest_route=%2Fwp%2Fv2%2Fmedia&parent=57239"}],"wp:term":[{"taxonomy":"category","embeddable":true,"href":"http:\/\/www.24baires.com\/index.php?rest_route=%2Fwp%2Fv2%2Fcategories&post=57239"},{"taxonomy":"post_tag","embeddable":true,"href":"http:\/\/www.24baires.com\/index.php?rest_route=%2Fwp%2Fv2%2Ftags&post=57239"}],"curies":[{"name":"wp","href":"https:\/\/api.w.org\/{rel}","templated":true}]}}