{"id":57220,"date":"2014-11-17T10:00:57","date_gmt":"2014-11-17T13:00:57","guid":{"rendered":"http:\/\/www.24baires.com\/?p=57220"},"modified":"2014-11-17T21:29:18","modified_gmt":"2014-11-18T00:29:18","slug":"capitanich-no-es-posible-ningun-tipo-de-reapertura-de-paritarias","status":"publish","type":"post","link":"http:\/\/www.24baires.com\/?p=57220","title":{"rendered":"Capitanich: \u00abNo es posible ning\u00fan tipo de reapertura de paritarias\u00bb"},"content":{"rendered":"<p><img data-recalc-dims=\"1\" loading=\"lazy\" decoding=\"async\" class=\"aligncenter size-full wp-image-53422\" src=\"https:\/\/i0.wp.com\/www.24baires.com\/wp-content\/uploads\/2014\/09\/capitanich1.jpg?resize=560%2C420\" alt=\"capitanich\" width=\"560\" height=\"420\" srcset=\"https:\/\/i0.wp.com\/www.24baires.com\/wp-content\/uploads\/2014\/09\/capitanich1.jpg?w=560 560w, https:\/\/i0.wp.com\/www.24baires.com\/wp-content\/uploads\/2014\/09\/capitanich1.jpg?resize=300%2C225 300w\" sizes=\"auto, (max-width: 560px) 100vw, 560px\" \/>El jefe de Gabinete recalc\u00f3 adem\u00e1s que \u201ctampoco forma parte del proceso de discusi\u00f3n\u201d cualquier modificaci\u00f3n a Ganancias. Fue al ser consultado por la reuni\u00f3n que mantendr\u00e1 junto a Tomada con gremios del transporte.<!--more--><\/p>\n<p>As\u00ed lo se\u00f1al\u00f3 esta ma\u00f1ana en su habitual conferencia de prensa en la Casa de Gobierno, en la que destac\u00f3 la \u201cvocaci\u00f3n permanente de di\u00e1logo abierto\u201d que sostiene el Ministerio de Trabajo de la Naci\u00f3n con distintos gremios y dirigentes.<\/p>\n<p>\u201cEsa es la estrategia del gobierno: un di\u00e1logo permanente y activo para evaluar distintas instancias\u201d, asever\u00f3 el jefe de ministros, quien puso el acento en la vocaci\u00f3n del gobierno de \u201cmantener siempre un di\u00e1logo respecto de lo que significan las demandas sindicales\u201d.<\/p>\n<p>De todas maneras, advirti\u00f3 claramente que \u201cno es posible ning\u00fan tipo de reapertura de paritarias\u201d, aunque sostuvo que \u201ces cierto que no todos los gremios tienen el mismo plazo\u201d para la negociaci\u00f3n colectiva.<\/p>\n<p>\u201cSon diferentes situaciones seg\u00fan se trata de cada paritaria y cada sindicato\u201d, indic\u00f3 Capitanich, quien reafirm\u00f3 que, en relaci\u00f3n al Impuesto a las Ganancias, el gobierno \u201cya ha fijado la posici\u00f3n\u201d y es que \u201cno forma parte del proceso de discusi\u00f3n\u201d.<\/p>\n<p>La semana pasada, el ministro de Trabajo, Carlos Tomada, hab\u00eda se\u00f1alado que en su cartera \u201cno se trata ni se habla el tema del Impuesto a las Ganancias ni de reabrir paritarias este a\u00f1o\u201d.<\/p>\n","protected":false},"excerpt":{"rendered":"<p>El jefe de Gabinete recalc\u00f3 adem\u00e1s que \u201ctampoco forma parte del proceso de discusi\u00f3n\u201d cualquier modificaci\u00f3n a Ganancias. Fue al ser consultado por la reuni\u00f3n que mantendr\u00e1 junto a Tomada con gremios del transporte.<\/p>\n","protected":false},"author":4,"featured_media":0,"comment_status":"open","ping_status":"open","sticky":false,"template":"","format":"standard","meta":{"_jetpack_newsletter_access":"","_jetpack_dont_email_post_to_subs":false,"_jetpack_newsletter_tier_id":0,"_jetpack_memberships_contains_paywalled_content":false,"_jetpack_memberships_contains_paid_content":false,"footnotes":""},"categories":[51],"tags":[],"class_list":["post-57220","post","type-post","status-publish","format-standard","hentry","category-politica"],"jetpack_shortlink":"https:\/\/wp.me\/p2JWE0-eSU","jetpack-related-posts":[{"id":104140,"url":"http:\/\/www.24baires.com\/?p=104140","url_meta":{"origin":57220,"position":0},"title":"Estatales bonaerenses iniciaron un nuevo paro de 48 horas","author":"GB","date":"28\/08\/2018","format":false,"excerpt":"Los trabajadores nucleados en ATE reclaman la reapertura de la paritaria y pases a planta permanente y rechazan el ajuste en los organismos p\u00fablicos. La Asociaci\u00f3n de Trabajadores del Estado (ATE) de la provincia de Buenos Aires inici\u00f3 hoy un paro de 48 horas para exigir la reapertura de la\u2026","rel":"","context":"En \u00abProvincia\u00bb","block_context":{"text":"Provincia","link":"http:\/\/www.24baires.com\/?cat=40"},"img":{"alt_text":"","src":"https:\/\/i0.wp.com\/www.24baires.com\/wp-content\/uploads\/2016\/03\/marcha-ate.jpg?resize=350%2C200","width":350,"height":200,"srcset":"https:\/\/i0.wp.com\/www.24baires.com\/wp-content\/uploads\/2016\/03\/marcha-ate.jpg?resize=350%2C200 1x, https:\/\/i0.wp.com\/www.24baires.com\/wp-content\/uploads\/2016\/03\/marcha-ate.jpg?resize=525%2C300 1.5x"},"classes":[]},{"id":119712,"url":"http:\/\/www.24baires.com\/?p=119712","url_meta":{"origin":57220,"position":1},"title":"El Gobierno apunta a paritarias del 60%","author":"AF","date":"12\/01\/2023","format":false,"excerpt":"La ministra de Trabajo, Raquel \u201cKelly\u201d Olmos, se\u00f1al\u00f3 que el objetivo es \u201cir convergiendo hacia una desaceleraci\u00f3n de la nominalidad y de la inflaci\u00f3n como m\u00e9todo de recuperaci\u00f3n de capacidad adquisitiva\u201d. La ministra de Trabajo, Raquel \u201cKelly\u201d Olmos, confirm\u00f3 este jueves por AM750 que el objetivo del Gobierno para este\u2026","rel":"","context":"En \u00abSociedad\u00bb","block_context":{"text":"Sociedad","link":"http:\/\/www.24baires.com\/?cat=1"},"img":{"alt_text":"","src":"https:\/\/i0.wp.com\/www.24baires.com\/wp-content\/uploads\/2023\/01\/kelly-olmos.jpeg?resize=350%2C200","width":350,"height":200,"srcset":"https:\/\/i0.wp.com\/www.24baires.com\/wp-content\/uploads\/2023\/01\/kelly-olmos.jpeg?resize=350%2C200 1x, https:\/\/i0.wp.com\/www.24baires.com\/wp-content\/uploads\/2023\/01\/kelly-olmos.jpeg?resize=525%2C300 1.5x, https:\/\/i0.wp.com\/www.24baires.com\/wp-content\/uploads\/2023\/01\/kelly-olmos.jpeg?resize=700%2C400 2x"},"classes":[]},{"id":120195,"url":"http:\/\/www.24baires.com\/?p=120195","url_meta":{"origin":57220,"position":2},"title":"Provincia convoc\u00f3 a los estatales a una paritaria salarial","author":"GB","date":"16\/06\/2023","format":false,"excerpt":"Desde ATE confirmaron que la Provincia convoc\u00f3 a los gremios de estatales a una paritaria salarial el pr\u00f3ximo jueves. Luego del pedido de reapertura de negociaci\u00f3n paritaria que efectuaron los gremios de trabajadores estatales, la Provincia convoc\u00f3 hoy a una nueva reuni\u00f3n con las entidades sindicales a desarrollarse el pr\u00f3ximo\u2026","rel":"","context":"En \u00abProvincia\u00bb","block_context":{"text":"Provincia","link":"http:\/\/www.24baires.com\/?cat=40"},"img":{"alt_text":"","src":"https:\/\/i0.wp.com\/www.24baires.com\/wp-content\/uploads\/2023\/06\/ate-paritaria.webp?resize=350%2C200","width":350,"height":200,"srcset":"https:\/\/i0.wp.com\/www.24baires.com\/wp-content\/uploads\/2023\/06\/ate-paritaria.webp?resize=350%2C200 1x, https:\/\/i0.wp.com\/www.24baires.com\/wp-content\/uploads\/2023\/06\/ate-paritaria.webp?resize=525%2C300 1.5x, https:\/\/i0.wp.com\/www.24baires.com\/wp-content\/uploads\/2023\/06\/ate-paritaria.webp?resize=700%2C400 2x"},"classes":[]},{"id":119218,"url":"http:\/\/www.24baires.com\/?p=119218","url_meta":{"origin":57220,"position":3},"title":"Provincia convoc\u00f3 a rediscutir paritarias","author":"GB","date":"16\/08\/2022","format":false,"excerpt":"Luego de tener sobre la mesa los datos de la inflaci\u00f3n de julio, el Gobierno de la Provincia convoc\u00f3 a los gremios para el monitoreo de paritarias. La de hoy ser\u00e1 una jornada clave para las y los trabajadores estatales bonaerenses ya que luego de la presi\u00f3n de los gremios\u2026","rel":"","context":"En \u00abProvincia\u00bb","block_context":{"text":"Provincia","link":"http:\/\/www.24baires.com\/?cat=40"},"img":{"alt_text":"","src":"https:\/\/i0.wp.com\/www.24baires.com\/wp-content\/uploads\/2022\/08\/estatales-paritariasjpeg.jpeg?resize=350%2C200","width":350,"height":200,"srcset":"https:\/\/i0.wp.com\/www.24baires.com\/wp-content\/uploads\/2022\/08\/estatales-paritariasjpeg.jpeg?resize=350%2C200 1x, https:\/\/i0.wp.com\/www.24baires.com\/wp-content\/uploads\/2022\/08\/estatales-paritariasjpeg.jpeg?resize=525%2C300 1.5x, https:\/\/i0.wp.com\/www.24baires.com\/wp-content\/uploads\/2022\/08\/estatales-paritariasjpeg.jpeg?resize=700%2C400 2x"},"classes":[]},{"id":107083,"url":"http:\/\/www.24baires.com\/?p=107083","url_meta":{"origin":57220,"position":4},"title":"Docentes inician el ciclo lectivo con un paro por 72 horas y marchar\u00e1n a Plaza de Mayo","author":"GB","date":"06\/03\/2019","format":false,"excerpt":"Mientras la paritaria no arroja resultados favorables tanto para los gremios como para el gobierno, esta semana las aulas permanecer\u00e1n vac\u00edas. Todos los gremios que componen el Frente de Unidad Docentes Bonaerense resolvieron declarar un paro de 72 horas, en paralelo con la convocatoria de la huelga nacional llevada a\u2026","rel":"","context":"En \u00abSociedad\u00bb","block_context":{"text":"Sociedad","link":"http:\/\/www.24baires.com\/?cat=1"},"img":{"alt_text":"","src":"https:\/\/i0.wp.com\/www.24baires.com\/wp-content\/uploads\/2019\/03\/docentes.jpg?resize=350%2C200","width":350,"height":200,"srcset":"https:\/\/i0.wp.com\/www.24baires.com\/wp-content\/uploads\/2019\/03\/docentes.jpg?resize=350%2C200 1x, https:\/\/i0.wp.com\/www.24baires.com\/wp-content\/uploads\/2019\/03\/docentes.jpg?resize=525%2C300 1.5x"},"classes":[]},{"id":108178,"url":"http:\/\/www.24baires.com\/?p=108178","url_meta":{"origin":57220,"position":5},"title":"Comienza nuevo paro de empleados provinciales","author":"GB","date":"15\/05\/2019","format":false,"excerpt":"Los gremios estatales bonaerense empezaron la medida y marchan en CABA en reclamo al gobierno provincial. Los gremios estatales bonaerense unificaron sus reclamos salariales y hoy nuevamente llevar\u00e1n a cabo una medida de fuerza con movilizaci\u00f3n. Con huelgas de hasta 48 horas, marchar\u00e1n a la Casa de la Provincia de\u2026","rel":"","context":"En \u00abProvincia\u00bb","block_context":{"text":"Provincia","link":"http:\/\/www.24baires.com\/?cat=40"},"img":{"alt_text":"","src":"https:\/\/i0.wp.com\/www.24baires.com\/wp-content\/uploads\/2019\/04\/estatales-ate.jpg?resize=350%2C200","width":350,"height":200,"srcset":"https:\/\/i0.wp.com\/www.24baires.com\/wp-content\/uploads\/2019\/04\/estatales-ate.jpg?resize=350%2C200 1x, https:\/\/i0.wp.com\/www.24baires.com\/wp-content\/uploads\/2019\/04\/estatales-ate.jpg?resize=525%2C300 1.5x"},"classes":[]}],"jetpack_sharing_enabled":true,"jetpack_likes_enabled":true,"jetpack_featured_media_url":"","_links":{"self":[{"href":"http:\/\/www.24baires.com\/index.php?rest_route=\/wp\/v2\/posts\/57220","targetHints":{"allow":["GET"]}}],"collection":[{"href":"http:\/\/www.24baires.com\/index.php?rest_route=\/wp\/v2\/posts"}],"about":[{"href":"http:\/\/www.24baires.com\/index.php?rest_route=\/wp\/v2\/types\/post"}],"author":[{"embeddable":true,"href":"http:\/\/www.24baires.com\/index.php?rest_route=\/wp\/v2\/users\/4"}],"replies":[{"embeddable":true,"href":"http:\/\/www.24baires.com\/index.php?rest_route=%2Fwp%2Fv2%2Fcomments&post=57220"}],"version-history":[{"count":1,"href":"http:\/\/www.24baires.com\/index.php?rest_route=\/wp\/v2\/posts\/57220\/revisions"}],"predecessor-version":[{"id":57221,"href":"http:\/\/www.24baires.com\/index.php?rest_route=\/wp\/v2\/posts\/57220\/revisions\/57221"}],"wp:attachment":[{"href":"http:\/\/www.24baires.com\/index.php?rest_route=%2Fwp%2Fv2%2Fmedia&parent=57220"}],"wp:term":[{"taxonomy":"category","embeddable":true,"href":"http:\/\/www.24baires.com\/index.php?rest_route=%2Fwp%2Fv2%2Fcategories&post=57220"},{"taxonomy":"post_tag","embeddable":true,"href":"http:\/\/www.24baires.com\/index.php?rest_route=%2Fwp%2Fv2%2Ftags&post=57220"}],"curies":[{"name":"wp","href":"https:\/\/api.w.org\/{rel}","templated":true}]}}