{"id":57218,"date":"2014-11-16T22:00:06","date_gmt":"2014-11-17T01:00:06","guid":{"rendered":"http:\/\/www.24baires.com\/?p=57218"},"modified":"2014-11-16T21:34:39","modified_gmt":"2014-11-17T00:34:39","slug":"en-febrero-presentaran-el-proyecto-definitivo-del-nuevo-codigo-penal","status":"publish","type":"post","link":"http:\/\/www.24baires.com\/?p=57218","title":{"rendered":"En febrero presentar\u00e1n el proyecto definitivo del nuevo C\u00f3digo Penal"},"content":{"rendered":"<p>Lo confirm\u00f3 el jurista Roberto Carl\u00e9s y aclar\u00f3 que \u201cel Ejecutivo decidir\u00e1 si lo enviar\u00e1 o no al Congreso\u201d.<!--more--><\/p>\n<p>El coordinador de la Comisi\u00f3n de Reforma del C\u00f3digo Penal valor\u00f3 el debate que se produjo en torno a la elaboraci\u00f3n de esta iniciativa, al se\u00f1alar: \u201cRecorrimos el pa\u00eds con charlas desde universidades hasta cuarteles de bomberos, hemos ido a donde hab\u00eda que ir. Ahora tenemos 60 propuestas, que son muy sustanciosas, 1.500 p\u00e1ginas por analizar\u201d.<\/p>\n<p>Debate sobre extranjeros. En una entrevista publicada por un matutino porte\u00f1o, Carl\u00e9s consider\u00f3 tambi\u00e9n que \u201cquiz\u00e1 el C\u00f3digo Penal deber\u00eda decir algo sobre la situaci\u00f3n de los extranjeros\u201d. \u201cLo que no creo es que deba hacerlo el C\u00f3digo Procesal\u201d, manifest\u00f3.<\/p>\n<p>Para el jurista, \u00abel debate sobre los extranjeros que delinquen desplaz\u00f3 al de los menores\u201d, al referirse al discurso pol\u00edtico sobre el populismo punitivo.<\/p>\n<p>\u201cHoy en d\u00eda, el tema de los menores fue abandonado y si pensamos en alguno de los actores que insist\u00eda sobre menores, son los mismos que hoy hablan sobre los extranjeros\u201d, consider\u00f3.<\/p>\n<p>Al respecto, Carl\u00e9s expres\u00f3: \u201cEs como si la cuesti\u00f3n de los menores hubiera sido indigerible incluso para los sectores pol\u00edticos m\u00e1s conservadores, y entonces hubo que buscar otro chivo expiatorio\u201d<\/p>\n<p>&nbsp;<\/p>\n<p>&nbsp;<\/p>\n<p>&nbsp;<\/p>\n<p>&nbsp;<\/p>\n<p>&nbsp;<\/p>\n<p>&nbsp;<\/p>\n<p>&nbsp;<\/p>\n<p>&nbsp;<\/p>\n<p>&nbsp;<\/p>\n<p>&nbsp;<\/p>\n<p>&nbsp;<\/p>\n<p>&nbsp;<\/p>\n","protected":false},"excerpt":{"rendered":"<p>Lo confirm\u00f3 el jurista Roberto Carl\u00e9s y aclar\u00f3 que \u201cel Ejecutivo decidir\u00e1 si lo enviar\u00e1 o no al Congreso\u201d.<\/p>\n","protected":false},"author":8,"featured_media":0,"comment_status":"open","ping_status":"open","sticky":false,"template":"","format":"standard","meta":{"_jetpack_newsletter_access":"","_jetpack_dont_email_post_to_subs":false,"_jetpack_newsletter_tier_id":0,"_jetpack_memberships_contains_paywalled_content":false,"_jetpack_memberships_contains_paid_content":false,"footnotes":""},"categories":[51],"tags":[],"class_list":["post-57218","post","type-post","status-publish","format-standard","hentry","category-politica"],"jetpack_shortlink":"https:\/\/wp.me\/p2JWE0-eSS","jetpack-related-posts":[{"id":92377,"url":"http:\/\/www.24baires.com\/?p=92377","url_meta":{"origin":57218,"position":0},"title":"Crearon comisi\u00f3n que deber\u00e1 completar en un a\u00f1o la reforma del C\u00f3digo Penal","author":"AF","date":"14\/02\/2017","format":false,"excerpt":"El Poder Ejecutivo Nacional dispuso la creaci\u00f3n, en el \u00e1mbito del Ministerio de Justicia, de la Comisi\u00f3n para la reforma del C\u00f3digo Penal, que deber\u00e1 elaborar un anteproyecto de ley de reforma y actualizaci\u00f3n integral de dicho C\u00f3digo, que concentre toda la legislaci\u00f3n penal en un \u00fanico cuerpo normativo. Precisa\u2026","rel":"","context":"En \u00abPol\u00edtica\u00bb","block_context":{"text":"Pol\u00edtica","link":"http:\/\/www.24baires.com\/?cat=51"},"img":{"alt_text":"","src":"https:\/\/i0.wp.com\/www.24baires.com\/wp-content\/uploads\/2014\/02\/justicia.jpg?resize=350%2C200","width":350,"height":200,"srcset":"https:\/\/i0.wp.com\/www.24baires.com\/wp-content\/uploads\/2014\/02\/justicia.jpg?resize=350%2C200 1x, https:\/\/i0.wp.com\/www.24baires.com\/wp-content\/uploads\/2014\/02\/justicia.jpg?resize=525%2C300 1.5x"},"classes":[]},{"id":41920,"url":"http:\/\/www.24baires.com\/?p=41920","url_meta":{"origin":57218,"position":1},"title":"Kunkel liquid\u00f3 a Massa: \u00abEs un analfabeto jur\u00eddico\u00bb","author":"Grupo Sierra","date":"11\/03\/2014","format":false,"excerpt":"El Diputado Nacional por el kirchnerismo carg\u00f3 contra su par del Frente Renovador a ra\u00edz de las posiciones tomadas a partir del anteproyecto de reforma del C\u00f3digo Penal. \"Est\u00e1 planteando una reforma en la Constituci\u00f3n al llamar a una consulta popular en cuestiones penales que la Constituci\u00f3n actual lo proh\u00edbe\",\u2026","rel":"","context":"En \u00abPol\u00edtica\u00bb","block_context":{"text":"Pol\u00edtica","link":"http:\/\/www.24baires.com\/?cat=51"},"img":{"alt_text":"kunkel_columna","src":"https:\/\/i0.wp.com\/www.24baires.com\/wp-content\/uploads\/2014\/02\/kunkel_columna.jpg?resize=350%2C200","width":350,"height":200,"srcset":"https:\/\/i0.wp.com\/www.24baires.com\/wp-content\/uploads\/2014\/02\/kunkel_columna.jpg?resize=350%2C200 1x, https:\/\/i0.wp.com\/www.24baires.com\/wp-content\/uploads\/2014\/02\/kunkel_columna.jpg?resize=525%2C300 1.5x"},"classes":[]},{"id":55799,"url":"http:\/\/www.24baires.com\/?p=55799","url_meta":{"origin":57218,"position":2},"title":"\u201cHay una campa\u00f1a para confrontar con cualquier iniciativa del Gobierno\u201d","author":"AF","date":"22\/10\/2014","format":false,"excerpt":"El jefe de Gabinete se refiri\u00f3 a la postura de \"medios y analistas opositores\" sobre la reforma del C\u00f3digo Penal. \u201cQuieren confundir. La iniciativa cuenta con un alto nivel de consenso entre juristas y acad\u00e9micos\". El jefe de Gabinete, Jorge Capitanich, afirm\u00f3 hoy que el proyecto del nuevo C\u00f3digo Procesal\u2026","rel":"","context":"En \u00abPol\u00edtica\u00bb","block_context":{"text":"Pol\u00edtica","link":"http:\/\/www.24baires.com\/?cat=51"},"img":{"alt_text":"capitanich 4","src":"https:\/\/i0.wp.com\/www.24baires.com\/wp-content\/uploads\/2014\/09\/capitanich-4.jpg?resize=350%2C200","width":350,"height":200,"srcset":"https:\/\/i0.wp.com\/www.24baires.com\/wp-content\/uploads\/2014\/09\/capitanich-4.jpg?resize=350%2C200 1x, https:\/\/i0.wp.com\/www.24baires.com\/wp-content\/uploads\/2014\/09\/capitanich-4.jpg?resize=525%2C300 1.5x"},"classes":[]},{"id":41783,"url":"http:\/\/www.24baires.com\/?p=41783","url_meta":{"origin":57218,"position":3},"title":"Rozanski: \u00abLos que critican la reforma del c\u00f3digo penal s\u00f3lo quieren votos\u00bb","author":"Grupo Sierra","date":"08\/03\/2014","format":false,"excerpt":"El juez federal de La Plata, Carlos Rozanski, afirm\u00f3 que \"muchos de los que critican la reforma del c\u00f3digo penal no s\u00f3lo no saben en qu\u00e9 consiste sino que no les importa\" y cuestion\u00f3 la intenci\u00f3n de \"instalar una discusi\u00f3n sensible para la mayor\u00eda de la gente para obtener votos\".\u2026","rel":"","context":"En \u00abPol\u00edtica\u00bb","block_context":{"text":"Pol\u00edtica","link":"http:\/\/www.24baires.com\/?cat=51"},"img":{"alt_text":"rozansky","src":"https:\/\/i0.wp.com\/www.24baires.com\/wp-content\/uploads\/2012\/12\/rozansky.jpg?resize=350%2C200","width":350,"height":200,"srcset":"https:\/\/i0.wp.com\/www.24baires.com\/wp-content\/uploads\/2012\/12\/rozansky.jpg?resize=350%2C200 1x, https:\/\/i0.wp.com\/www.24baires.com\/wp-content\/uploads\/2012\/12\/rozansky.jpg?resize=525%2C300 1.5x"},"classes":[]},{"id":55998,"url":"http:\/\/www.24baires.com\/?p=55998","url_meta":{"origin":57218,"position":4},"title":"\u00abMientras muchos hablan, el Gobierno hace propuestas concretas\u00bb","author":"AF","date":"25\/10\/2014","format":false,"excerpt":"El secretario de Seguridad de la Naci\u00f3n, Sergio Berni, reiter\u00f3 este s\u00e1bado que existen \"bandas de extranjeros que vienen a delinquir\" debido a la \"laxitud judicial\" y subray\u00f3 que no se trata \"gente que sale a robar para comer sino de bandas de delincuentes internacionales\". Berni se pronunci\u00f3 as\u00ed en\u2026","rel":"","context":"En \u00abPol\u00edtica\u00bb","block_context":{"text":"Pol\u00edtica","link":"http:\/\/www.24baires.com\/?cat=51"},"img":{"alt_text":"berni","src":"https:\/\/i0.wp.com\/www.24baires.com\/wp-content\/uploads\/2014\/01\/berni.jpg?resize=350%2C200","width":350,"height":200,"srcset":"https:\/\/i0.wp.com\/www.24baires.com\/wp-content\/uploads\/2014\/01\/berni.jpg?resize=350%2C200 1x, https:\/\/i0.wp.com\/www.24baires.com\/wp-content\/uploads\/2014\/01\/berni.jpg?resize=525%2C300 1.5x"},"classes":[]},{"id":92357,"url":"http:\/\/www.24baires.com\/?p=92357","url_meta":{"origin":57218,"position":5},"title":"Avanza el debate por el nuevo C\u00f3digo Procesal Penal en la Provincia","author":"GB","date":"13\/02\/2017","format":false,"excerpt":"El ministro de Justicia encabez\u00f3 la primera mesa de debate por la reforma integral del C\u00f3digo Procesal Penal, integrada por representantes de la Suprema Corte, la Procuraci\u00f3n General, los Colegios de Abogados y de Magistrados, acad\u00e9micos y legisladores de ambas c\u00e1maras. Seg\u00fan informaron, al dar inicio a la reuni\u00f3n de\u2026","rel":"","context":"En \u00abProvincia\u00bb","block_context":{"text":"Provincia","link":"http:\/\/www.24baires.com\/?cat=40"},"img":{"alt_text":"","src":"","width":0,"height":0},"classes":[]}],"jetpack_sharing_enabled":true,"jetpack_likes_enabled":true,"jetpack_featured_media_url":"","_links":{"self":[{"href":"http:\/\/www.24baires.com\/index.php?rest_route=\/wp\/v2\/posts\/57218","targetHints":{"allow":["GET"]}}],"collection":[{"href":"http:\/\/www.24baires.com\/index.php?rest_route=\/wp\/v2\/posts"}],"about":[{"href":"http:\/\/www.24baires.com\/index.php?rest_route=\/wp\/v2\/types\/post"}],"author":[{"embeddable":true,"href":"http:\/\/www.24baires.com\/index.php?rest_route=\/wp\/v2\/users\/8"}],"replies":[{"embeddable":true,"href":"http:\/\/www.24baires.com\/index.php?rest_route=%2Fwp%2Fv2%2Fcomments&post=57218"}],"version-history":[{"count":1,"href":"http:\/\/www.24baires.com\/index.php?rest_route=\/wp\/v2\/posts\/57218\/revisions"}],"predecessor-version":[{"id":57219,"href":"http:\/\/www.24baires.com\/index.php?rest_route=\/wp\/v2\/posts\/57218\/revisions\/57219"}],"wp:attachment":[{"href":"http:\/\/www.24baires.com\/index.php?rest_route=%2Fwp%2Fv2%2Fmedia&parent=57218"}],"wp:term":[{"taxonomy":"category","embeddable":true,"href":"http:\/\/www.24baires.com\/index.php?rest_route=%2Fwp%2Fv2%2Fcategories&post=57218"},{"taxonomy":"post_tag","embeddable":true,"href":"http:\/\/www.24baires.com\/index.php?rest_route=%2Fwp%2Fv2%2Ftags&post=57218"}],"curies":[{"name":"wp","href":"https:\/\/api.w.org\/{rel}","templated":true}]}}