{"id":57203,"date":"2014-11-16T17:05:22","date_gmt":"2014-11-16T20:05:22","guid":{"rendered":"http:\/\/www.24baires.com\/?p=57203"},"modified":"2014-11-16T17:05:22","modified_gmt":"2014-11-16T20:05:22","slug":"cristina-kirchner-alcanza-el-49-de-imagen-positiva","status":"publish","type":"post","link":"http:\/\/www.24baires.com\/?p=57203","title":{"rendered":"Cristina Kirchner alcanza el 49% de imagen positiva"},"content":{"rendered":"<p><img data-recalc-dims=\"1\" loading=\"lazy\" decoding=\"async\" class=\"aligncenter size-full wp-image-51375\" src=\"https:\/\/i0.wp.com\/www.24baires.com\/wp-content\/uploads\/2014\/08\/cristina3.jpg?resize=560%2C373\" alt=\"cristina3\" width=\"560\" height=\"373\" srcset=\"https:\/\/i0.wp.com\/www.24baires.com\/wp-content\/uploads\/2014\/08\/cristina3.jpg?w=560 560w, https:\/\/i0.wp.com\/www.24baires.com\/wp-content\/uploads\/2014\/08\/cristina3.jpg?resize=300%2C199 300w\" sizes=\"auto, (max-width: 560px) 100vw, 560px\" \/>Adem\u00e1s, un 54% de los consultados considera satisfactoriamente los 11 a\u00f1os de gobiernos kirchneristas, seg\u00fan un estudio realizado por el Centro de Estudios de Opini\u00f3n P\u00fablica (CEOP).<!--more--><\/p>\n<p>Las conclusiones surgen de una encuesta realizada por el CEOP a nivel nacional y publicadas hoy por P\u00e1gina 12, con entrevistas a 1.085 personas de todo el pa\u00eds, respetando las proporciones por edad, sexo y nivel econ\u00f3mico-social. El trabajo se efectu\u00f3 en los \u00faltimos d\u00edas de octubre y se proces\u00f3 la semana pasada.<\/p>\n<p>\u201cEs un buen momento de la imagen presidencial\u201d, se\u00f1al\u00f3 Roberto Bacman, titular del CEOP. \u201cCon algunos altibajos, viene mejorando desde la crisis con los fondos buitre\u201d, agreg\u00f3, para luego destacar la franja del 33 por ciento que tiene \u00abmuy buena\u00bb imagen de la mandataria, dentro de ese 49,3 de nota positiva global.<\/p>\n<p>La imagen positiva de la Presidenta se apoya en los menores de 35 a\u00f1os, donde trepa al 54 por ciento, y en la base tradicional del peronismo, los sectores de menos poder adquisitivo. \u201cYo dir\u00eda que en el Gran Buenos Aires la imagen positiva de Cristina est\u00e1 por arriba del 60 por ciento\u201d, a\u00f1adi\u00f3 el consultor.<\/p>\n<p>Por otra parte, el CEOP les pidi\u00f3 a los encuestados una evaluaci\u00f3n sobre los 11 a\u00f1os de gesti\u00f3n kirchnerista. En esa opci\u00f3n, se percibe una mayor\u00eda, 54 por ciento, que opina que este per\u00edodo fue positivo, mientras que 43 por ciento lo eval\u00faa como negativo.<\/p>\n<p>\u201cEste cuadro demuestra que es un error hablar de fin de ciclo\u201d, sostuvo Bacman. \u201cEl modelo es un modelo que se conoce y termin\u00f3 pesando mucho a la hora del voto. El candidato del FpV no necesitar\u00e1 hablar de lo que va a hacer, sino de lo que ya se hizo. Del otro lado hay una cruzada \u00e9pica, orientada hacia lo anti K, pero todav\u00eda no se sabe bien con qu\u00e9 modelo\u201d, finaliz\u00f3.<\/p>\n<p>&nbsp;<\/p>\n<p>&nbsp;<\/p>\n<p>&nbsp;<\/p>\n<p>&nbsp;<\/p>\n<p>&nbsp;<\/p>\n<p>&nbsp;<\/p>\n<p>&nbsp;<\/p>\n<p>&nbsp;<\/p>\n<p>&nbsp;<\/p>\n<p>&nbsp;<\/p>\n<p>&nbsp;<\/p>\n<p>&nbsp;<\/p>\n","protected":false},"excerpt":{"rendered":"<p>Adem\u00e1s, un 54% de los consultados considera satisfactoriamente los 11 a\u00f1os de gobiernos kirchneristas, seg\u00fan un estudio realizado por el Centro de Estudios de Opini\u00f3n P\u00fablica (CEOP).<\/p>\n","protected":false},"author":8,"featured_media":0,"comment_status":"open","ping_status":"open","sticky":false,"template":"","format":"standard","meta":{"_jetpack_newsletter_access":"","_jetpack_dont_email_post_to_subs":false,"_jetpack_newsletter_tier_id":0,"_jetpack_memberships_contains_paywalled_content":false,"_jetpack_memberships_contains_paid_content":false,"footnotes":""},"categories":[51],"tags":[],"class_list":["post-57203","post","type-post","status-publish","format-standard","hentry","category-politica"],"jetpack_shortlink":"https:\/\/wp.me\/p2JWE0-eSD","jetpack-related-posts":[{"id":64225,"url":"http:\/\/www.24baires.com\/?p=64225","url_meta":{"origin":57203,"position":0},"title":"La imagen positiva de Cristina crece en la Provincia y casi alcanza el 50 por ciento","author":"GB","date":"13\/04\/2015","format":false,"excerpt":"El dato surge de la encuesta realizada por el CEOP. \"Hoy la gente est\u00e1 metida en la campa\u00f1a y vuelve el oficialismo a tomar el centro de la escena\", dijo Roberto Bacman, titular de la consultora. El titular de la encuestadora Centro de Estudios de Opini\u00f3n P\u00fablica (CEOP), Roberto Bacman,\u2026","rel":"","context":"En \u00abPol\u00edtica\u00bb","block_context":{"text":"Pol\u00edtica","link":"http:\/\/www.24baires.com\/?cat=51"},"img":{"alt_text":"cristina selfie","src":"https:\/\/i0.wp.com\/www.24baires.com\/wp-content\/uploads\/2015\/04\/cristina-selfie.jpg?resize=350%2C200","width":350,"height":200,"srcset":"https:\/\/i0.wp.com\/www.24baires.com\/wp-content\/uploads\/2015\/04\/cristina-selfie.jpg?resize=350%2C200 1x, https:\/\/i0.wp.com\/www.24baires.com\/wp-content\/uploads\/2015\/04\/cristina-selfie.jpg?resize=525%2C300 1.5x"},"classes":[]},{"id":51073,"url":"http:\/\/www.24baires.com\/?p=51073","url_meta":{"origin":57203,"position":1},"title":"Seg\u00fan datos de una encuesta, la imagen positiva de Cristina supera el 54%","author":"GB","date":"03\/08\/2014","format":false,"excerpt":"La encuesta confirma la tendencia que ya lleva dos meses y que se increment\u00f3 durante julio, a ra\u00edz del conflicto con los fondos buitre. Fue realizada por el Centro de Estudios de Opini\u00f3n P\u00fablica. La imagen positiva de la presidenta Cristina Fern\u00e1ndez de Kirchner super\u00f3 el 54 por ciento en\u2026","rel":"","context":"En \u00abElecciones 2015\u00bb","block_context":{"text":"Elecciones 2015","link":"http:\/\/www.24baires.com\/?cat=74"},"img":{"alt_text":"cristina rating 2","src":"https:\/\/i0.wp.com\/www.24baires.com\/wp-content\/uploads\/2014\/06\/cristina-rating-2.jpg?resize=350%2C200","width":350,"height":200,"srcset":"https:\/\/i0.wp.com\/www.24baires.com\/wp-content\/uploads\/2014\/06\/cristina-rating-2.jpg?resize=350%2C200 1x, https:\/\/i0.wp.com\/www.24baires.com\/wp-content\/uploads\/2014\/06\/cristina-rating-2.jpg?resize=525%2C300 1.5x"},"classes":[]},{"id":35294,"url":"http:\/\/www.24baires.com\/?p=35294","url_meta":{"origin":57203,"position":2},"title":"Cristina vuelve a sus actividades con un 53% de imagen positiva","author":"GB","date":"17\/11\/2013","format":false,"excerpt":"Cristina Fern\u00e1ndez de Kirchner regresar\u00e1 ma\u00f1ana a la actividad oficial con un 53 por ciento de imagen positiva, seg\u00fan un estudio del Centro de Estudios de Opini\u00f3n P\u00fablica (CEOP). Asimismo, el trabajo realizado por el CEOP, que hoy publica el diario P\u00e1gina\/12, destac\u00f3 que en un a\u00f1o la imagen positiva\u2026","rel":"","context":"En \u00abPol\u00edtica\u00bb","block_context":{"text":"Pol\u00edtica","link":"http:\/\/www.24baires.com\/?cat=51"},"img":{"alt_text":"CRISTINA MANO","src":"https:\/\/i0.wp.com\/www.24baires.com\/wp-content\/uploads\/2013\/10\/CRISTINA-MANO-300x200.jpg?resize=350%2C200","width":350,"height":200},"classes":[]},{"id":37267,"url":"http:\/\/www.24baires.com\/?p=37267","url_meta":{"origin":57203,"position":3},"title":"7 de cada 10 argentinos piensa que los saqueos fueron promovidos por la polic\u00eda","author":"GB","date":"22\/12\/2013","format":false,"excerpt":"Siete de cada diez argentinos consideran que los polic\u00edas promovieron los saqueos ocurridos durante este mes y que dejaron librados al azar a los ciudadanos, seg\u00fan el Centro de Estudios de Opini\u00f3n P\u00fablica. Este diagn\u00f3stico de la gran mayor\u00eda tiene otras connotaciones: se considera que los saqueos fueron organizados, que\u2026","rel":"","context":"En \u00abSociedad\u00bb","block_context":{"text":"Sociedad","link":"http:\/\/www.24baires.com\/?cat=1"},"img":{"alt_text":"saqueos","src":"https:\/\/i0.wp.com\/www.24baires.com\/wp-content\/uploads\/2013\/12\/saqueos.jpg?resize=350%2C200","width":350,"height":200},"classes":[]},{"id":59398,"url":"http:\/\/www.24baires.com\/?p=59398","url_meta":{"origin":57203,"position":4},"title":"Encuestas dan a Bossio primero en las listas para Gobernador","author":"Grupo Sierra","date":"30\/12\/2014","format":false,"excerpt":"Seg\u00fan un sondeo de CEOP, el titular de ANSES pica en punta para suceder a Daniel Scioli en 2015. Hoy, en un escenario de PASO que incluye a Mart\u00edn Insaurralde, cosechar\u00eda hasta 36.6% de los votos, a quien derrotar\u00eda incluso si se presentara por el Frente Renovador 2014 cierra con\u2026","rel":"","context":"En \u00abElecciones 2015\u00bb","block_context":{"text":"Elecciones 2015","link":"http:\/\/www.24baires.com\/?cat=74"},"img":{"alt_text":"diego-bossio-anses","src":"https:\/\/i0.wp.com\/www.24baires.com\/wp-content\/uploads\/2014\/07\/diego-bossio-anses.jpg?resize=350%2C200","width":350,"height":200,"srcset":"https:\/\/i0.wp.com\/www.24baires.com\/wp-content\/uploads\/2014\/07\/diego-bossio-anses.jpg?resize=350%2C200 1x, https:\/\/i0.wp.com\/www.24baires.com\/wp-content\/uploads\/2014\/07\/diego-bossio-anses.jpg?resize=525%2C300 1.5x"},"classes":[]},{"id":59610,"url":"http:\/\/www.24baires.com\/?p=59610","url_meta":{"origin":57203,"position":5},"title":"\u201cEl Frente para la Victoria-PJ puede ganar en primera vuelta\u00bb estim\u00f3 el titular del CEOP","author":"Grupo Sierra","date":"05\/01\/2015","format":false,"excerpt":"El titular del Centro de Estudios de Opini\u00f3n P\u00fablica (CEOP), Roberto Bacman, asegur\u00f3 hoy que \u201cel Frente para la Victoria-PJ puede ganar en primera vuelta\" y a\u00f1adi\u00f3 que \"el gobierno gana puntos porque tiene coherencia, cosa que la oposici\u00f3n no tiene\u201d. En declaraciones formuladas a Radio Provincia, analiz\u00f3 que el\u2026","rel":"","context":"En \u00abElecciones 2015\u00bb","block_context":{"text":"Elecciones 2015","link":"http:\/\/www.24baires.com\/?cat=74"},"img":{"alt_text":"","src":"","width":0,"height":0},"classes":[]}],"jetpack_sharing_enabled":true,"jetpack_likes_enabled":true,"jetpack_featured_media_url":"","_links":{"self":[{"href":"http:\/\/www.24baires.com\/index.php?rest_route=\/wp\/v2\/posts\/57203","targetHints":{"allow":["GET"]}}],"collection":[{"href":"http:\/\/www.24baires.com\/index.php?rest_route=\/wp\/v2\/posts"}],"about":[{"href":"http:\/\/www.24baires.com\/index.php?rest_route=\/wp\/v2\/types\/post"}],"author":[{"embeddable":true,"href":"http:\/\/www.24baires.com\/index.php?rest_route=\/wp\/v2\/users\/8"}],"replies":[{"embeddable":true,"href":"http:\/\/www.24baires.com\/index.php?rest_route=%2Fwp%2Fv2%2Fcomments&post=57203"}],"version-history":[{"count":1,"href":"http:\/\/www.24baires.com\/index.php?rest_route=\/wp\/v2\/posts\/57203\/revisions"}],"predecessor-version":[{"id":57204,"href":"http:\/\/www.24baires.com\/index.php?rest_route=\/wp\/v2\/posts\/57203\/revisions\/57204"}],"wp:attachment":[{"href":"http:\/\/www.24baires.com\/index.php?rest_route=%2Fwp%2Fv2%2Fmedia&parent=57203"}],"wp:term":[{"taxonomy":"category","embeddable":true,"href":"http:\/\/www.24baires.com\/index.php?rest_route=%2Fwp%2Fv2%2Fcategories&post=57203"},{"taxonomy":"post_tag","embeddable":true,"href":"http:\/\/www.24baires.com\/index.php?rest_route=%2Fwp%2Fv2%2Ftags&post=57203"}],"curies":[{"name":"wp","href":"https:\/\/api.w.org\/{rel}","templated":true}]}}