{"id":57168,"date":"2014-11-15T16:00:12","date_gmt":"2014-11-15T19:00:12","guid":{"rendered":"http:\/\/www.24baires.com\/?p=57168"},"modified":"2014-11-15T16:20:14","modified_gmt":"2014-11-15T19:20:14","slug":"la-oposicion-no-va-al-recinto-y-cuando-va-los-obligan-a-sentarse-para-decir-que-no","status":"publish","type":"post","link":"http:\/\/www.24baires.com\/?p=57168","title":{"rendered":"\u00abLa oposici\u00f3n no va al recinto y cuando va, los obligan a sentarse para decir que no\u00bb"},"content":{"rendered":"<p><img data-recalc-dims=\"1\" loading=\"lazy\" decoding=\"async\" class=\"aligncenter size-full wp-image-23121\" src=\"https:\/\/i0.wp.com\/www.24baires.com\/wp-content\/uploads\/2013\/05\/Di-Tullio.jpg?resize=560%2C391\" alt=\"Di Tullio\" width=\"560\" height=\"391\" srcset=\"https:\/\/i0.wp.com\/www.24baires.com\/wp-content\/uploads\/2013\/05\/Di-Tullio.jpg?w=560 560w, https:\/\/i0.wp.com\/www.24baires.com\/wp-content\/uploads\/2013\/05\/Di-Tullio.jpg?resize=300%2C209 300w\" sizes=\"auto, (max-width: 560px) 100vw, 560px\" \/>La presidenta del bloque de diputados nacionales del Frente para la Victoria, Juliana Di Tullio, destac\u00f3 que en t\u00e9rminos legislativos \u00abfue un a\u00f1o muy intenso y productivo\u00bb y se refiri\u00f3 a los bloques opositores que \u00abno van al recinto y cuando los obligan a sentarse, son los poderes econ\u00f3micos, y para decir que no\u00bb.<!--more--><br \/>\nEn di\u00e1logo con Radio Nacional Rock, Di Tullio record\u00f3 que durante el a\u00f1o legislativo \u00abse acord\u00f3 el pago a Repsol, la nueva Ley de Pago Soberano para darle facultades al Ejecutivo para que pueda seguir reestructurando la deuda en la Argentina para que no se caiga la reestructuraci\u00f3n, en el medio de una embestida de los fondos buitre\u00bb.<\/p>\n<p>A su vez, record\u00f3 \u00abla sanci\u00f3n del nuevo C\u00f3digo Civil y Comercial que estuvo precedido por m\u00e1s de 2 a\u00f1os y medio de debate, con audiencias p\u00fablicas en todo el pa\u00eds\u00bb y advirti\u00f3 que \u00aben t\u00e9rminos legislativos fue un a\u00f1o muy impactante que tuvo al oficialismo trabajando muy duro, con una oposici\u00f3n que no ha ido a las sesiones ni a las discusiones o estuvo votando en contra porque es su sistem\u00e1tica decisi\u00f3n\u00bb.<\/p>\n<p>En ese marco, la legisladora record\u00f3 que \u00aben el \u00faltimo tiempo se viene desarrollando el debate del C\u00f3digo Procesal Penal y la Ley de Telecomunicaciones\u00bb.<\/p>\n<p>Con respecto a la oposici\u00f3n, advirti\u00f3 que \u00abno quieren decir qu\u00e9 es lo que piensan, no se lo quieren decir a la sociedad, por eso no est\u00e1n en el recinto, para no decirle al pueblo argentino qu\u00e9 es lo que piensan sobre determinados temas\u00bb.<\/p>\n<p>\u00abEste a\u00f1o se han se han opuesto a todo y cuando los obligan a sentarse, son los poderes econ\u00f3micos para decir que no\u00bb, y agreg\u00f3 que \u00abhan colaborado poco con la Argentina, desnudan as\u00ed qu\u00e9 es lo que son\u00bb.<\/p>\n<p>Asimismo advirti\u00f3 que \u00abesta oposici\u00f3n toda junta y por separado le ha hecho denuncias penales al Presidente de la C\u00e1mara para que no convoque a sesiones y aprobar leyes de abastecimiento, de consumidores\u00bb.<\/p>\n<p>Por \u00faltimo resalt\u00f3 que \u00abesa oposici\u00f3n es tambi\u00e9n la que ha pedido a la justicia, es decir a otro poder, que clausure el Congreso, que no lo deje debatir\u00bb, y agreg\u00f3 que \u00abadem\u00e1s desde distintos espacios se ha dicho que se derogaran leyes que se han aprobado en este Congreso\u00bb.<\/p>\n","protected":false},"excerpt":{"rendered":"<p>La presidenta del bloque de diputados nacionales del Frente para la Victoria, Juliana Di Tullio, destac\u00f3 que en t\u00e9rminos legislativos \u00abfue un a\u00f1o muy intenso y productivo\u00bb y se refiri\u00f3 a los bloques opositores que \u00abno van al recinto y cuando los obligan a sentarse, son los poderes econ\u00f3micos, y para decir que no\u00bb.<\/p>\n","protected":false},"author":4,"featured_media":0,"comment_status":"open","ping_status":"open","sticky":false,"template":"","format":"standard","meta":{"_jetpack_newsletter_access":"","_jetpack_dont_email_post_to_subs":false,"_jetpack_newsletter_tier_id":0,"_jetpack_memberships_contains_paywalled_content":false,"_jetpack_memberships_contains_paid_content":false,"footnotes":""},"categories":[51],"tags":[],"class_list":["post-57168","post","type-post","status-publish","format-standard","hentry","category-politica"],"jetpack_shortlink":"https:\/\/wp.me\/p2JWE0-eS4","jetpack-related-posts":[{"id":34219,"url":"http:\/\/www.24baires.com\/?p=34219","url_meta":{"origin":57168,"position":0},"title":"\u00abVamos a seguir teniendo mayor\u00eda en ambas c\u00e1maras\u00bb record\u00f3 Di Tullio","author":"GB","date":"27\/10\/2013","format":false,"excerpt":"La candidata a diputada nacional Juliana Di Tullio, asegur\u00f3 que el Frente para la Victoria va a seguir \"teniendo mayor\u00eda en ambas c\u00e1maras\", y se\u00f1al\u00f3 que dentro del oficialismo \"estamos convencidos que mejoramos la performance de las PASO\". Di Tullio lo expres\u00f3 al arribar al b\u00fanker del Frente para la\u2026","rel":"","context":"En \u00abELECCIONES 2013\u00bb","block_context":{"text":"ELECCIONES 2013","link":"http:\/\/www.24baires.com\/?cat=72"},"img":{"alt_text":"di tullio","src":"https:\/\/i0.wp.com\/www.24baires.com\/wp-content\/uploads\/2013\/10\/di-tullio-300x199.jpg?resize=350%2C200","width":350,"height":200},"classes":[]},{"id":120903,"url":"http:\/\/www.24baires.com\/?p=120903","url_meta":{"origin":57168,"position":1},"title":"Senadores de Uni\u00f3n por la Patria pidieron una sesi\u00f3n para rechazar el mega DNU de Milei","author":"GB","date":"25\/01\/2024","format":false,"excerpt":"El pedido a Victoria Villarruel es para que la convocatoria se haga el 14 de febrero. El documento cuenta con la firma de cinco representantes de UxP, entre ellas la de Juliana di Tullio, de provincia de Buenos Aires. El bloque de senadores de Uni\u00f3n por la Patria le solicit\u00f3\u2026","rel":"","context":"En \u00abPol\u00edtica\u00bb","block_context":{"text":"Pol\u00edtica","link":"http:\/\/www.24baires.com\/?cat=51"},"img":{"alt_text":"","src":"https:\/\/i0.wp.com\/www.24baires.com\/wp-content\/uploads\/2022\/09\/senado.jpg?resize=350%2C200","width":350,"height":200,"srcset":"https:\/\/i0.wp.com\/www.24baires.com\/wp-content\/uploads\/2022\/09\/senado.jpg?resize=350%2C200 1x, https:\/\/i0.wp.com\/www.24baires.com\/wp-content\/uploads\/2022\/09\/senado.jpg?resize=525%2C300 1.5x, https:\/\/i0.wp.com\/www.24baires.com\/wp-content\/uploads\/2022\/09\/senado.jpg?resize=700%2C400 2x"},"classes":[]},{"id":24856,"url":"http:\/\/www.24baires.com\/?p=24856","url_meta":{"origin":57168,"position":2},"title":"\u00abNuestro bloque est\u00e1 compuesto por militantes del proyecto\u00bb, asegur\u00f3 Di Tullio","author":"AF","date":"01\/06\/2013","format":false,"excerpt":"La vicepresidenta y pr\u00f3xima titular del bloque de diputados nacionales del Frente para la Victoria afirm\u00f3 que todos los miembros de su bloque tienen \"la m\u00edstica y el compromiso con el proyecto pol\u00edtico\" iniciado hace una d\u00e9cada por N\u00e9stor Kirchner. \"Est\u00e1 claro que nuestro bloque est\u00e1 compuesto por hombres y\u2026","rel":"","context":"En \u00abPol\u00edtica\u00bb","block_context":{"text":"Pol\u00edtica","link":"http:\/\/www.24baires.com\/?cat=51"},"img":{"alt_text":"Di Tullio","src":"https:\/\/i0.wp.com\/www.24baires.com\/wp-content\/uploads\/2013\/05\/Di-Tullio.jpg?resize=350%2C200","width":350,"height":200,"srcset":"https:\/\/i0.wp.com\/www.24baires.com\/wp-content\/uploads\/2013\/05\/Di-Tullio.jpg?resize=350%2C200 1x, https:\/\/i0.wp.com\/www.24baires.com\/wp-content\/uploads\/2013\/05\/Di-Tullio.jpg?resize=525%2C300 1.5x"},"classes":[]},{"id":51575,"url":"http:\/\/www.24baires.com\/?p=51575","url_meta":{"origin":57168,"position":3},"title":"El FPV propone debatir sobre la despenalizaci\u00f3n del consumo de drogas","author":"AF","date":"11\/08\/2014","format":false,"excerpt":"As\u00ed lo reclam\u00f3 la presidenta del bloque en Diputados, Juliana Di Tullio, que aclar\u00f3 que \u201ca\u00fan no existe\u201d un proyecto del Ejecutivo al respecto. \u201cDebe darse una discusi\u00f3n sobre la cuesti\u00f3n\u201d, consider\u00f3 la legisladora que indic\u00f3 que \u201chay iniciativas y propuestas de varios compa\u00f1eros en ese sentido, pero nada m\u00e1s\u201d.\u2026","rel":"","context":"En \u00abSociedad\u00bb","block_context":{"text":"Sociedad","link":"http:\/\/www.24baires.com\/?cat=1"},"img":{"alt_text":"Di Tullio","src":"https:\/\/i0.wp.com\/www.24baires.com\/wp-content\/uploads\/2013\/05\/Di-Tullio.jpg?resize=350%2C200","width":350,"height":200,"srcset":"https:\/\/i0.wp.com\/www.24baires.com\/wp-content\/uploads\/2013\/05\/Di-Tullio.jpg?resize=350%2C200 1x, https:\/\/i0.wp.com\/www.24baires.com\/wp-content\/uploads\/2013\/05\/Di-Tullio.jpg?resize=525%2C300 1.5x"},"classes":[]},{"id":54877,"url":"http:\/\/www.24baires.com\/?p=54877","url_meta":{"origin":57168,"position":4},"title":"Di Tullio: \u00abVanoli pondr\u00e1 freno a la especulaci\u00f3n\u00bb","author":"AF","date":"06\/10\/2014","format":false,"excerpt":"La presidenta del bloque de diputados nacionales del FpV, Juliana Di Tullio, consider\u00f3 hoy \u201causpicioso\u201d el cambio en la conducci\u00f3n del Banco Central. \u201cEn lo que tiene que ver con ponerle un poco el freno a la especulaci\u00f3n, Vanoli va a tener un buen desempe\u00f1o en el Banco Central\u201d, asever\u00f3\u2026","rel":"","context":"En \u00abEconom\u00eda\u00bb","block_context":{"text":"Econom\u00eda","link":"http:\/\/www.24baires.com\/?cat=45"},"img":{"alt_text":"Di Tullio","src":"https:\/\/i0.wp.com\/www.24baires.com\/wp-content\/uploads\/2013\/05\/Di-Tullio.jpg?resize=350%2C200","width":350,"height":200,"srcset":"https:\/\/i0.wp.com\/www.24baires.com\/wp-content\/uploads\/2013\/05\/Di-Tullio.jpg?resize=350%2C200 1x, https:\/\/i0.wp.com\/www.24baires.com\/wp-content\/uploads\/2013\/05\/Di-Tullio.jpg?resize=525%2C300 1.5x"},"classes":[]},{"id":24832,"url":"http:\/\/www.24baires.com\/?p=24832","url_meta":{"origin":57168,"position":5},"title":"Cristina se reuni\u00f3 con los futuros Ministros de Defensa y de Seguridad","author":"AF","date":"31\/05\/2013","format":false,"excerpt":"La Presidenta recibi\u00f3 en la quinta de Olivos a los nuevos ministros de Defensa, Agust\u00edn Rossi, y Seguridad, Arturo Puricelli, quienes asumir\u00edan sus nuevos cargos el pr\u00f3ximo lunes en Casa de Gobierno. Cristina Fern\u00e1ndez de Kirchner se reuni\u00f3 por separado con cada uno de los ministros, con quienes convers\u00f3 por\u2026","rel":"","context":"En \u00abPol\u00edtica\u00bb","block_context":{"text":"Pol\u00edtica","link":"http:\/\/www.24baires.com\/?cat=51"},"img":{"alt_text":"","src":"","width":0,"height":0},"classes":[]}],"jetpack_sharing_enabled":true,"jetpack_likes_enabled":true,"jetpack_featured_media_url":"","_links":{"self":[{"href":"http:\/\/www.24baires.com\/index.php?rest_route=\/wp\/v2\/posts\/57168","targetHints":{"allow":["GET"]}}],"collection":[{"href":"http:\/\/www.24baires.com\/index.php?rest_route=\/wp\/v2\/posts"}],"about":[{"href":"http:\/\/www.24baires.com\/index.php?rest_route=\/wp\/v2\/types\/post"}],"author":[{"embeddable":true,"href":"http:\/\/www.24baires.com\/index.php?rest_route=\/wp\/v2\/users\/4"}],"replies":[{"embeddable":true,"href":"http:\/\/www.24baires.com\/index.php?rest_route=%2Fwp%2Fv2%2Fcomments&post=57168"}],"version-history":[{"count":1,"href":"http:\/\/www.24baires.com\/index.php?rest_route=\/wp\/v2\/posts\/57168\/revisions"}],"predecessor-version":[{"id":57169,"href":"http:\/\/www.24baires.com\/index.php?rest_route=\/wp\/v2\/posts\/57168\/revisions\/57169"}],"wp:attachment":[{"href":"http:\/\/www.24baires.com\/index.php?rest_route=%2Fwp%2Fv2%2Fmedia&parent=57168"}],"wp:term":[{"taxonomy":"category","embeddable":true,"href":"http:\/\/www.24baires.com\/index.php?rest_route=%2Fwp%2Fv2%2Fcategories&post=57168"},{"taxonomy":"post_tag","embeddable":true,"href":"http:\/\/www.24baires.com\/index.php?rest_route=%2Fwp%2Fv2%2Ftags&post=57168"}],"curies":[{"name":"wp","href":"https:\/\/api.w.org\/{rel}","templated":true}]}}