{"id":57150,"date":"2014-11-15T10:30:16","date_gmt":"2014-11-15T13:30:16","guid":{"rendered":"http:\/\/www.24baires.com\/?p=57150"},"modified":"2014-11-15T09:32:40","modified_gmt":"2014-11-15T12:32:40","slug":"cicop-se-reune-para-decidir-si-para-el-jueves","status":"publish","type":"post","link":"http:\/\/www.24baires.com\/?p=57150","title":{"rendered":"CICOP se re\u00fane para decidir si para el jueves"},"content":{"rendered":"<p><img data-recalc-dims=\"1\" loading=\"lazy\" decoding=\"async\" class=\"alignleft wp-image-27823 size-full\" src=\"https:\/\/i0.wp.com\/www.24baires.com\/wp-content\/uploads\/2013\/07\/cicop-echeverr%C3%ADa.jpg?resize=320%2C200\" alt=\"cicop echeverr\u00eda\" width=\"320\" height=\"200\" srcset=\"https:\/\/i0.wp.com\/www.24baires.com\/wp-content\/uploads\/2013\/07\/cicop-echeverr%C3%ADa.jpg?w=320 320w, https:\/\/i0.wp.com\/www.24baires.com\/wp-content\/uploads\/2013\/07\/cicop-echeverr%C3%ADa.jpg?resize=300%2C187 300w\" sizes=\"auto, (max-width: 320px) 100vw, 320px\" \/>El gremio de los m\u00e9dicos bonaerenses tendr\u00e1 su esperado Congreso este s\u00e1bado, a partir de las 9.30. Decidir\u00e1n si se pliegan a la jornada de lucha convocada por la CTA disidente a nivel nacional.<!--more--><\/p>\n<p>El gremio bonaerense, el m\u00e1s importante del sector y aliado estrat\u00e9gico de la CTA disidente, prepara sus ca\u00f1ones para la jornada de lucha que la central laboral organizar\u00e1 el jueves 20 de noviembre a nivel nacional. Y es por eso que, despu\u00e9s de las asambleas regionales, este s\u00e1bado volver\u00e1n a hacer un Congreso con el objetivo de confirmar el plan de lucha.<\/p>\n<p>\u00abLa jornada es para exigir los puntos anteriormente planteados del bono de fin de a\u00f1o y del 82 por ciento m\u00f3vil m\u00e1s la exigencia de un presupuesto sin ajuste y otros reclamos\u00bb, explicaron.<\/p>\n<p>Cabe recordar que las distintas seccionales avanzaron con reuniones esta semana, particularmente los d\u00edas 13 y 14 de noviembre, para debatir esos puntos y la posibilidad de sumarse efectivamente a la medida de fuerza. \u00abProponemos impulsar la realizaci\u00f3n de movilizaciones regionales coordinando con los dem\u00e1s gremios estatales y organizaciones de la CTA, buscando una amplia unidad en defensa de la salud p\u00fablica, as\u00ed como participar de la movilizaci\u00f3n a Plaza de Mayo, como parte de la jornada\u00bb, detallaron los miembros de la CICOP.<\/p>\n<p>Y el probable acompa\u00f1amiento terminar\u00e1 de ser resuelto finalmente en el plenario de hoy, a partir de las 9.30.<\/p>\n<p>Es un s\u00edntoma m\u00e1s del malestar que, todo este a\u00f1o pero puntualmente en los \u00faltimos meses, predomina dentro del sector p\u00fablico. Es as\u00ed como esta semana pararon los maestros del Frente Gremial Docente durante los d\u00edas martes y mi\u00e9rcoles, por no mencionar la huelga de los estatales nucleados en ATE, en ambos casos para pedir la reapertura de paritarias, aumentos salariales antes del 2015, un bono especial en diciembre y adem\u00e1s cuestionar el Presupuesto bonaerense.<\/p>\n<p>Por lo pronto, los docentes ser\u00edan convocados para reanudar las negociaciones en las pr\u00f3ximas semanas, aprobada la ley de leyes en el Parlamento provincial. Pero los incrementos no tendr\u00e1n lugar sino hasta comienzos de 2015, cuando la provincia oficializar\u00e1 su primera oferta y sellar\u00e1n las mejoras salariales tan esperadas por la conducci\u00f3n sindical.<\/p>\n<p>No es un dato menor porque este a\u00f1o, por ejemplo, hubo 19 d\u00edas de paro en total, incluyendo 17 en el mes de marzo, 2 en agosto y los otros dos en esta \u00faltima semana.<\/p>\n<p>Los estatales y los m\u00e9dicos tuvieron un programa de protesta fuerte en los primeros 8 meses del a\u00f1o, pero despu\u00e9s bajaron la intensidad. Ahora redoblan la apuesta con nuevas medidas, que no s\u00f3lo incluyen paros.<\/p>\n<p>Y por otro lado, tambi\u00e9n est\u00e1n los judiciales de la AJB, quienes retornaron a la escena principal en el \u00faltimo mes y desempolvaron el viejo reclamo de la Porcentualidad Salarial, ese mecanismo que enganchaba sus salarios con los ingresos percibidos por los jueces y altos funcionarios del sistema judicial, extinto desde mediados de los a\u00f1os noventa. El sindicato, tambi\u00e9n cete\u00edsta, promete que ir\u00e1 por m\u00e1s en los pr\u00f3ximos meses y tal vez d\u00e9 pelea en 2015 con esa consigna.<\/p>\n<p>&nbsp;<\/p>\n<p>&nbsp;<\/p>\n<p>&nbsp;<\/p>\n<p>&nbsp;<\/p>\n<p>&nbsp;<\/p>\n<p>&nbsp;<\/p>\n<p>&nbsp;<\/p>\n<p>&nbsp;<\/p>\n<p>&nbsp;<\/p>\n<p>&nbsp;<\/p>\n<p>&nbsp;<\/p>\n<p>&nbsp;<\/p>\n<p>&nbsp;<\/p>\n<p>&nbsp;<\/p>\n","protected":false},"excerpt":{"rendered":"<p>El gremio de los m\u00e9dicos bonaerenses tendr\u00e1 su esperado Congreso este s\u00e1bado, a partir de las 9.30. Decidir\u00e1n si se pliegan a la jornada de lucha convocada por la CTA disidente a nivel nacional.<\/p>\n","protected":false},"author":8,"featured_media":0,"comment_status":"open","ping_status":"open","sticky":false,"template":"","format":"standard","meta":{"_jetpack_newsletter_access":"","_jetpack_dont_email_post_to_subs":false,"_jetpack_newsletter_tier_id":0,"_jetpack_memberships_contains_paywalled_content":false,"_jetpack_memberships_contains_paid_content":false,"footnotes":""},"categories":[51],"tags":[],"class_list":["post-57150","post","type-post","status-publish","format-standard","hentry","category-politica"],"jetpack_shortlink":"https:\/\/wp.me\/p2JWE0-eRM","jetpack-related-posts":[{"id":58645,"url":"http:\/\/www.24baires.com\/?p=58645","url_meta":{"origin":57150,"position":0},"title":"ATE y Cicop parar\u00e1n otra vez esta semana","author":"AF","date":"15\/12\/2014","format":false,"excerpt":"Gremios de estatales, m\u00e9dicos y judiciales se sumar\u00e1n al paro nacional que la CTA disidente planea realizar el jueves de esta semana en reclamo del pago de un bono de 4 mil pesos para fin de a\u00f1o. Los empleados de la administraci\u00f3n bonaerense nucleados en ATE anunciaron que se plegar\u00e1n\u2026","rel":"","context":"En \u00abSociedad\u00bb","block_context":{"text":"Sociedad","link":"http:\/\/www.24baires.com\/?cat=1"},"img":{"alt_text":"cicop paro","src":"https:\/\/i0.wp.com\/www.24baires.com\/wp-content\/uploads\/2014\/11\/cicop-paro.jpg?resize=350%2C200","width":350,"height":200,"srcset":"https:\/\/i0.wp.com\/www.24baires.com\/wp-content\/uploads\/2014\/11\/cicop-paro.jpg?resize=350%2C200 1x, https:\/\/i0.wp.com\/www.24baires.com\/wp-content\/uploads\/2014\/11\/cicop-paro.jpg?resize=525%2C300 1.5x"},"classes":[]},{"id":107509,"url":"http:\/\/www.24baires.com\/?p=107509","url_meta":{"origin":57150,"position":1},"title":"Sin huelga, las principales centrales de trabajadores se movilizar\u00e1n este jueves","author":"AF","date":"03\/04\/2019","format":false,"excerpt":"La CGT, el Frente Sindical, las CTA y los movimientos sociales se manifestar\u00e1n en rechazo a las pol\u00edticas del gobierno de Mauricio Macri. \"Tenemos las mejores expectativas para la movilizaci\u00f3n, que creo ser\u00e1 important\u00edsima y va a poner el acento en la discusi\u00f3n de un modelo de pa\u00eds distinto al\u2026","rel":"","context":"En \u00abSociedad\u00bb","block_context":{"text":"Sociedad","link":"http:\/\/www.24baires.com\/?cat=1"},"img":{"alt_text":"","src":"https:\/\/i0.wp.com\/www.24baires.com\/wp-content\/uploads\/2019\/04\/cgt.jpg?resize=350%2C200","width":350,"height":200,"srcset":"https:\/\/i0.wp.com\/www.24baires.com\/wp-content\/uploads\/2019\/04\/cgt.jpg?resize=350%2C200 1x, https:\/\/i0.wp.com\/www.24baires.com\/wp-content\/uploads\/2019\/04\/cgt.jpg?resize=525%2C300 1.5x"},"classes":[]},{"id":105078,"url":"http:\/\/www.24baires.com\/?p=105078","url_meta":{"origin":57150,"position":2},"title":"Comenz\u00f3 una jornada de paros en la Provincia en rechazo al Presupuesto","author":"GB","date":"24\/10\/2018","format":false,"excerpt":"Mientras el gobierno nacional espera aprobar el proyecto en la C\u00e1mara de Diputados, gremios y organizaciones sociales marchar\u00e1n en repudio a la iniciativa. En territorio bonaerense, los gremios tambi\u00e9n se hicieron eco de la medida. Comenz\u00f3 una jornada clave para el gobierno nacional que ir\u00e1 en busca de la aprobaci\u00f3n\u2026","rel":"","context":"En \u00abProvincia\u00bb","block_context":{"text":"Provincia","link":"http:\/\/www.24baires.com\/?cat=40"},"img":{"alt_text":"","src":"https:\/\/i0.wp.com\/www.24baires.com\/wp-content\/uploads\/2015\/04\/marcha-docentes.jpg?resize=350%2C200","width":350,"height":200,"srcset":"https:\/\/i0.wp.com\/www.24baires.com\/wp-content\/uploads\/2015\/04\/marcha-docentes.jpg?resize=350%2C200 1x, https:\/\/i0.wp.com\/www.24baires.com\/wp-content\/uploads\/2015\/04\/marcha-docentes.jpg?resize=525%2C300 1.5x"},"classes":[]},{"id":57414,"url":"http:\/\/www.24baires.com\/?p=57414","url_meta":{"origin":57150,"position":3},"title":"Varios gremios bonaerenses paran y marchan a Plaza de Mayo","author":"AF","date":"20\/11\/2014","format":false,"excerpt":"Estatales, judiciales y m\u00e9dicos bonaerenses realizar\u00e1n este jueves un nuevo paro en reclamo por un bono de fin de a\u00f1o de 4 mil pesos y el adelantamiento de la discusi\u00f3n salarial, en el marco de una jornada nacional de lucha de la CTA opositora que conduce Pablo Micheli, que har\u00e1\u2026","rel":"","context":"En \u00abSociedad\u00bb","block_context":{"text":"Sociedad","link":"http:\/\/www.24baires.com\/?cat=1"},"img":{"alt_text":"cicop paro","src":"https:\/\/i0.wp.com\/www.24baires.com\/wp-content\/uploads\/2014\/11\/cicop-paro.jpg?resize=350%2C200","width":350,"height":200,"srcset":"https:\/\/i0.wp.com\/www.24baires.com\/wp-content\/uploads\/2014\/11\/cicop-paro.jpg?resize=350%2C200 1x, https:\/\/i0.wp.com\/www.24baires.com\/wp-content\/uploads\/2014\/11\/cicop-paro.jpg?resize=525%2C300 1.5x"},"classes":[]},{"id":55074,"url":"http:\/\/www.24baires.com\/?p=55074","url_meta":{"origin":57150,"position":4},"title":"Estatales y m\u00e9dicos de Cicop contin\u00faan con el paro","author":"AF","date":"09\/10\/2014","format":false,"excerpt":"Los estatales de ATE y los m\u00e9dicos de Cicop volvieron a parar este mi\u00e9rcoles en oficinas de la administraci\u00f3n p\u00fablica y hospitales provinciales mientras ya tienen definida una nueva medida de fuerza para el jueves 23. Los gremios, nucleados en la CTA opositora que lidera Pablo Micheli, llevaron a cabo\u2026","rel":"","context":"En \u00abSociedad\u00bb","block_context":{"text":"Sociedad","link":"http:\/\/www.24baires.com\/?cat=1"},"img":{"alt_text":"cicop","src":"https:\/\/i0.wp.com\/www.24baires.com\/wp-content\/uploads\/2013\/05\/cicop1.jpg?resize=350%2C200","width":350,"height":200,"srcset":"https:\/\/i0.wp.com\/www.24baires.com\/wp-content\/uploads\/2013\/05\/cicop1.jpg?resize=350%2C200 1x, https:\/\/i0.wp.com\/www.24baires.com\/wp-content\/uploads\/2013\/05\/cicop1.jpg?resize=525%2C300 1.5x"},"classes":[]},{"id":78488,"url":"http:\/\/www.24baires.com\/?p=78488","url_meta":{"origin":57150,"position":5},"title":"La CTA analizar\u00e1 el jueves una jornada nacional de lucha","author":"GB","date":"02\/02\/2016","format":false,"excerpt":"As\u00ed lo apunt\u00f3 a Info Regi\u00f3n el secretario general de la central gremial, Pablo Micheli, quien asegur\u00f3 que \u201caceptar un 25 por ciento\u201d de aumento \u201ces aceptar una rebaja salarial\u201d. \u201cLa medida se va a discutir el jueves, a\u00fan no sabemos si incluir\u00e1 paro nacional\u201d, se\u00f1al\u00f3. El titular de la\u2026","rel":"","context":"En \u00abPol\u00edtica\u00bb","block_context":{"text":"Pol\u00edtica","link":"http:\/\/www.24baires.com\/?cat=51"},"img":{"alt_text":"","src":"","width":0,"height":0},"classes":[]}],"jetpack_sharing_enabled":true,"jetpack_likes_enabled":true,"jetpack_featured_media_url":"","_links":{"self":[{"href":"http:\/\/www.24baires.com\/index.php?rest_route=\/wp\/v2\/posts\/57150","targetHints":{"allow":["GET"]}}],"collection":[{"href":"http:\/\/www.24baires.com\/index.php?rest_route=\/wp\/v2\/posts"}],"about":[{"href":"http:\/\/www.24baires.com\/index.php?rest_route=\/wp\/v2\/types\/post"}],"author":[{"embeddable":true,"href":"http:\/\/www.24baires.com\/index.php?rest_route=\/wp\/v2\/users\/8"}],"replies":[{"embeddable":true,"href":"http:\/\/www.24baires.com\/index.php?rest_route=%2Fwp%2Fv2%2Fcomments&post=57150"}],"version-history":[{"count":1,"href":"http:\/\/www.24baires.com\/index.php?rest_route=\/wp\/v2\/posts\/57150\/revisions"}],"predecessor-version":[{"id":57151,"href":"http:\/\/www.24baires.com\/index.php?rest_route=\/wp\/v2\/posts\/57150\/revisions\/57151"}],"wp:attachment":[{"href":"http:\/\/www.24baires.com\/index.php?rest_route=%2Fwp%2Fv2%2Fmedia&parent=57150"}],"wp:term":[{"taxonomy":"category","embeddable":true,"href":"http:\/\/www.24baires.com\/index.php?rest_route=%2Fwp%2Fv2%2Fcategories&post=57150"},{"taxonomy":"post_tag","embeddable":true,"href":"http:\/\/www.24baires.com\/index.php?rest_route=%2Fwp%2Fv2%2Ftags&post=57150"}],"curies":[{"name":"wp","href":"https:\/\/api.w.org\/{rel}","templated":true}]}}