{"id":57135,"date":"2014-11-14T19:03:16","date_gmt":"2014-11-14T22:03:16","guid":{"rendered":"http:\/\/www.24baires.com\/?p=57135"},"modified":"2014-11-14T18:28:49","modified_gmt":"2014-11-14T21:28:49","slug":"urribarri-disparo-contra-scioli-tiene-amigotes-que-no-son-del-proyecto","status":"publish","type":"post","link":"http:\/\/www.24baires.com\/?p=57135","title":{"rendered":"Urribarri dispar\u00f3 contra Scioli: \u00abTiene amigotes que no son del proyecto\u00bb"},"content":{"rendered":"<p><img data-recalc-dims=\"1\" loading=\"lazy\" decoding=\"async\" class=\"aligncenter size-full wp-image-50846\" src=\"https:\/\/i0.wp.com\/www.24baires.com\/wp-content\/uploads\/2014\/07\/urribarri.jpg?resize=560%2C315\" alt=\"urribarri\" width=\"560\" height=\"315\" srcset=\"https:\/\/i0.wp.com\/www.24baires.com\/wp-content\/uploads\/2014\/07\/urribarri.jpg?w=560 560w, https:\/\/i0.wp.com\/www.24baires.com\/wp-content\/uploads\/2014\/07\/urribarri.jpg?resize=300%2C168 300w\" sizes=\"auto, (max-width: 560px) 100vw, 560px\" \/>El gobernador de Entre R\u00edos, Sergio Urribarri, sali\u00f3 a marcar la cancha en la interna presidencial del Frente para la Victoria, al asegurar que \u00abno desconf\u00eda\u00bb de Daniel Scioli aunque s\u00ed del entorno del mandatario bonaerense.<!--more--><\/p>\n<p>Urribarri desestim\u00f3 algunas versiones que indican que finalmente no competir\u00e1 con en las primarias abiertas de 2015 y afirm\u00f3 que es \u00abseguro\u00bb que \u00e9l va a estar en las PASO. Y agreg\u00f3 que \u00abseguro que voy a competir con Scioli, lo importante es que por lo menos seamos dos. No hay ninguna posibilidad cerrar filas con Scioli, ni la m\u00e1s m\u00ednima posibilidad\u00bb.<\/p>\n<p>En ese sentido indic\u00f3 que \u00abcreo que algunos de nosotros podemos converger en las candidaturas pero que por lo menos haya dos, creo que vamos a terminar en eso, que algunos candidatos terminemos convergiendo en alguna candidatura\u00bb.<\/p>\n<p>\u00abDaniel (Scioli) recorre muy seguido los canales de televisi\u00f3n y yo no porque me interesa estar d\u00eda a d\u00eda trabajando, arremangado\u00bb, indic\u00f3. \u00abNo desconf\u00edo de Scioli pero somos distintos. \u00c9l tiene amigotes que no son amigos del proyecto nacional y eso hace un poco de ruido, su hermano por ejemplo\u00bb, se\u00f1al\u00f3 Urribarri a Jos\u00e9 \u00abPepe\u00bb Scioli.<\/p>\n<p>Por \u00faltimo, Urribarri lanz\u00f3 una propuesta para realizar un debate televisivo: \u00abCreo que se debe hacer un debate televisivo de candidatos. Propongo que se haga en televisi\u00f3n abierta, a partir de marzo. Estamos en un momento en que los candidatos tienen que decir qu\u00e9 es lo que proponen, qu\u00e9 tipo de pa\u00eds quieren. No s\u00e9 si se animar\u00e1n todos a participar\u00bb.<\/p>\n<p>&nbsp;<\/p>\n<p>&nbsp;<\/p>\n<p>&nbsp;<\/p>\n","protected":false},"excerpt":{"rendered":"<p>El gobernador de Entre R\u00edos, Sergio Urribarri, sali\u00f3 a marcar la cancha en la interna presidencial del Frente para la Victoria, al asegurar que \u00abno desconf\u00eda\u00bb de Daniel Scioli aunque s\u00ed del entorno del mandatario bonaerense.<\/p>\n","protected":false},"author":11,"featured_media":0,"comment_status":"open","ping_status":"open","sticky":false,"template":"","format":"standard","meta":{"_jetpack_newsletter_access":"","_jetpack_dont_email_post_to_subs":false,"_jetpack_newsletter_tier_id":0,"_jetpack_memberships_contains_paywalled_content":false,"_jetpack_memberships_contains_paid_content":false,"footnotes":""},"categories":[51],"tags":[],"class_list":["post-57135","post","type-post","status-publish","format-standard","hentry","category-politica"],"jetpack_shortlink":"https:\/\/wp.me\/p2JWE0-eRx","jetpack-related-posts":[{"id":108387,"url":"http:\/\/www.24baires.com\/?p=108387","url_meta":{"origin":57135,"position":0},"title":"Scioli ratific\u00f3 su candidatura presidencial","author":"GB","date":"25\/05\/2019","format":false,"excerpt":"El exgobernador de la Provincia de Buenos Aires particip\u00f3 del Congreso Educativo de Ajedrez que se realiz\u00f3 en la ciudad balnearia y manifest\u00f3 sus deseos de ser el primer mandatario del pa\u00eds despu\u00e9s del 10 de diciembre, sin embargo aclar\u00f3: \u201cVer\u00e9 como peronista en qu\u00e9 lugar puedo hacer mi mayor\u2026","rel":"","context":"En \u00abPol\u00edtica\u00bb","block_context":{"text":"Pol\u00edtica","link":"http:\/\/www.24baires.com\/?cat=51"},"img":{"alt_text":"","src":"https:\/\/i0.wp.com\/www.24baires.com\/wp-content\/uploads\/2019\/05\/scioli-mar-del.jpg?resize=350%2C200","width":350,"height":200,"srcset":"https:\/\/i0.wp.com\/www.24baires.com\/wp-content\/uploads\/2019\/05\/scioli-mar-del.jpg?resize=350%2C200 1x, https:\/\/i0.wp.com\/www.24baires.com\/wp-content\/uploads\/2019\/05\/scioli-mar-del.jpg?resize=525%2C300 1.5x"},"classes":[]},{"id":59578,"url":"http:\/\/www.24baires.com\/?p=59578","url_meta":{"origin":57135,"position":1},"title":"Urribarri asegur\u00f3 que \u00abScioli es un riesgo de volver para atr\u00e1s\u00bb","author":"AF","date":"05\/01\/2015","format":false,"excerpt":"El gobernador de Entre R\u00edos y precandidato a presidente Sergio Urribarri, afirm\u00f3 hoy que su par bonaerense, Daniel Scioli, quiere \"agradar a todo el mundo\" por lo que es \"un riesgo de volver para atr\u00e1s\" en el pa\u00eds. \"Es un riesgo de volver para atr\u00e1s. Daniel no ha demostrado al\u2026","rel":"","context":"En \u00abPol\u00edtica\u00bb","block_context":{"text":"Pol\u00edtica","link":"http:\/\/www.24baires.com\/?cat=51"},"img":{"alt_text":"urribarri","src":"https:\/\/i0.wp.com\/www.24baires.com\/wp-content\/uploads\/2014\/07\/urribarri.jpg?resize=350%2C200","width":350,"height":200,"srcset":"https:\/\/i0.wp.com\/www.24baires.com\/wp-content\/uploads\/2014\/07\/urribarri.jpg?resize=350%2C200 1x, https:\/\/i0.wp.com\/www.24baires.com\/wp-content\/uploads\/2014\/07\/urribarri.jpg?resize=525%2C300 1.5x"},"classes":[]},{"id":59898,"url":"http:\/\/www.24baires.com\/?p=59898","url_meta":{"origin":57135,"position":2},"title":"Urribarri propone una alianza de kirchneristas &#8216;puros&#8217; para enfrentar a Scioli","author":"Grupo Sierra","date":"11\/01\/2015","format":false,"excerpt":"El gobernador de Entre R\u00edos y predandidato presidencia,dijo, adem\u00e1s, que hay que \"generar una convergencia en el FPV para fortalecer un candidato que represente al espacio\" en las PASO. El gobernador de Entre R\u00edos, Sergio Urribarri, pidi\u00f3 \u201cgenerar una convergencia en el Frente para la Victoria para fortalecer alguna candidatura\u2026","rel":"","context":"En \u00abElecciones 2015\u00bb","block_context":{"text":"Elecciones 2015","link":"http:\/\/www.24baires.com\/?cat=74"},"img":{"alt_text":"","src":"https:\/\/i0.wp.com\/www.24baires.com\/wp-content\/uploads\/2015\/01\/urribarri-playa.jpg?resize=350%2C200","width":350,"height":200,"srcset":"https:\/\/i0.wp.com\/www.24baires.com\/wp-content\/uploads\/2015\/01\/urribarri-playa.jpg?resize=350%2C200 1x, https:\/\/i0.wp.com\/www.24baires.com\/wp-content\/uploads\/2015\/01\/urribarri-playa.jpg?resize=525%2C300 1.5x"},"classes":[]},{"id":102717,"url":"http:\/\/www.24baires.com\/?p=102717","url_meta":{"origin":57135,"position":3},"title":"Stolbizer: \u00abLa gesti\u00f3n de Vidal es tan mala como la de Scioli\u00bb","author":"GB","date":"13\/06\/2018","format":false,"excerpt":"La l\u00edder del GEN endureci\u00f3 su discurso contra la Gobernadora y afirm\u00f3 que \"no puede mostrar avances\" en educaci\u00f3n, salud y seguridad. Margarita Stolbizer abandon\u00f3 el discurso conciliador con Mar\u00eda Eugenia Vidal y afirm\u00f3 que su gesti\u00f3n \"es tan mala\" como la de su antecesor Daniel Scioli. Durante una visita\u2026","rel":"","context":"En \u00abPol\u00edtica\u00bb","block_context":{"text":"Pol\u00edtica","link":"http:\/\/www.24baires.com\/?cat=51"},"img":{"alt_text":"","src":"https:\/\/i0.wp.com\/www.24baires.com\/wp-content\/uploads\/2016\/08\/vidal-stolbizer.jpg?resize=350%2C200","width":350,"height":200,"srcset":"https:\/\/i0.wp.com\/www.24baires.com\/wp-content\/uploads\/2016\/08\/vidal-stolbizer.jpg?resize=350%2C200 1x, https:\/\/i0.wp.com\/www.24baires.com\/wp-content\/uploads\/2016\/08\/vidal-stolbizer.jpg?resize=525%2C300 1.5x"},"classes":[]},{"id":18527,"url":"http:\/\/www.24baires.com\/?p=18527","url_meta":{"origin":57135,"position":4},"title":"Se inici\u00f3 el encuentro de Gestar en Entre R\u00edos y hubo fuertes cr\u00edticas a Scioli","author":"Grupo Sierra","date":"15\/03\/2013","format":false,"excerpt":"PARAN\u00c1.- Con la presencia del Vicepresidente Amado Boudou,el jefe de Gabinete Abal Medina, gobernadores y funcionarios, se inici\u00f3 el encuentro de Gestar, en esta ciudad. El gobernador de Entre R\u00edos, Sergio Urribarri, destac\u00f3 \"la importancia de reunir a este peronismo federal, que ha sido claro ejemplo de lucha\", al abrir\u2026","rel":"","context":"En \u00abPol\u00edtica\u00bb","block_context":{"text":"Pol\u00edtica","link":"http:\/\/www.24baires.com\/?cat=51"},"img":{"alt_text":"","src":"https:\/\/i0.wp.com\/www.24baires.com\/wp-content\/uploads\/2013\/03\/gestar.jpg?resize=350%2C200","width":350,"height":200},"classes":[]},{"id":101122,"url":"http:\/\/www.24baires.com\/?p=101122","url_meta":{"origin":57135,"position":5},"title":"Indagar\u00e1n a Scioli por irregularidades en la construcci\u00f3n de las UPA 24","author":"AF","date":"17\/03\/2018","format":false,"excerpt":"El ex gobernador Daniel Scioli y quien fuera su ministro de Salud, Alejandro Collia, fueron imputados y citados a prestar declaraci\u00f3n indagatoria en el marco de una causa que investiga presuntas irregularidades en la adjudicaci\u00f3n de ocho Unidades de Pronta Atenci\u00f3n (UPA 24) para las que se destinaron m\u00e1s de\u2026","rel":"","context":"En \u00abJUDICIALES\u00bb","block_context":{"text":"JUDICIALES","link":"http:\/\/www.24baires.com\/?cat=68"},"img":{"alt_text":"","src":"https:\/\/i0.wp.com\/www.24baires.com\/wp-content\/uploads\/2014\/05\/Daniel-Scioli.jpg?resize=350%2C200","width":350,"height":200,"srcset":"https:\/\/i0.wp.com\/www.24baires.com\/wp-content\/uploads\/2014\/05\/Daniel-Scioli.jpg?resize=350%2C200 1x, https:\/\/i0.wp.com\/www.24baires.com\/wp-content\/uploads\/2014\/05\/Daniel-Scioli.jpg?resize=525%2C300 1.5x"},"classes":[]}],"jetpack_sharing_enabled":true,"jetpack_likes_enabled":true,"jetpack_featured_media_url":"","_links":{"self":[{"href":"http:\/\/www.24baires.com\/index.php?rest_route=\/wp\/v2\/posts\/57135","targetHints":{"allow":["GET"]}}],"collection":[{"href":"http:\/\/www.24baires.com\/index.php?rest_route=\/wp\/v2\/posts"}],"about":[{"href":"http:\/\/www.24baires.com\/index.php?rest_route=\/wp\/v2\/types\/post"}],"author":[{"embeddable":true,"href":"http:\/\/www.24baires.com\/index.php?rest_route=\/wp\/v2\/users\/11"}],"replies":[{"embeddable":true,"href":"http:\/\/www.24baires.com\/index.php?rest_route=%2Fwp%2Fv2%2Fcomments&post=57135"}],"version-history":[{"count":1,"href":"http:\/\/www.24baires.com\/index.php?rest_route=\/wp\/v2\/posts\/57135\/revisions"}],"predecessor-version":[{"id":57136,"href":"http:\/\/www.24baires.com\/index.php?rest_route=\/wp\/v2\/posts\/57135\/revisions\/57136"}],"wp:attachment":[{"href":"http:\/\/www.24baires.com\/index.php?rest_route=%2Fwp%2Fv2%2Fmedia&parent=57135"}],"wp:term":[{"taxonomy":"category","embeddable":true,"href":"http:\/\/www.24baires.com\/index.php?rest_route=%2Fwp%2Fv2%2Fcategories&post=57135"},{"taxonomy":"post_tag","embeddable":true,"href":"http:\/\/www.24baires.com\/index.php?rest_route=%2Fwp%2Fv2%2Ftags&post=57135"}],"curies":[{"name":"wp","href":"https:\/\/api.w.org\/{rel}","templated":true}]}}