{"id":57118,"date":"2014-11-14T12:30:08","date_gmt":"2014-11-14T15:30:08","guid":{"rendered":"http:\/\/www.24baires.com\/?p=57118"},"modified":"2014-11-14T11:09:41","modified_gmt":"2014-11-14T14:09:41","slug":"el-pj-bonaerense-se-reune-en-la-matanza","status":"publish","type":"post","link":"http:\/\/www.24baires.com\/?p=57118","title":{"rendered":"El PJ Bonaerense se re\u00fane en La Matanza por el D\u00eda de la Militancia"},"content":{"rendered":"<p><img data-recalc-dims=\"1\" loading=\"lazy\" decoding=\"async\" class=\"aligncenter size-full wp-image-56420\" src=\"https:\/\/i0.wp.com\/www.24baires.com\/wp-content\/uploads\/2014\/11\/pj-bonaerense.jpg?resize=560%2C434\" alt=\"pj bonaerense\" width=\"560\" height=\"434\" srcset=\"https:\/\/i0.wp.com\/www.24baires.com\/wp-content\/uploads\/2014\/11\/pj-bonaerense.jpg?w=560 560w, https:\/\/i0.wp.com\/www.24baires.com\/wp-content\/uploads\/2014\/11\/pj-bonaerense.jpg?resize=300%2C232 300w\" sizes=\"auto, (max-width: 560px) 100vw, 560px\" \/>El PJ bonaerense volver\u00e1 a reunirse el s\u00e1bado en La Matanza para conmemorar el D\u00eda de la Militancia, en un acto en el que se prev\u00e9 la presencia de varios precandidatos presidenciales.<!--more--><\/p>\n<p>El titular del partido, Fernando Espinoza, oficializ\u00f3 la nueva convocatoria, que tendr\u00e1 lugar el pr\u00f3ximo s\u00e1bado a partir de las 15 horas. En tanto, en el marco de las reuniones seccionales que viene realizando el partido, se espera un nuevo encuentro antes de diciembre, en esa ocasi\u00f3n en la ciudad de La Plata.<\/p>\n<p>La convocatoria se da bajo el lema \u201cUn solo peronismo. El de todos\u201d, y prev\u00e9 la participaci\u00f3n de varios de los precandidatos presidenciales del kirchnerismo.<\/p>\n<p>El objetivo de la convocatoria es conmemorar el D\u00eda de la Militancia, que recuerda el regreso de Juan Domingo Per\u00f3n al pa\u00eds, el 17 de noviembre de 1972.<\/p>\n<p>&nbsp;<\/p>\n<p>&nbsp;<\/p>\n<p>&nbsp;<\/p>\n<p>&nbsp;<\/p>\n<p>&nbsp;<\/p>\n<p>&nbsp;<\/p>\n","protected":false},"excerpt":{"rendered":"<p>El PJ bonaerense volver\u00e1 a reunirse el s\u00e1bado en La Matanza para conmemorar el D\u00eda de la Militancia, en un acto en el que se prev\u00e9 la presencia de varios precandidatos presidenciales.<\/p>\n","protected":false},"author":4,"featured_media":0,"comment_status":"open","ping_status":"open","sticky":false,"template":"","format":"standard","meta":{"_jetpack_newsletter_access":"","_jetpack_dont_email_post_to_subs":false,"_jetpack_newsletter_tier_id":0,"_jetpack_memberships_contains_paywalled_content":false,"_jetpack_memberships_contains_paid_content":false,"footnotes":""},"categories":[51],"tags":[],"class_list":["post-57118","post","type-post","status-publish","format-standard","hentry","category-politica"],"jetpack_shortlink":"https:\/\/wp.me\/p2JWE0-eRg","jetpack-related-posts":[{"id":56370,"url":"http:\/\/www.24baires.com\/?p=56370","url_meta":{"origin":57118,"position":0},"title":"El PJ bonaerense re\u00fane el s\u00e1bado a sus precandidatos en San Nicol\u00e1s","author":"GB","date":"31\/10\/2014","format":false,"excerpt":"El Partido Justicialista (PJ) bonaerense se re\u00fane este s\u00e1bado en San Nicol\u00e1s en un nuevo encuentro partidario que contar\u00e1 con la presencia de los dirigentes peronistas que tienen la intenci\u00f3n de presentarse en las Primarias Abiertas Simult\u00e1neas y Obligatorias (PASO), como precandidatos a presidente por el Frente para la Victoria.\u2026","rel":"","context":"En \u00abPol\u00edtica\u00bb","block_context":{"text":"Pol\u00edtica","link":"http:\/\/www.24baires.com\/?cat=51"},"img":{"alt_text":"pj bona","src":"https:\/\/i0.wp.com\/www.24baires.com\/wp-content\/uploads\/2014\/10\/pj-bona.jpg?resize=350%2C200","width":350,"height":200,"srcset":"https:\/\/i0.wp.com\/www.24baires.com\/wp-content\/uploads\/2014\/10\/pj-bona.jpg?resize=350%2C200 1x, https:\/\/i0.wp.com\/www.24baires.com\/wp-content\/uploads\/2014\/10\/pj-bona.jpg?resize=525%2C300 1.5x"},"classes":[]},{"id":108487,"url":"http:\/\/www.24baires.com\/?p=108487","url_meta":{"origin":57118,"position":1},"title":"El massismo define si avanza en un frente con el kirchnerismo","author":"GB","date":"30\/05\/2019","format":false,"excerpt":"El Frente Renovador bonaerense realizar\u00e1 este jueves su congreso partidario para definir el futuro del partido de cara a las elecciones. El tema central de la cumbre en Parque Norte ser\u00e1 la posibilidad de avanzar en un frente com\u00fan con el kirchnerismo y el PJ bonaerense. El congreso de los\u2026","rel":"","context":"En \u00abPol\u00edtica\u00bb","block_context":{"text":"Pol\u00edtica","link":"http:\/\/www.24baires.com\/?cat=51"},"img":{"alt_text":"","src":"https:\/\/i0.wp.com\/www.24baires.com\/wp-content\/uploads\/2019\/05\/alternativa-federal.jpg?resize=350%2C200","width":350,"height":200,"srcset":"https:\/\/i0.wp.com\/www.24baires.com\/wp-content\/uploads\/2019\/05\/alternativa-federal.jpg?resize=350%2C200 1x, https:\/\/i0.wp.com\/www.24baires.com\/wp-content\/uploads\/2019\/05\/alternativa-federal.jpg?resize=525%2C300 1.5x"},"classes":[]},{"id":107651,"url":"http:\/\/www.24baires.com\/?p=107651","url_meta":{"origin":57118,"position":2},"title":"El peronismo se re\u00fane en Avellaneda","author":"AF","date":"13\/04\/2019","format":false,"excerpt":"Con la excusa de la inauguraci\u00f3n de una pileta ol\u00edmpica climatizada, el peronismo bonaerense busca cerrar filas en Avellaneda. El encuentro partidario se dio horas despu\u00e9s del decreto de Mauricio Macri que no permite las listas colectoras en las pr\u00f3ximas elecciones; y sirve, adem\u00e1s, para mostrar juntos a los dirigentes\u2026","rel":"","context":"En \u00abPol\u00edtica\u00bb","block_context":{"text":"Pol\u00edtica","link":"http:\/\/www.24baires.com\/?cat=51"},"img":{"alt_text":"","src":"https:\/\/i0.wp.com\/www.24baires.com\/wp-content\/uploads\/2019\/04\/peronismo.jpeg?resize=350%2C200","width":350,"height":200,"srcset":"https:\/\/i0.wp.com\/www.24baires.com\/wp-content\/uploads\/2019\/04\/peronismo.jpeg?resize=350%2C200 1x, https:\/\/i0.wp.com\/www.24baires.com\/wp-content\/uploads\/2019\/04\/peronismo.jpeg?resize=525%2C300 1.5x"},"classes":[]},{"id":54757,"url":"http:\/\/www.24baires.com\/?p=54757","url_meta":{"origin":57118,"position":3},"title":"Dirigentes del peronismo de todo el pa\u00eds se re\u00fanen en Tandil","author":"GB","date":"04\/10\/2014","format":false,"excerpt":"Durante el viernes y s\u00e1bado, destacados referentes nacionales del Peronismo se re\u00fanen en Tandil, en el marco de una serie de actividades que tendr\u00e1n como anfitriones al titular del ANSES, Diego Bossio, y el Consejo partidario local. Los gobernadores Eduardo Fellner (Jujuy), Jos\u00e9 Luis Gioja (San Luis) y Daniel Scioli\u2026","rel":"","context":"En \u00abPol\u00edtica\u00bb","block_context":{"text":"Pol\u00edtica","link":"http:\/\/www.24baires.com\/?cat=51"},"img":{"alt_text":"diego-bossio-anses","src":"https:\/\/i0.wp.com\/www.24baires.com\/wp-content\/uploads\/2014\/07\/diego-bossio-anses.jpg?resize=350%2C200","width":350,"height":200,"srcset":"https:\/\/i0.wp.com\/www.24baires.com\/wp-content\/uploads\/2014\/07\/diego-bossio-anses.jpg?resize=350%2C200 1x, https:\/\/i0.wp.com\/www.24baires.com\/wp-content\/uploads\/2014\/07\/diego-bossio-anses.jpg?resize=525%2C300 1.5x"},"classes":[]},{"id":108380,"url":"http:\/\/www.24baires.com\/?p=108380","url_meta":{"origin":57118,"position":4},"title":"Reuni\u00f3n de Alberto Fern\u00e1ndez con intendentes del PJ bonaerense","author":"AF","date":"24\/05\/2019","format":false,"excerpt":"El precandidato presidencial Alberto Fern\u00e1ndez se reuni\u00f3 este mediod\u00eda con intendentes y legisladores peronistas en la localidad de San Antonio de Areco con la mirada puesta en recuperar los votos perdidos por el kirchnerismo en el interior rural bonaerense y continuar el debate respecto de la candidatura para gobernador. \"El\u2026","rel":"","context":"En \u00abPol\u00edtica\u00bb","block_context":{"text":"Pol\u00edtica","link":"http:\/\/www.24baires.com\/?cat=51"},"img":{"alt_text":"","src":"https:\/\/i0.wp.com\/www.24baires.com\/wp-content\/uploads\/2019\/05\/alberto-fernandez-intendentes-bonaerenses.jpg?resize=350%2C200","width":350,"height":200,"srcset":"https:\/\/i0.wp.com\/www.24baires.com\/wp-content\/uploads\/2019\/05\/alberto-fernandez-intendentes-bonaerenses.jpg?resize=350%2C200 1x, https:\/\/i0.wp.com\/www.24baires.com\/wp-content\/uploads\/2019\/05\/alberto-fernandez-intendentes-bonaerenses.jpg?resize=525%2C300 1.5x"},"classes":[]},{"id":73713,"url":"http:\/\/www.24baires.com\/?p=73713","url_meta":{"origin":57118,"position":5},"title":"Scioli y An\u00edbal celebran el D\u00eda de la Lealtad con un acto en La Matanza","author":"AF","date":"17\/10\/2015","format":false,"excerpt":"Los candidatos del FpV a presidente y gobernador bonaerense, Daniel Scioli y An\u00edbal Fern\u00e1ndez, participar\u00e1n este s\u00e1bado de la celebraci\u00f3n, que organizar\u00e1 el Partido Justicialista (PJ) bonaerense en la localidad de Gonz\u00e1lez Cat\u00e1n, partido de La Matanza. De esta manera, Scioli, Fern\u00e1ndez y el intendente de La Matanza, Fernando Espinoza,\u2026","rel":"","context":"En \u00abPol\u00edtica\u00bb","block_context":{"text":"Pol\u00edtica","link":"http:\/\/www.24baires.com\/?cat=51"},"img":{"alt_text":"zannini scioli bossio an\u00edbal","src":"https:\/\/i0.wp.com\/www.24baires.com\/wp-content\/uploads\/2015\/07\/zannini-scioli-bossio-an%C3%ADbal.jpg?resize=350%2C200","width":350,"height":200,"srcset":"https:\/\/i0.wp.com\/www.24baires.com\/wp-content\/uploads\/2015\/07\/zannini-scioli-bossio-an%C3%ADbal.jpg?resize=350%2C200 1x, https:\/\/i0.wp.com\/www.24baires.com\/wp-content\/uploads\/2015\/07\/zannini-scioli-bossio-an%C3%ADbal.jpg?resize=525%2C300 1.5x"},"classes":[]}],"jetpack_sharing_enabled":true,"jetpack_likes_enabled":true,"jetpack_featured_media_url":"","_links":{"self":[{"href":"http:\/\/www.24baires.com\/index.php?rest_route=\/wp\/v2\/posts\/57118","targetHints":{"allow":["GET"]}}],"collection":[{"href":"http:\/\/www.24baires.com\/index.php?rest_route=\/wp\/v2\/posts"}],"about":[{"href":"http:\/\/www.24baires.com\/index.php?rest_route=\/wp\/v2\/types\/post"}],"author":[{"embeddable":true,"href":"http:\/\/www.24baires.com\/index.php?rest_route=\/wp\/v2\/users\/4"}],"replies":[{"embeddable":true,"href":"http:\/\/www.24baires.com\/index.php?rest_route=%2Fwp%2Fv2%2Fcomments&post=57118"}],"version-history":[{"count":2,"href":"http:\/\/www.24baires.com\/index.php?rest_route=\/wp\/v2\/posts\/57118\/revisions"}],"predecessor-version":[{"id":57120,"href":"http:\/\/www.24baires.com\/index.php?rest_route=\/wp\/v2\/posts\/57118\/revisions\/57120"}],"wp:attachment":[{"href":"http:\/\/www.24baires.com\/index.php?rest_route=%2Fwp%2Fv2%2Fmedia&parent=57118"}],"wp:term":[{"taxonomy":"category","embeddable":true,"href":"http:\/\/www.24baires.com\/index.php?rest_route=%2Fwp%2Fv2%2Fcategories&post=57118"},{"taxonomy":"post_tag","embeddable":true,"href":"http:\/\/www.24baires.com\/index.php?rest_route=%2Fwp%2Fv2%2Ftags&post=57118"}],"curies":[{"name":"wp","href":"https:\/\/api.w.org\/{rel}","templated":true}]}}