{"id":57105,"date":"2014-11-14T10:00:04","date_gmt":"2014-11-14T13:00:04","guid":{"rendered":"http:\/\/www.24baires.com\/?p=57105"},"modified":"2014-11-15T09:21:20","modified_gmt":"2014-11-15T12:21:20","slug":"es-imprescindible-entender-que-los-grupos-concentrados-no-quieren-libertad-de-expresion","status":"publish","type":"post","link":"http:\/\/www.24baires.com\/?p=57105","title":{"rendered":"\u201cEs imprescindible entender que los grupos concentrados no quieren libertad de expresi\u00f3n\u201d"},"content":{"rendered":"<p><img data-recalc-dims=\"1\" loading=\"lazy\" decoding=\"async\" class=\"aligncenter size-full wp-image-38465\" src=\"https:\/\/i0.wp.com\/www.24baires.com\/wp-content\/uploads\/2014\/01\/Capitanich.jpg?resize=560%2C313\" alt=\"Capitanich\" width=\"560\" height=\"313\" srcset=\"https:\/\/i0.wp.com\/www.24baires.com\/wp-content\/uploads\/2014\/01\/Capitanich.jpg?w=560 560w, https:\/\/i0.wp.com\/www.24baires.com\/wp-content\/uploads\/2014\/01\/Capitanich.jpg?resize=300%2C167 300w\" sizes=\"auto, (max-width: 560px) 100vw, 560px\" \/>El jefe de Gabinete se refiri\u00f3 as\u00ed a la marcha opositora convocada ayer. \u201dNosotros somos respetuosos. Si estos grupos min\u00fasculos quieren expresarse que lo hagan, en la Argentina hay libertad de expresi\u00f3n\u201d. <!--more--><\/p>\n<p>El jefe de Gabinete, Jorge Capitanich, afirm\u00f3 hoy que el Gobierno \u00abes respetuoso de la libertad de expresi\u00f3n\u00bb al referirse a la protesta contra la administraci\u00f3n kirchnerista convocada ayer desde las redes sociales, denominada 13N y que reuni\u00f3 a escasos manifestantes, y la defini\u00f3 como \u00abuna expresi\u00f3n intensa de grupos min\u00fasculos que es muy bueno que se manifiesten\u00bb.<\/p>\n<p>En su habitual encuentro con la prensa desde Casa de Gobierno, el funcionario nacional dijo que el Gobierno \u00abes respetuoso de todas las expresiones pol\u00edticas\u00bb y contrast\u00f3 esa posici\u00f3n frente a los grupos medi\u00e1ticos concentrados que, dijo, \u00abno quieren que exista libertad de expresi\u00f3n y quieren capacidad de imposici\u00f3n de un mensaje de car\u00e1cter unidireccional\u00bb.<\/p>\n<p>\u00abLa Argentina tiene estabilidad pol\u00edtica, funcionamiento de las instituciones democr\u00e1ticas y plena libertad de expresi\u00f3n\u00bb, subray\u00f3 Capitanich al ser consultado por el fracaso de la convocatoria de ayer para recordar el aniversario del &#8216;cacerolazo&#8217; que el a\u00f1o pasado fue ampliamente difundido por la prensa opositora.<\/p>\n<p>En ese contexto, el jefe de Gabinete cuestion\u00f3 a los medios opositores por \u00abno tener \u00e9tica period\u00edstica\u00bb y por recurrir a \u00abmaniobras y artilugios\u00bb para \u00abno pagar impuestos y no cumplir con la ley\u00bb.<\/p>\n<p>Aludi\u00f3 as\u00ed en primer lugar al diario La Naci\u00f3n que mantiene una deuda impositiva con la AFIP y tambi\u00e9n al diario Clar\u00edn por sus reiteradas apelaciones judiciales que impidieron la vigencia de la ley de servicios de comunicaci\u00f3n audiovisual por m\u00e1s de cuatro a\u00f1os hasta que fue convalidada por la Corte Suprema de Justicia.<\/p>\n<p>\u00abHan hecho trampa y tenido maniobras enga\u00f1osas\u00bb, acus\u00f3 Capitanich al advertir sobre la existencia de \u00abun status juridico para grupos privilegiados\u00bb.<\/p>\n<p>\u00abEl pueblo tiene que saber que estos medios no pueden ejercer monop\u00f3licamente su criterio de verdad\u00bb, afirm\u00f3.<\/p>\n","protected":false},"excerpt":{"rendered":"<p>El jefe de Gabinete se refiri\u00f3 as\u00ed a la marcha opositora convocada ayer. \u201dNosotros somos respetuosos. Si estos grupos min\u00fasculos quieren expresarse que lo hagan, en la Argentina hay libertad de expresi\u00f3n\u201d.<\/p>\n","protected":false},"author":4,"featured_media":0,"comment_status":"open","ping_status":"open","sticky":false,"template":"","format":"standard","meta":{"_jetpack_newsletter_access":"","_jetpack_dont_email_post_to_subs":false,"_jetpack_newsletter_tier_id":0,"_jetpack_memberships_contains_paywalled_content":false,"_jetpack_memberships_contains_paid_content":false,"footnotes":""},"categories":[51],"tags":[],"class_list":["post-57105","post","type-post","status-publish","format-standard","hentry","category-politica"],"jetpack_shortlink":"https:\/\/wp.me\/p2JWE0-eR3","jetpack-related-posts":[{"id":61954,"url":"http:\/\/www.24baires.com\/?p=61954","url_meta":{"origin":57105,"position":0},"title":"Capitanich: \u00abLa Justicia no es independiente de las corporaciones\u00bb","author":"AF","date":"19\/02\/2015","format":false,"excerpt":"El jefe de Gabinete afirm\u00f3 hoy que la justicia en Argentina \"es independiente del poder pol\u00edtico, pero no es independiente de las corporaciones que influyen de modo directo e indirecto para perturbar el funcionamiento normal de las instituciones\". El jefe de Gabinete, Jorge Capitanich, respald\u00f3 hoy el derecho del pueblo\u2026","rel":"","context":"En \u00abPol\u00edtica\u00bb","block_context":{"text":"Pol\u00edtica","link":"http:\/\/www.24baires.com\/?cat=51"},"img":{"alt_text":"capitanich 4","src":"https:\/\/i0.wp.com\/www.24baires.com\/wp-content\/uploads\/2014\/09\/capitanich-4.jpg?resize=350%2C200","width":350,"height":200,"srcset":"https:\/\/i0.wp.com\/www.24baires.com\/wp-content\/uploads\/2014\/09\/capitanich-4.jpg?resize=350%2C200 1x, https:\/\/i0.wp.com\/www.24baires.com\/wp-content\/uploads\/2014\/09\/capitanich-4.jpg?resize=525%2C300 1.5x"},"classes":[]},{"id":34500,"url":"http:\/\/www.24baires.com\/?p=34500","url_meta":{"origin":57105,"position":1},"title":"Integrantes de la CIDH elogiaron la  Ley de Medios","author":"GB","date":"01\/11\/2013","format":false,"excerpt":"La Comisi\u00f3n Interamericana de Derechos Humanos de la Organizaci\u00f3n de Estados Americanos (OEA) respald\u00f3 las pol\u00edticas impulsadas por el gobierno argentino en favor de la libertad de expresi\u00f3n, en el marco de una audiencia pedida por siete periodistas, entre ellos algunos del Grupo Clar\u00edn y el diario La Naci\u00f3n, para\u2026","rel":"","context":"En \u00abPol\u00edtica\u00bb","block_context":{"text":"Pol\u00edtica","link":"http:\/\/www.24baires.com\/?cat=51"},"img":{"alt_text":"cidh","src":"https:\/\/i0.wp.com\/www.24baires.com\/wp-content\/uploads\/2013\/11\/cidh.jpg?resize=350%2C200","width":350,"height":200},"classes":[]},{"id":52609,"url":"http:\/\/www.24baires.com\/?p=52609","url_meta":{"origin":57105,"position":2},"title":"\u00abEl 75% de los trabajadores manifest\u00f3 su voluntad de trabajar\u00bb","author":"AF","date":"28\/08\/2014","format":false,"excerpt":"El jefe de Gabinete, Jorge Capitanich, ratific\u00f3 que el gobierno es \"respetuoso del derecho de huelga\", pero no comparte \"las circunstancias ni el momento\" de la medida de fuerza. En rueda de prensa en Casa de Gobierno, Capitanich dijo que \"hay 20 gremios, que cuentan con m\u00e1s de 30 mil\u2026","rel":"","context":"En \u00abSociedad\u00bb","block_context":{"text":"Sociedad","link":"http:\/\/www.24baires.com\/?cat=1"},"img":{"alt_text":"capitanich","src":"https:\/\/i0.wp.com\/www.24baires.com\/wp-content\/uploads\/2014\/04\/capitanich.jpg?resize=350%2C200","width":350,"height":200,"srcset":"https:\/\/i0.wp.com\/www.24baires.com\/wp-content\/uploads\/2014\/04\/capitanich.jpg?resize=350%2C200 1x, https:\/\/i0.wp.com\/www.24baires.com\/wp-content\/uploads\/2014\/04\/capitanich.jpg?resize=525%2C300 1.5x"},"classes":[]},{"id":41959,"url":"http:\/\/www.24baires.com\/?p=41959","url_meta":{"origin":57105,"position":3},"title":"Piden que los docentes provinciales garanticen las clases","author":"Grupo Sierra","date":"12\/03\/2014","format":false,"excerpt":"El jefe de Gabinete, Jorge Capitanich, afirm\u00f3 que \u201cel Gobierno es respetuoso de los reclamos pero tambi\u00e9n de la educaci\u00f3n p\u00fablica\u201d. En un comunicado matutino, Capitanich se expres\u00f3 sobre la decisi\u00f3n de paro por tiempo indeterminado por parte de los docentes bonaerenses luego de la fallida reuni\u00f3n de paritaria de\u2026","rel":"","context":"En \u00abPol\u00edtica\u00bb","block_context":{"text":"Pol\u00edtica","link":"http:\/\/www.24baires.com\/?cat=51"},"img":{"alt_text":"de luc\u00eda docentes","src":"https:\/\/i0.wp.com\/www.24baires.com\/wp-content\/uploads\/2013\/03\/de-luc%C3%ADa-docentes.jpg?resize=350%2C200","width":350,"height":200,"srcset":"https:\/\/i0.wp.com\/www.24baires.com\/wp-content\/uploads\/2013\/03\/de-luc%C3%ADa-docentes.jpg?resize=350%2C200 1x, https:\/\/i0.wp.com\/www.24baires.com\/wp-content\/uploads\/2013\/03\/de-luc%C3%ADa-docentes.jpg?resize=525%2C300 1.5x"},"classes":[]},{"id":39987,"url":"http:\/\/www.24baires.com\/?p=39987","url_meta":{"origin":57105,"position":4},"title":"Repudian a los legisladores de EEUU que negaron libertad de expresi\u00f3n en Argentina","author":"Grupo Sierra","date":"07\/02\/2014","format":false,"excerpt":"El jefe de Gabinete enfatiz\u00f3 que \"en Argentina, los ciudadanos y sus habitantes gozan de una democracia plena y de inclusi\u00f3n social\", al rechazar los dichos de legisladores estadounidenses sobre el pa\u00eds, al que compararon con Corea del Norte. Jorge Capitanich enfatiz\u00f3 que \"en Argentina, los ciudadanos y sus habitantes\u2026","rel":"","context":"En \u00abPol\u00edtica\u00bb","block_context":{"text":"Pol\u00edtica","link":"http:\/\/www.24baires.com\/?cat=51"},"img":{"alt_text":"capitanich 2","src":"https:\/\/i0.wp.com\/www.24baires.com\/wp-content\/uploads\/2013\/12\/capitanich-2.jpg?resize=350%2C200","width":350,"height":200,"srcset":"https:\/\/i0.wp.com\/www.24baires.com\/wp-content\/uploads\/2013\/12\/capitanich-2.jpg?resize=350%2C200 1x, https:\/\/i0.wp.com\/www.24baires.com\/wp-content\/uploads\/2013\/12\/capitanich-2.jpg?resize=525%2C300 1.5x"},"classes":[]},{"id":103246,"url":"http:\/\/www.24baires.com\/?p=103246","url_meta":{"origin":57105,"position":5},"title":"Marcos Pe\u00f1a dice que Macri no vetar\u00e1 la despenalizaci\u00f3n del aborto si es ley","author":"Grupo Sierra","date":"10\/07\/2018","format":false,"excerpt":"El jefe de Gabinete, Marcos Pe\u00f1a, asegur\u00f3 hoy que el presidente Mauricio Macri no vetar\u00e1 la interrupci\u00f3n voluntaria del embarazo si se convierte en ley, y respondi\u00f3 as\u00ed al reclamo surgido desde la Iglesia sobre el proyecto, a horas de que se retome el debate con oradores en el Senado.\u2026","rel":"","context":"En \u00abPol\u00edtica\u00bb","block_context":{"text":"Pol\u00edtica","link":"http:\/\/www.24baires.com\/?cat=51"},"img":{"alt_text":"","src":"https:\/\/i0.wp.com\/www.24baires.com\/wp-content\/uploads\/2016\/08\/marcos-pe%C3%B1a.jpg?resize=350%2C200","width":350,"height":200,"srcset":"https:\/\/i0.wp.com\/www.24baires.com\/wp-content\/uploads\/2016\/08\/marcos-pe%C3%B1a.jpg?resize=350%2C200 1x, https:\/\/i0.wp.com\/www.24baires.com\/wp-content\/uploads\/2016\/08\/marcos-pe%C3%B1a.jpg?resize=525%2C300 1.5x"},"classes":[]}],"jetpack_sharing_enabled":true,"jetpack_likes_enabled":true,"jetpack_featured_media_url":"","_links":{"self":[{"href":"http:\/\/www.24baires.com\/index.php?rest_route=\/wp\/v2\/posts\/57105","targetHints":{"allow":["GET"]}}],"collection":[{"href":"http:\/\/www.24baires.com\/index.php?rest_route=\/wp\/v2\/posts"}],"about":[{"href":"http:\/\/www.24baires.com\/index.php?rest_route=\/wp\/v2\/types\/post"}],"author":[{"embeddable":true,"href":"http:\/\/www.24baires.com\/index.php?rest_route=\/wp\/v2\/users\/4"}],"replies":[{"embeddable":true,"href":"http:\/\/www.24baires.com\/index.php?rest_route=%2Fwp%2Fv2%2Fcomments&post=57105"}],"version-history":[{"count":1,"href":"http:\/\/www.24baires.com\/index.php?rest_route=\/wp\/v2\/posts\/57105\/revisions"}],"predecessor-version":[{"id":57106,"href":"http:\/\/www.24baires.com\/index.php?rest_route=\/wp\/v2\/posts\/57105\/revisions\/57106"}],"wp:attachment":[{"href":"http:\/\/www.24baires.com\/index.php?rest_route=%2Fwp%2Fv2%2Fmedia&parent=57105"}],"wp:term":[{"taxonomy":"category","embeddable":true,"href":"http:\/\/www.24baires.com\/index.php?rest_route=%2Fwp%2Fv2%2Fcategories&post=57105"},{"taxonomy":"post_tag","embeddable":true,"href":"http:\/\/www.24baires.com\/index.php?rest_route=%2Fwp%2Fv2%2Ftags&post=57105"}],"curies":[{"name":"wp","href":"https:\/\/api.w.org\/{rel}","templated":true}]}}