{"id":57084,"date":"2014-11-13T18:06:49","date_gmt":"2014-11-13T21:06:49","guid":{"rendered":"http:\/\/www.24baires.com\/?p=57084"},"modified":"2014-11-13T18:48:34","modified_gmt":"2014-11-13T21:48:34","slug":"artaza-debi-haber-pensado-antes-de-unirme-a-carrio","status":"publish","type":"post","link":"http:\/\/www.24baires.com\/?p=57084","title":{"rendered":"Artaza: \u00abDeb\u00ed haber pensado antes de unirme a Carri\u00f3\u00bb"},"content":{"rendered":"<p><img data-recalc-dims=\"1\" loading=\"lazy\" decoding=\"async\" class=\"aligncenter size-full wp-image-55590\" src=\"https:\/\/i0.wp.com\/www.24baires.com\/wp-content\/uploads\/2014\/10\/artaza-nito.jpg?resize=560%2C460\" alt=\"artaza nito\" width=\"560\" height=\"460\" srcset=\"https:\/\/i0.wp.com\/www.24baires.com\/wp-content\/uploads\/2014\/10\/artaza-nito.jpg?w=560 560w, https:\/\/i0.wp.com\/www.24baires.com\/wp-content\/uploads\/2014\/10\/artaza-nito.jpg?resize=300%2C246 300w\" sizes=\"auto, (max-width: 560px) 100vw, 560px\" \/>El senador nacional por la Uni\u00f3n C\u00edvica Radical admiti\u00f3 que el espacio se \u00abequivoc\u00f3\u00bb en el acuerdo con \u00abLilita\u00bb.<!--more--><\/p>\n<p>El senador nacional por la UCR Eugenio &#8216;Nito&#8217; Artaza admiti\u00f3 hoy que su partido se equivoc\u00f3 al conformar un frente con Elisa Carri\u00f3 de cara a las elecciones presidenciales de 2015.<\/p>\n<p>\u00abNos equivocamos en hacer un acuerdo con Carri\u00f3, debimos haberlo pensado antes\u00bb, se\u00f1al\u00f3 Artaza, al ser consultado sobre el acercamiento de la integrante del Frente Amplio Unen (Funen) al PRO, espacio que conduce Mauricio Macri.<\/p>\n<p>El senador y actor evalu\u00f3 que si se hace un acuerdo pol\u00edtico, \u00abel radicalismo debe tener acercamiento hacia sectores progresistas\u201d y \u201cno perfilarse hacia la centroderecha\u201d porque el partido centenario \u201cno es compatible con el PRO ni Macri. Nuestro colectivo no es amarillo\u201d.<\/p>\n<p>Artaza agreg\u00f3 que esta decisi\u00f3n \u201cdebilit\u00f3 much\u00edsimo las posibilidades de UNEN\u201d y que \u201cdesde el comienzo se fall\u00f3 con la estrategia\u00bb.<\/p>\n<p>El legislador correntino record\u00f3 adem\u00e1s que \u00abalgunos sectores del radicalismo segu\u00edan insistiendo\u201d mientras que \u201cCarri\u00f3 impon\u00eda la agenda del partido inclusive, y hoy mismo est\u00e1 trabajando en esa direcci\u00f3n: ah\u00ed desperfilamos totalmente a la UCR\u00bb.<\/p>\n<p>Para Artaza, \u00abhoy hay tres franjas del electorado muy marcadas y UNEN no est\u00e1\u00bb.<\/p>\n<p>\u00abTen\u00edamos un muy buen candidato, era Julio Cobos, que med\u00eda 11 puntos, y debimos ser m\u00e1s generosos\u201d, dijo.<\/p>\n<p>Tambi\u00e9n lament\u00f3 que \u201cla falta de un proyecto claro y el exceso de individualidades hizo que UNEN no est\u00e9 competitivo\u00bb.<\/p>\n<p>Para Artaza, \u00abCarri\u00f3 tiene un gran valor individualmente pero no tiene sentido colectivo de la pol\u00edtica, es muy disociativa. Es valiente pero individual, y as\u00edno es posible construir pol\u00edtica\u00bb.<\/p>\n<p>&nbsp;<\/p>\n<p>&nbsp;<\/p>\n<p>&nbsp;<\/p>\n<p>&nbsp;<\/p>\n","protected":false},"excerpt":{"rendered":"<p>El senador nacional por la Uni\u00f3n C\u00edvica Radical admiti\u00f3 que el espacio se \u00abequivoc\u00f3\u00bb en el acuerdo con \u00abLilita\u00bb.<\/p>\n","protected":false},"author":11,"featured_media":0,"comment_status":"open","ping_status":"open","sticky":false,"template":"","format":"standard","meta":{"_jetpack_newsletter_access":"","_jetpack_dont_email_post_to_subs":false,"_jetpack_newsletter_tier_id":0,"_jetpack_memberships_contains_paywalled_content":false,"_jetpack_memberships_contains_paid_content":false,"footnotes":""},"categories":[51],"tags":[],"class_list":["post-57084","post","type-post","status-publish","format-standard","hentry","category-politica"],"jetpack_shortlink":"https:\/\/wp.me\/p2JWE0-eQI","jetpack-related-posts":[{"id":55978,"url":"http:\/\/www.24baires.com\/?p=55978","url_meta":{"origin":57084,"position":0},"title":"Nito Artaza quiere echar a Carri\u00f3 y \u00abllev\u00e1rsela a Macri\u00bb","author":"Grupo Sierra","date":"24\/10\/2014","format":false,"excerpt":"El senador se refiri\u00f3 al presente de UNEN y al rol que juega una de sus m\u00e1s pol\u00e9micas declarantes. \"Si queremos recuperar a UNEN que Lilita se una al PRO\", lanz\u00f3. El senador de la Uni\u00f3n C\u00edvica radical, Eugenio 'Nito' Artaza, se refiri\u00f3 hoy a la alianza UNEN y al\u2026","rel":"","context":"En \u00abPol\u00edtica\u00bb","block_context":{"text":"Pol\u00edtica","link":"http:\/\/www.24baires.com\/?cat=51"},"img":{"alt_text":"macri carri\u00f3","src":"https:\/\/i0.wp.com\/www.24baires.com\/wp-content\/uploads\/2014\/08\/macri-carri%C3%B3.jpg?resize=350%2C200","width":350,"height":200,"srcset":"https:\/\/i0.wp.com\/www.24baires.com\/wp-content\/uploads\/2014\/08\/macri-carri%C3%B3.jpg?resize=350%2C200 1x, https:\/\/i0.wp.com\/www.24baires.com\/wp-content\/uploads\/2014\/08\/macri-carri%C3%B3.jpg?resize=525%2C300 1.5x"},"classes":[]},{"id":64011,"url":"http:\/\/www.24baires.com\/?p=64011","url_meta":{"origin":57084,"position":1},"title":"\u00abLiberen a Lilita\u00bb, la nueva campa\u00f1a ir\u00f3nica de Nito Artaza","author":"Grupo Sierra","date":"08\/04\/2015","format":false,"excerpt":"\u00a0 El senador nacional de la UCR, Nito Artaza, consider\u00f3 \"desafortunado\" que el precandidato presidencial de su partido Ernesto Sanz compartiera la idea de ponerle un \"bozal\" para callarlo. Artaza pidi\u00f3 que Jaime Dur\u00e1n Barba permita que la dirigente de la Coalici\u00f3n C\u00edvica, Elisa Carri\u00f3, vuelva a hablar de los\u2026","rel":"","context":"En \u00abPol\u00edtica\u00bb","block_context":{"text":"Pol\u00edtica","link":"http:\/\/www.24baires.com\/?cat=51"},"img":{"alt_text":"","src":"https:\/\/i0.wp.com\/www.24baires.com\/wp-content\/uploads\/2015\/04\/nito-artaza.jpg?resize=350%2C200","width":350,"height":200,"srcset":"https:\/\/i0.wp.com\/www.24baires.com\/wp-content\/uploads\/2015\/04\/nito-artaza.jpg?resize=350%2C200 1x, https:\/\/i0.wp.com\/www.24baires.com\/wp-content\/uploads\/2015\/04\/nito-artaza.jpg?resize=525%2C300 1.5x"},"classes":[]},{"id":55589,"url":"http:\/\/www.24baires.com\/?p=55589","url_meta":{"origin":57084,"position":2},"title":"Nito Artaza: \u00abEl FAUNEN ya no es competitivo\u00bb","author":"Grupo Sierra","date":"17\/10\/2014","format":false,"excerpt":"El senador radical Eugenio \"Nito\" Artaza, dijo en Corrientes que \"el exceso de individualismo y la falta de un proyecto claro\", hacen que Frente Amplio Unen (FAU) \"no sea competitivo\", de cara a las presidenciales del 2015. \"El exceso de individualismo en UNEN ha hecho que hoy sean tres franjas\u2026","rel":"","context":"En \u00abPol\u00edtica\u00bb","block_context":{"text":"Pol\u00edtica","link":"http:\/\/www.24baires.com\/?cat=51"},"img":{"alt_text":"","src":"https:\/\/i0.wp.com\/www.24baires.com\/wp-content\/uploads\/2014\/10\/artaza-nito.jpg?resize=350%2C200","width":350,"height":200,"srcset":"https:\/\/i0.wp.com\/www.24baires.com\/wp-content\/uploads\/2014\/10\/artaza-nito.jpg?resize=350%2C200 1x, https:\/\/i0.wp.com\/www.24baires.com\/wp-content\/uploads\/2014\/10\/artaza-nito.jpg?resize=525%2C300 1.5x"},"classes":[]},{"id":57399,"url":"http:\/\/www.24baires.com\/?p=57399","url_meta":{"origin":57084,"position":3},"title":"Carri\u00f3 y su renuncia la rompieron en Twitter","author":"Grupo Sierra","date":"19\/11\/2014","format":false,"excerpt":"El alejamiento de la diputada nacional del FaUnen marc\u00f3 tendencia en la popular red social. \u00bfC\u00f3mo fueron las reacciones de los pol\u00edticos? Los pol\u00edticos tienen una especial debilidad con Twitter. Pero rara vez logran imponerse como tema central de los mensajes que circulan en esa red social. Elisa Carri\u00f3 lo\u2026","rel":"","context":"En \u00abPol\u00edtica\u00bb","block_context":{"text":"Pol\u00edtica","link":"http:\/\/www.24baires.com\/?cat=51"},"img":{"alt_text":"","src":"https:\/\/i0.wp.com\/www.24baires.com\/wp-content\/uploads\/2014\/11\/carri%C3%B3-twitter.png?resize=350%2C200","width":350,"height":200,"srcset":"https:\/\/i0.wp.com\/www.24baires.com\/wp-content\/uploads\/2014\/11\/carri%C3%B3-twitter.png?resize=350%2C200 1x, https:\/\/i0.wp.com\/www.24baires.com\/wp-content\/uploads\/2014\/11\/carri%C3%B3-twitter.png?resize=525%2C300 1.5x"},"classes":[]},{"id":41909,"url":"http:\/\/www.24baires.com\/?p=41909","url_meta":{"origin":57084,"position":4},"title":"Cantado: peligra la uni\u00f3n entre Solanas, Carri\u00f3, Macri y Juez","author":"Grupo Sierra","date":"11\/03\/2014","format":false,"excerpt":"Si bien los sectores del panradicalismo, el socialismo y Proyecto Sur aspiran a aglutinar todas las alianzas distritales en un frente nacional, las diferencias est\u00e1n haciendo peligrar el acuerdo. Por un ladro Elisa Carri\u00f3 viene realiz\u00e1ndole gui\u00f1os a Mauricio Macri, pero Fernando \"Pino\" Solanas rechaz\u00f3 sumar al PRO. Por otro\u2026","rel":"","context":"En \u00abPol\u00edtica\u00bb","block_context":{"text":"Pol\u00edtica","link":"http:\/\/www.24baires.com\/?cat=51"},"img":{"alt_text":"","src":"https:\/\/i0.wp.com\/www.24baires.com\/wp-content\/uploads\/2014\/03\/pino.jpg?resize=350%2C200","width":350,"height":200,"srcset":"https:\/\/i0.wp.com\/www.24baires.com\/wp-content\/uploads\/2014\/03\/pino.jpg?resize=350%2C200 1x, https:\/\/i0.wp.com\/www.24baires.com\/wp-content\/uploads\/2014\/03\/pino.jpg?resize=525%2C300 1.5x"},"classes":[]},{"id":106260,"url":"http:\/\/www.24baires.com\/?p=106260","url_meta":{"origin":57084,"position":5},"title":"Cambiemos a\u00fan no define qui\u00e9n ser\u00e1 su pr\u00f3ximo candidato a Presidente","author":"AF","date":"08\/01\/2019","format":false,"excerpt":"Ricardo Alfons\u00edn advirti\u00f3 que Mauricio Macri no es el \"candidato natural\" del oficialismo, como hab\u00eda se\u00f1alado el titular del PRO, Humberto Schiavoni. Mart\u00edn Lousteau tambi\u00e9n plantea la posibilidad de enfrentar al Presidente en una interna. El dirigente radical Ricardo Alfons\u00edn cruz\u00f3 al presidente del PRO, Humberto Schiavoni, quien hab\u00eda planteado\u2026","rel":"","context":"En \u00abPol\u00edtica\u00bb","block_context":{"text":"Pol\u00edtica","link":"http:\/\/www.24baires.com\/?cat=51"},"img":{"alt_text":"","src":"https:\/\/i0.wp.com\/www.24baires.com\/wp-content\/uploads\/2018\/10\/MACRI-IDEA.jpg?resize=350%2C200","width":350,"height":200,"srcset":"https:\/\/i0.wp.com\/www.24baires.com\/wp-content\/uploads\/2018\/10\/MACRI-IDEA.jpg?resize=350%2C200 1x, https:\/\/i0.wp.com\/www.24baires.com\/wp-content\/uploads\/2018\/10\/MACRI-IDEA.jpg?resize=525%2C300 1.5x"},"classes":[]}],"jetpack_sharing_enabled":true,"jetpack_likes_enabled":true,"jetpack_featured_media_url":"","_links":{"self":[{"href":"http:\/\/www.24baires.com\/index.php?rest_route=\/wp\/v2\/posts\/57084","targetHints":{"allow":["GET"]}}],"collection":[{"href":"http:\/\/www.24baires.com\/index.php?rest_route=\/wp\/v2\/posts"}],"about":[{"href":"http:\/\/www.24baires.com\/index.php?rest_route=\/wp\/v2\/types\/post"}],"author":[{"embeddable":true,"href":"http:\/\/www.24baires.com\/index.php?rest_route=\/wp\/v2\/users\/11"}],"replies":[{"embeddable":true,"href":"http:\/\/www.24baires.com\/index.php?rest_route=%2Fwp%2Fv2%2Fcomments&post=57084"}],"version-history":[{"count":1,"href":"http:\/\/www.24baires.com\/index.php?rest_route=\/wp\/v2\/posts\/57084\/revisions"}],"predecessor-version":[{"id":57085,"href":"http:\/\/www.24baires.com\/index.php?rest_route=\/wp\/v2\/posts\/57084\/revisions\/57085"}],"wp:attachment":[{"href":"http:\/\/www.24baires.com\/index.php?rest_route=%2Fwp%2Fv2%2Fmedia&parent=57084"}],"wp:term":[{"taxonomy":"category","embeddable":true,"href":"http:\/\/www.24baires.com\/index.php?rest_route=%2Fwp%2Fv2%2Fcategories&post=57084"},{"taxonomy":"post_tag","embeddable":true,"href":"http:\/\/www.24baires.com\/index.php?rest_route=%2Fwp%2Fv2%2Ftags&post=57084"}],"curies":[{"name":"wp","href":"https:\/\/api.w.org\/{rel}","templated":true}]}}