{"id":57082,"date":"2014-11-13T17:00:53","date_gmt":"2014-11-13T20:00:53","guid":{"rendered":"http:\/\/www.24baires.com\/?p=57082"},"modified":"2014-11-13T16:59:32","modified_gmt":"2014-11-13T19:59:32","slug":"diputados-aprobo-el-presupuesto-bonaerense-y-lo-envio-al-senado","status":"publish","type":"post","link":"http:\/\/www.24baires.com\/?p=57082","title":{"rendered":"Diputados aprob\u00f3 el presupuesto bonaerense y lo envi\u00f3 al Senado"},"content":{"rendered":"<p><img data-recalc-dims=\"1\" loading=\"lazy\" decoding=\"async\" class=\"aligncenter size-full wp-image-8956\" src=\"https:\/\/i0.wp.com\/www.24baires.com\/wp-content\/uploads\/2012\/12\/diputados-ba.jpg?resize=560%2C371\" alt=\"diputados ba\" width=\"560\" height=\"371\" srcset=\"https:\/\/i0.wp.com\/www.24baires.com\/wp-content\/uploads\/2012\/12\/diputados-ba.jpg?w=560 560w, https:\/\/i0.wp.com\/www.24baires.com\/wp-content\/uploads\/2012\/12\/diputados-ba.jpg?resize=300%2C198 300w\" sizes=\"auto, (max-width: 560px) 100vw, 560px\" \/>Luego de los cabildeos de la v\u00edspera, era un hecho la votaci\u00f3n positiva. S\u00f3lo se opuso el diputado del Frente de Izquierda Christian Castillo, quien tampoco levant\u00f3 la mano para la Ley Impositiva, al igual que todo el bloque massista.<!--more--><\/p>\n<p>La C\u00e1mara de Diputados de la provincia de Buenos Aires aprob\u00f3 hoy y gir\u00f3 al Senado para su sanci\u00f3n definitiva los proyectos de Presupuesto y de Ley Impositiva para 2015.<\/p>\n<p>Luego de un debate que se extendi\u00f3 por m\u00e1s de tres horas, los diputados dieron respaldo al c\u00e1lculo de recursos con el que podr\u00e1 contar la administraci\u00f3n bonaerense durante el a\u00f1o pr\u00f3ximo, que fue discutido con distintos sectores en los \u00faltimos d\u00edas.<\/p>\n<p>El Frente Renovador y el Frente Amplio Progresista y el Frente de Izquierda y de los Trabajadores cargaron contra la gesti\u00f3n del gobernador bonaerense Daniel Scioli en el tratamiento del proyecto de Presupuesto de la Provincia, previsto para el 2015 de m\u00e1s de 246 mil millones de pesos.<\/p>\n<p>En un an\u00e1lisis duro, en el que critic\u00f3 la subejecuci\u00f3n de distintas \u00e1reas, el presidente del bloque de Diputados del Frente Renovador, Jorge Sarghini, adelant\u00f3 que acompa\u00f1a el proyecto pero manifest\u00f3 su rechazo a la Ley Impositiva que incorpora los aumentos de cara al a\u00f1o que viene.<\/p>\n<p>Sarghini destac\u00f3 la reducci\u00f3n de 31 a 21 mil millones de pesos de endeudamiento. \u201cCelebramos que hayamos podido bajar la autorizaci\u00f3n de endeudamiento, aunque haya cosas que tuvimos que sacrificar. Pero esas cosas que sacrificamos no estaban claras en el endeudamiento\u201d, afirm\u00f3 Sarghi.<\/p>\n<p>El legislador apunt\u00f3 contra \u201cfalencias\u201d del proyecto y critic\u00f3 la gesti\u00f3n del gobernador bonaerense. \u201c\u00c9l quiere gobernar la Naci\u00f3n y ha dicho que gobierna un pa\u00eds dentro de otro pa\u00eds, pero este modelo de provincia no es el que queremos para el pa\u00eds\u201d, enfatiz\u00f3 el economista massista.<\/p>\n<p>Por su parte, desde la bancada del Frente Amplio Progresista (FAP), Juan Carlos Ju\u00e1rez, cuestion\u00f3 el d\u00e9ficit que no se ve en el Presupuesto. \u201cSe ha ido equilibrando en la letra de los art\u00edculos en los n\u00fameros pero hay un d\u00e9ficit que no se muestra\u201d, sostuvo el legislador.<\/p>\n<p>\u201cEse d\u00e9ficit se ve cuando cualquier vecino se encuentra con la falta de insumos, el creciente deterioro de la infraestructura, o cuando el 60% de la cinta asf\u00e1ltica de la provincia est\u00e1 en estado malo, muy malo o regular\u201d.<\/p>\n<p>Ju\u00e1rez, oriundo de Luj\u00e1n, tambi\u00e9n se refiri\u00f3 sobre las inundaciones recientes en ese distrito, y en gran parte de la Provincia, y dijo que ante esos hechos tambi\u00e9n se observa \u201cd\u00e9ficit\u201d por parte de la Provincia.<\/p>\n<p>A su vez, el diputado del FAP critic\u00f3 la falta de actualizaci\u00f3n del Fondo del Conurbano, la detracci\u00f3n del 15% de coparticipaci\u00f3n 10 mil millones de pesos menos. \u201cLa Provincia no ha gestionado este gobierno los fondos que le corresponde a la Provincia\u201d, insisti\u00f3 y sostuvo que el proyecto s\u00f3lo garantiza salarios y servicios m\u00ednimos.<\/p>\n<p>Por otro lado, Christian Castilllo del Frente de Izquierda y de los Trabajadores, apunt\u00f3 contra la reducci\u00f3n en las partidas sociales frente al presupuesto de Seguridad. \u201cLa partida de seguridad es de 66%, mientras que la de educaci\u00f3n, salud, desarrollo social, est\u00e1n en torno al 30%\u201d dijo, y calific\u00f3 al proyecto como \u201cde ajuste y mano dura\u201d.<\/p>\n<p>Castillo, que adelant\u00f3 su voto negativo, hizo hincapi\u00e9 en la gigantesca masa de recursos destinadas a Seguridad y distintos episodios de violencia en los que la Pol\u00edcia Bonaerense se ve involucrado. \u201cEstamos aumentando el poder de fuego del aparato represivo\u201d, alert\u00f3.<\/p>\n<p>&nbsp;<\/p>\n<p>&nbsp;<\/p>\n<p>&nbsp;<\/p>\n<p>&nbsp;<\/p>\n<p>&nbsp;<\/p>\n<p>&nbsp;<\/p>\n<p>&nbsp;<\/p>\n<p>&nbsp;<\/p>\n<p>&nbsp;<\/p>\n<p>&nbsp;<\/p>\n<p>&nbsp;<\/p>\n","protected":false},"excerpt":{"rendered":"<p>Luego de los cabildeos de la v\u00edspera, era un hecho la votaci\u00f3n positiva. S\u00f3lo se opuso el diputado del Frente de Izquierda Christian Castillo, quien tampoco levant\u00f3 la mano para la Ley Impositiva, al igual que todo el bloque massista.<\/p>\n","protected":false},"author":8,"featured_media":0,"comment_status":"open","ping_status":"open","sticky":false,"template":"","format":"standard","meta":{"_jetpack_newsletter_access":"","_jetpack_dont_email_post_to_subs":false,"_jetpack_newsletter_tier_id":0,"_jetpack_memberships_contains_paywalled_content":false,"_jetpack_memberships_contains_paid_content":false,"footnotes":""},"categories":[51],"tags":[],"class_list":["post-57082","post","type-post","status-publish","format-standard","hentry","category-politica"],"jetpack_shortlink":"https:\/\/wp.me\/p2JWE0-eQG","jetpack-related-posts":[{"id":119638,"url":"http:\/\/www.24baires.com\/?p=119638","url_meta":{"origin":57082,"position":0},"title":"La Legislatura Bonaerense aprob\u00f3 el Presupuesto 2023","author":"GB","date":"16\/12\/2022","format":false,"excerpt":"Ambas iniciativas fueron aprobadas por la Legislatura Bonaerense luego de un d\u00eda conflictivo. Tambi\u00e9n avanzaron otros proyectos. Finalmente, el gobierno de Axel Kicillof tiene Presupuesto 2023 y Ley Impositiva. Ambas normas fueron aprobadas en la madrugada de este viernes por ambas c\u00e1maras de la Legislatura Bonaerense. La jornada, que promet\u00eda\u2026","rel":"","context":"En \u00abProvincia\u00bb","block_context":{"text":"Provincia","link":"http:\/\/www.24baires.com\/?cat=40"},"img":{"alt_text":"","src":"https:\/\/i0.wp.com\/www.24baires.com\/wp-content\/uploads\/2022\/12\/camara-diputados-bonaerensejpg.jpg?resize=350%2C200","width":350,"height":200,"srcset":"https:\/\/i0.wp.com\/www.24baires.com\/wp-content\/uploads\/2022\/12\/camara-diputados-bonaerensejpg.jpg?resize=350%2C200 1x, https:\/\/i0.wp.com\/www.24baires.com\/wp-content\/uploads\/2022\/12\/camara-diputados-bonaerensejpg.jpg?resize=525%2C300 1.5x, https:\/\/i0.wp.com\/www.24baires.com\/wp-content\/uploads\/2022\/12\/camara-diputados-bonaerensejpg.jpg?resize=700%2C400 2x"},"classes":[]},{"id":113723,"url":"http:\/\/www.24baires.com\/?p=113723","url_meta":{"origin":57082,"position":1},"title":"Con cambios, el Senado tambi\u00e9n aprob\u00f3 la Ley Impositiva","author":"AF","date":"08\/01\/2020","format":false,"excerpt":"Por las modificaciones que le introdujo la oposici\u00f3n, la C\u00e1mara alta gir\u00f3 la iniciativa a Diputados que por la ma\u00f1ana ya la hab\u00eda aprobado. Con 45 votos a favor y ninguno en contra, el Senado bonaerense aprob\u00f3 la Ley Impositiva 2020. Juntos por el Cambio propuso cambios en el Impuesto\u2026","rel":"","context":"En \u00abProvincia\u00bb","block_context":{"text":"Provincia","link":"http:\/\/www.24baires.com\/?cat=40"},"img":{"alt_text":"","src":"https:\/\/i0.wp.com\/www.24baires.com\/wp-content\/uploads\/2020\/01\/magario-senado.jpg?resize=350%2C200","width":350,"height":200,"srcset":"https:\/\/i0.wp.com\/www.24baires.com\/wp-content\/uploads\/2020\/01\/magario-senado.jpg?resize=350%2C200 1x, https:\/\/i0.wp.com\/www.24baires.com\/wp-content\/uploads\/2020\/01\/magario-senado.jpg?resize=525%2C300 1.5x"},"classes":[]},{"id":122707,"url":"http:\/\/www.24baires.com\/?p=122707","url_meta":{"origin":57082,"position":2},"title":"Kicillof logr\u00f3 convertir en Ley el Presupuesto y la Impositiva, pero no junt\u00f3 los votos para el endeudamiento","author":"GB","date":"27\/11\/2025","format":false,"excerpt":"Luego de una marat\u00f3nica jornada de negociaciones, tanto Diputados como Senadores aprobaron el Presupuesto 2026 y la Ley Impositiva. El endeudamiento se tratar\u00e1 el viernes si el oficialismo consigue los dos tercios necesarios para aprobarlo. Finalmente, y con 9 horas de atraso, sesion\u00f3 Diputados, pero solo aprob\u00f3 el Presupuesto 2026\u2026","rel":"","context":"En \u00abProvincia\u00bb","block_context":{"text":"Provincia","link":"http:\/\/www.24baires.com\/?cat=40"},"img":{"alt_text":"","src":"https:\/\/i0.wp.com\/www.24baires.com\/wp-content\/uploads\/2019\/12\/diputados-bonaerenses.jpg?resize=350%2C200","width":350,"height":200,"srcset":"https:\/\/i0.wp.com\/www.24baires.com\/wp-content\/uploads\/2019\/12\/diputados-bonaerenses.jpg?resize=350%2C200 1x, https:\/\/i0.wp.com\/www.24baires.com\/wp-content\/uploads\/2019\/12\/diputados-bonaerenses.jpg?resize=525%2C300 1.5x, https:\/\/i0.wp.com\/www.24baires.com\/wp-content\/uploads\/2019\/12\/diputados-bonaerenses.jpg?resize=700%2C400 2x"},"classes":[]},{"id":105352,"url":"http:\/\/www.24baires.com\/?p=105352","url_meta":{"origin":57082,"position":3},"title":"Senadores dieron ingreso al Presupuesto provincial","author":"AF","date":"08\/11\/2018","format":false,"excerpt":"El Senado bonaerense inici\u00f3 hoy formalmente el debate por el Presupuesto y la Ley Impositiva 2019, al dar estado parlamentario a los proyectos enviados por el Ejecutivo. En tanto, la c\u00e1mara alta se autoconvoc\u00f3 a sesiones extraordinarias, lo que marca las expectativas del oficialismo de que el debate se va\u2026","rel":"","context":"En \u00abProvincia\u00bb","block_context":{"text":"Provincia","link":"http:\/\/www.24baires.com\/?cat=40"},"img":{"alt_text":"","src":"https:\/\/i0.wp.com\/www.24baires.com\/wp-content\/uploads\/2017\/07\/senado.jpg?resize=350%2C200","width":350,"height":200,"srcset":"https:\/\/i0.wp.com\/www.24baires.com\/wp-content\/uploads\/2017\/07\/senado.jpg?resize=350%2C200 1x, https:\/\/i0.wp.com\/www.24baires.com\/wp-content\/uploads\/2017\/07\/senado.jpg?resize=525%2C300 1.5x"},"classes":[]},{"id":113720,"url":"http:\/\/www.24baires.com\/?p=113720","url_meta":{"origin":57082,"position":4},"title":"Con media sanci\u00f3n, el Senado trata la Ley Impositiva","author":"AF","date":"08\/01\/2020","format":false,"excerpt":"Tras un cuarto intermedio por negociaciones de \u00faltimo momento con la oposici\u00f3n, el oficialismo bonaerense logr\u00f3 darle media sanci\u00f3n a la ley impositiva. Desde la 16 se trata en el Senado. Luego de un nuevo cuarto intermedio por negociaciones de \u00faltimo momento entre el gobierno de Axel Kicillof y la\u2026","rel":"","context":"En \u00abProvincia\u00bb","block_context":{"text":"Provincia","link":"http:\/\/www.24baires.com\/?cat=40"},"img":{"alt_text":"","src":"https:\/\/i0.wp.com\/www.24baires.com\/wp-content\/uploads\/2019\/11\/kicillof.jpg?resize=350%2C200","width":350,"height":200,"srcset":"https:\/\/i0.wp.com\/www.24baires.com\/wp-content\/uploads\/2019\/11\/kicillof.jpg?resize=350%2C200 1x, https:\/\/i0.wp.com\/www.24baires.com\/wp-content\/uploads\/2019\/11\/kicillof.jpg?resize=525%2C300 1.5x"},"classes":[]},{"id":120810,"url":"http:\/\/www.24baires.com\/?p=120810","url_meta":{"origin":57082,"position":5},"title":"Axel Kicillof celebr\u00f3 la aprobaci\u00f3n de la Ley Impositiva y el endeudamiento","author":"GB","date":"29\/12\/2023","format":false,"excerpt":"El gobernador bonaerense, Axel Kicillof, emiti\u00f3 un mensaje luego de que la Legislatura Bonaerense aprobara la Ley Impositiva 2024 y el pedido de endeudamiento. a Legislatura Bonaerense aprob\u00f3 dos iniciativas fundamentales para el gobierno de Axel Kicillof: la Ley Impositiva 2024 y el endeudamiento. El mandatario celebr\u00f3 el visto bueno\u2026","rel":"","context":"En \u00abProvincia\u00bb","block_context":{"text":"Provincia","link":"http:\/\/www.24baires.com\/?cat=40"},"img":{"alt_text":"","src":"https:\/\/i0.wp.com\/www.24baires.com\/wp-content\/uploads\/2023\/12\/axel-rosas.webp?resize=350%2C200","width":350,"height":200,"srcset":"https:\/\/i0.wp.com\/www.24baires.com\/wp-content\/uploads\/2023\/12\/axel-rosas.webp?resize=350%2C200 1x, https:\/\/i0.wp.com\/www.24baires.com\/wp-content\/uploads\/2023\/12\/axel-rosas.webp?resize=525%2C300 1.5x, https:\/\/i0.wp.com\/www.24baires.com\/wp-content\/uploads\/2023\/12\/axel-rosas.webp?resize=700%2C400 2x"},"classes":[]}],"jetpack_sharing_enabled":true,"jetpack_likes_enabled":true,"jetpack_featured_media_url":"","_links":{"self":[{"href":"http:\/\/www.24baires.com\/index.php?rest_route=\/wp\/v2\/posts\/57082","targetHints":{"allow":["GET"]}}],"collection":[{"href":"http:\/\/www.24baires.com\/index.php?rest_route=\/wp\/v2\/posts"}],"about":[{"href":"http:\/\/www.24baires.com\/index.php?rest_route=\/wp\/v2\/types\/post"}],"author":[{"embeddable":true,"href":"http:\/\/www.24baires.com\/index.php?rest_route=\/wp\/v2\/users\/8"}],"replies":[{"embeddable":true,"href":"http:\/\/www.24baires.com\/index.php?rest_route=%2Fwp%2Fv2%2Fcomments&post=57082"}],"version-history":[{"count":1,"href":"http:\/\/www.24baires.com\/index.php?rest_route=\/wp\/v2\/posts\/57082\/revisions"}],"predecessor-version":[{"id":57083,"href":"http:\/\/www.24baires.com\/index.php?rest_route=\/wp\/v2\/posts\/57082\/revisions\/57083"}],"wp:attachment":[{"href":"http:\/\/www.24baires.com\/index.php?rest_route=%2Fwp%2Fv2%2Fmedia&parent=57082"}],"wp:term":[{"taxonomy":"category","embeddable":true,"href":"http:\/\/www.24baires.com\/index.php?rest_route=%2Fwp%2Fv2%2Fcategories&post=57082"},{"taxonomy":"post_tag","embeddable":true,"href":"http:\/\/www.24baires.com\/index.php?rest_route=%2Fwp%2Fv2%2Ftags&post=57082"}],"curies":[{"name":"wp","href":"https:\/\/api.w.org\/{rel}","templated":true}]}}