{"id":57062,"date":"2014-11-13T13:32:56","date_gmt":"2014-11-13T16:32:56","guid":{"rendered":"http:\/\/www.24baires.com\/?p=57062"},"modified":"2014-11-13T13:32:56","modified_gmt":"2014-11-13T16:32:56","slug":"scioli-el-deporte-es-la-contracara-de-la-violencia","status":"publish","type":"post","link":"http:\/\/www.24baires.com\/?p=57062","title":{"rendered":"Scioli: \u00abEl deporte es la contracara de la violencia\u00bb"},"content":{"rendered":"<p><img data-recalc-dims=\"1\" loading=\"lazy\" decoding=\"async\" class=\"aligncenter size-full wp-image-52695\" src=\"https:\/\/i0.wp.com\/www.24baires.com\/wp-content\/uploads\/2014\/08\/scioli5.jpg?resize=560%2C280\" alt=\"scioli5\" width=\"560\" height=\"280\" srcset=\"https:\/\/i0.wp.com\/www.24baires.com\/wp-content\/uploads\/2014\/08\/scioli5.jpg?w=560 560w, https:\/\/i0.wp.com\/www.24baires.com\/wp-content\/uploads\/2014\/08\/scioli5.jpg?resize=300%2C150 300w\" sizes=\"auto, (max-width: 560px) 100vw, 560px\" \/><strong>AVELLANEDA-<\/strong>El gobernador bonaerense pidi\u00f3 erradicar de las instituciones a aquellos individuos que \u00abse dicen hinchas de f\u00fatbol pero que son verdaderos delincuentes\u00bb.<!--more--><\/p>\n<p>Sciolo lo dijo al inaugurar un complejo polideportivo en Dock Sud, en Avellaneda.<\/p>\n<p>El gobernador de la provincia de Buenos Aires, Daniel Scioli, afirm\u00f3 hoy que \u00abel deporte es la contracara de la violencia\u00bb y pidi\u00f3 erradicar de las instituciones \u00aba algunos individuos que se dicen hinchas de f\u00fatbol, pero que en realidad son verdaderos delincuentes\u00bb.<\/p>\n<p>\u00abHay que aislar a quienes promueven disturbios y ponerlos a disposici\u00f3n de la Justicia. No puede ser que estos empa\u00f1en la tarea que realizan las instituciones deportivas\u00bb, apunt\u00f3 el mandatario al dejar inaugurado un complejo polideportivo en Dock Sud.<\/p>\n<p>Acompa\u00f1ado por el intendente de Avellaneda, Jorge Ferraresi; el secretario de Deportes de la Provincia, Alejandro Rodr\u00edguez; y el secretario general de la gobernaci\u00f3n, Mart\u00edn Ferr\u00e9, Scioli entreg\u00f3 kits deportivos a integrantes de los clubes ganadores de la Copa Ciudad de Dock Sud.<\/p>\n<p>\u00abPas\u00e9 momentos muy duros en mi vida, tuve un accidente brutal, y el deporte me ayud\u00f3 a salir adelante. Por eso les digo que competir en una cancha o en una pista les permitir\u00e1 ver la vida con mucho optimismo\u00bb, afirm\u00f3 el gobernador ante los j\u00f3venes congregados en este polideportivo.<\/p>\n<p>Y en ese sentido, enfatiz\u00f3: \u00abCuando se abandona el club de barrio, se abandona la posibilidad de que la juventud pueda atener mente sana en cuerpo sano\u00bb.<\/p>\n<p>Scioli destac\u00f3 las palabras del papa Francisco, quien hace pocas semanas sostuvo que \u00abel deporte promueve la cultura del encuentro\u00bb.<\/p>\n<p>El gobernador tambi\u00e9n record\u00f3 que el ex presidente sudafricano Nelson Mandela \u00abuni\u00f3 a su pa\u00eds a trav\u00e9s del deporte, y tambi\u00e9n lo hizo el General Per\u00f3n con los Juegos Nacionales Evita\u00bb, una competencia creada en el a\u00f1o 1948.<\/p>\n<p>Acompa\u00f1ado por el presidente del Club Sportivo Dock Sud, An\u00edbal Campanini, el gobernador abri\u00f3 las instalaciones del polideportivo municipal Dock Sud, y firm\u00f3 un convenio en el marco del \u201cPlan de Eficiencia Energ\u00e9tica en Alumbrado P\u00fablico\u201d, para la implementaci\u00f3n de tecnolog\u00eda led que favorecer\u00e1 la eficiencia en el suministro que provee a esa localidad.<\/p>\n<p>\u00abQueremos contribuir a tener barrios mas seguros y por eso hace a la seguridad tener barrios m\u00e1s iluminados\u00bb, destac\u00f3 el titular del Ejecutivo bonaerense.<\/p>\n<p>Por su parte, el intendente Avellaneda, Jorge Ferraresi, dijo que el predio \u00abes posible gracias a la entrega de recursos que hizo la presidenta Cristina Fern\u00e1ndez de Kirchner.<\/p>\n<p>\u00abLos recursos para la obra provinieron de parte del gobierno nacional. Quer\u00edamos tener un polideportivo importante en esta barriada y la Presidenta dispuso esos fondos para que los vecinos disfruten de este lugar\u00bb, puntualiz\u00f3.<\/p>\n<p>&nbsp;<\/p>\n<p>&nbsp;<\/p>\n<p>&nbsp;<\/p>\n<p>&nbsp;<\/p>\n<p>&nbsp;<\/p>\n<p>&nbsp;<\/p>\n<p>&nbsp;<\/p>\n<p>&nbsp;<\/p>\n<p>&nbsp;<\/p>\n<p>&nbsp;<\/p>\n<p>&nbsp;<\/p>\n<p>&nbsp;<\/p>\n<p>&nbsp;<\/p>\n<p>&nbsp;<\/p>\n<p>&nbsp;<\/p>\n<p>&nbsp;<\/p>\n","protected":false},"excerpt":{"rendered":"<p>AVELLANEDA-El gobernador bonaerense pidi\u00f3 erradicar de las instituciones a aquellos individuos que \u00abse dicen hinchas de f\u00fatbol pero que son verdaderos delincuentes\u00bb.<\/p>\n","protected":false},"author":8,"featured_media":0,"comment_status":"open","ping_status":"open","sticky":false,"template":"","format":"standard","meta":{"_jetpack_newsletter_access":"","_jetpack_dont_email_post_to_subs":false,"_jetpack_newsletter_tier_id":0,"_jetpack_memberships_contains_paywalled_content":false,"_jetpack_memberships_contains_paid_content":false,"footnotes":""},"categories":[51],"tags":[],"class_list":["post-57062","post","type-post","status-publish","format-standard","hentry","category-politica"],"jetpack_shortlink":"https:\/\/wp.me\/p2JWE0-eQm","jetpack-related-posts":[{"id":123028,"url":"http:\/\/www.24baires.com\/?p=123028","url_meta":{"origin":57062,"position":0},"title":"Kicillof en Avellaneda: \u201cMientras Milei desfinancia la salud, nosotros ampliamos derechos\u201d","author":"GB","date":"23\/04\/2026","format":false,"excerpt":"Inaugur\u00f3 un centro de salud en Dock Sud con inversi\u00f3n provincial y lo present\u00f3 como respuesta al ajuste nacional, beneficiando a m\u00e1s de 4.000 vecinos. El gobernador de la provincia de Buenos Aires, Axel Kicillof, encabez\u00f3 este jueves la inauguraci\u00f3n de un nuevo Centro Municipal de Cuidado Familiar y Comunitario\u2026","rel":"","context":"En \u00abProvincia\u00bb","block_context":{"text":"Provincia","link":"http:\/\/www.24baires.com\/?cat=40"},"img":{"alt_text":"","src":"https:\/\/i0.wp.com\/www.24baires.com\/wp-content\/uploads\/2026\/04\/kici-avellaneda.jpeg?resize=350%2C200","width":350,"height":200,"srcset":"https:\/\/i0.wp.com\/www.24baires.com\/wp-content\/uploads\/2026\/04\/kici-avellaneda.jpeg?resize=350%2C200 1x, https:\/\/i0.wp.com\/www.24baires.com\/wp-content\/uploads\/2026\/04\/kici-avellaneda.jpeg?resize=525%2C300 1.5x, https:\/\/i0.wp.com\/www.24baires.com\/wp-content\/uploads\/2026\/04\/kici-avellaneda.jpeg?resize=700%2C400 2x, https:\/\/i0.wp.com\/www.24baires.com\/wp-content\/uploads\/2026\/04\/kici-avellaneda.jpeg?resize=1050%2C600 3x, https:\/\/i0.wp.com\/www.24baires.com\/wp-content\/uploads\/2026\/04\/kici-avellaneda.jpeg?resize=1400%2C800 4x"},"classes":[]},{"id":44430,"url":"http:\/\/www.24baires.com\/?p=44430","url_meta":{"origin":57062,"position":1},"title":"Hinchas de Dock Sud quemaron autos y se enfrentaron a la polic\u00eda","author":"Grupo Sierra","date":"21\/04\/2014","format":false,"excerpt":"Un grupo de barras de ese club quem\u00f3 autos y una camioneta en las inmediaciones del estadio. El encuentro ante Laferrere por la Primera C se suspendi\u00f3. Un encuentro de la cuarta categor\u00eda del f\u00fatbol argentino fue el marco para una nueva jornada de violencia en los estadios. Dock Sud\u2026","rel":"","context":"En \u00abDeportes\u00bb","block_context":{"text":"Deportes","link":"http:\/\/www.24baires.com\/?cat=12"},"img":{"alt_text":"","src":"https:\/\/i0.wp.com\/www.24baires.com\/wp-content\/uploads\/2014\/04\/dock-sud.jpg?resize=350%2C200","width":350,"height":200,"srcset":"https:\/\/i0.wp.com\/www.24baires.com\/wp-content\/uploads\/2014\/04\/dock-sud.jpg?resize=350%2C200 1x, https:\/\/i0.wp.com\/www.24baires.com\/wp-content\/uploads\/2014\/04\/dock-sud.jpg?resize=525%2C300 1.5x"},"classes":[]},{"id":6082,"url":"http:\/\/www.24baires.com\/?p=6082","url_meta":{"origin":57062,"position":2},"title":"Ferraresi inaugur\u00f3 el polideportivo de Avellaneda acompa\u00f1ado por Grondona","author":"AF","date":"20\/11\/2012","format":false,"excerpt":"En el municipio de Avellaneda, el jefe comunal Jorge Ferraresi, inaugur\u00f3 las obras realizadas en el polideportivo Participar de Villa Corina, y en su discurso expres\u00f3 que \"trabajamos para recuperar espacios con poca infraestructura por la inclusi\u00f3n de los chicos\". Cont\u00f3 con la compa\u00f1\u00eda del titular de la AFA, Julio\u2026","rel":"","context":"En \u00abLocales\u00bb","block_context":{"text":"Locales","link":"http:\/\/www.24baires.com\/?cat=38"},"img":{"alt_text":"","src":"https:\/\/i0.wp.com\/www.24baires.com\/wp-content\/uploads\/2012\/11\/ferraresi-grondona.jpg?resize=350%2C200","width":350,"height":200},"classes":[]},{"id":58676,"url":"http:\/\/www.24baires.com\/?p=58676","url_meta":{"origin":57062,"position":3},"title":"Dock Sud: Escaparon tres presos de una comisar\u00eda","author":"GB","date":"15\/12\/2014","format":false,"excerpt":"El hecho ocurri\u00f3 el fin de semana. Habr\u00edan utilizado herramientas del patio del lugar para limar los barrotes y escapar. Presos escaparon de la comisar\u00eda de Dock Sud (3\u00aa de Avellaneda) tras limar los barrotes. Los agentes que se encontraban de guardia no percibieron que tres de los detenidos hab\u00edan\u2026","rel":"","context":"En \u00abPoliciales\u00bb","block_context":{"text":"Policiales","link":"http:\/\/www.24baires.com\/?cat=49"},"img":{"alt_text":"polic\u00eda3","src":"https:\/\/i0.wp.com\/www.24baires.com\/wp-content\/uploads\/2013\/12\/polic%C3%ADa3.jpg?resize=350%2C200","width":350,"height":200,"srcset":"https:\/\/i0.wp.com\/www.24baires.com\/wp-content\/uploads\/2013\/12\/polic%C3%ADa3.jpg?resize=350%2C200 1x, https:\/\/i0.wp.com\/www.24baires.com\/wp-content\/uploads\/2013\/12\/polic%C3%ADa3.jpg?resize=525%2C300 1.5x"},"classes":[]},{"id":49561,"url":"http:\/\/www.24baires.com\/?p=49561","url_meta":{"origin":57062,"position":4},"title":"Luego de 7 horas, los bomberos controlaron el incendio de la Isla Maciel","author":"GB","date":"09\/07\/2014","format":false,"excerpt":"AVELLANEDA-Dotaciones de Avellaneda, Dock Sud e Isla Maciel lograron controlar las llamas provocadas por una fuga de gas y que amenazaban a viviendas precarias. Doce dotaciones de bomberos de Avellaneda, Dock Sud e Isla Maciel trabajaron durante m\u00e1s de siete horas para controlar le fuego que se origin\u00f3 en la\u2026","rel":"","context":"En \u00abSociedad\u00bb","block_context":{"text":"Sociedad","link":"http:\/\/www.24baires.com\/?cat=1"},"img":{"alt_text":"","src":"https:\/\/i0.wp.com\/www.24baires.com\/wp-content\/uploads\/2014\/07\/incendio-maciel.jpg?resize=350%2C200","width":350,"height":200,"srcset":"https:\/\/i0.wp.com\/www.24baires.com\/wp-content\/uploads\/2014\/07\/incendio-maciel.jpg?resize=350%2C200 1x, https:\/\/i0.wp.com\/www.24baires.com\/wp-content\/uploads\/2014\/07\/incendio-maciel.jpg?resize=525%2C300 1.5x"},"classes":[]},{"id":111743,"url":"http:\/\/www.24baires.com\/?p=111743","url_meta":{"origin":57062,"position":5},"title":"Kicillof pidi\u00f3 a intendentes \u00abatenci\u00f3n\u00bb a lo social","author":"GB","date":"22\/08\/2019","format":false,"excerpt":"El candidato a gobernador bonaerense del Frente de Todos, Axel Kicillof, les pidi\u00f3 a los intendentes y postulantes locales de ese espacio que no se queden \"quietos\" y los conmin\u00f3 a estar \"atentos\" a la situaci\u00f3n social de sus distritos. Kicillof se reuni\u00f3 hoy con los 135 intendentes y candidatos\u2026","rel":"","context":"En \u00abProvincia\u00bb","block_context":{"text":"Provincia","link":"http:\/\/www.24baires.com\/?cat=40"},"img":{"alt_text":"","src":"https:\/\/i0.wp.com\/www.24baires.com\/wp-content\/uploads\/2019\/08\/kicillof-1-300x200.jpg?resize=350%2C200","width":350,"height":200},"classes":[]}],"jetpack_sharing_enabled":true,"jetpack_likes_enabled":true,"jetpack_featured_media_url":"","_links":{"self":[{"href":"http:\/\/www.24baires.com\/index.php?rest_route=\/wp\/v2\/posts\/57062","targetHints":{"allow":["GET"]}}],"collection":[{"href":"http:\/\/www.24baires.com\/index.php?rest_route=\/wp\/v2\/posts"}],"about":[{"href":"http:\/\/www.24baires.com\/index.php?rest_route=\/wp\/v2\/types\/post"}],"author":[{"embeddable":true,"href":"http:\/\/www.24baires.com\/index.php?rest_route=\/wp\/v2\/users\/8"}],"replies":[{"embeddable":true,"href":"http:\/\/www.24baires.com\/index.php?rest_route=%2Fwp%2Fv2%2Fcomments&post=57062"}],"version-history":[{"count":1,"href":"http:\/\/www.24baires.com\/index.php?rest_route=\/wp\/v2\/posts\/57062\/revisions"}],"predecessor-version":[{"id":57063,"href":"http:\/\/www.24baires.com\/index.php?rest_route=\/wp\/v2\/posts\/57062\/revisions\/57063"}],"wp:attachment":[{"href":"http:\/\/www.24baires.com\/index.php?rest_route=%2Fwp%2Fv2%2Fmedia&parent=57062"}],"wp:term":[{"taxonomy":"category","embeddable":true,"href":"http:\/\/www.24baires.com\/index.php?rest_route=%2Fwp%2Fv2%2Fcategories&post=57062"},{"taxonomy":"post_tag","embeddable":true,"href":"http:\/\/www.24baires.com\/index.php?rest_route=%2Fwp%2Fv2%2Ftags&post=57062"}],"curies":[{"name":"wp","href":"https:\/\/api.w.org\/{rel}","templated":true}]}}