{"id":57056,"date":"2014-11-13T12:30:30","date_gmt":"2014-11-13T15:30:30","guid":{"rendered":"http:\/\/www.24baires.com\/?p=57056"},"modified":"2014-11-13T10:52:24","modified_gmt":"2014-11-13T13:52:24","slug":"ishii-acuso-a-scioli-de-dar-un-incentivo-para-que-aprueben-su-pesupuesto","status":"publish","type":"post","link":"http:\/\/www.24baires.com\/?p=57056","title":{"rendered":"Ishii acus\u00f3 a Scioli de dar un \u00abincentivo\u00bb para que aprueben su presupuesto"},"content":{"rendered":"<p><img data-recalc-dims=\"1\" loading=\"lazy\" decoding=\"async\" class=\"aligncenter size-full wp-image-38251\" src=\"https:\/\/i0.wp.com\/www.24baires.com\/wp-content\/uploads\/2014\/01\/ishii-scioli.jpg?resize=560%2C312\" alt=\"ishii-scioli\" width=\"560\" height=\"312\" srcset=\"https:\/\/i0.wp.com\/www.24baires.com\/wp-content\/uploads\/2014\/01\/ishii-scioli.jpg?w=560 560w, https:\/\/i0.wp.com\/www.24baires.com\/wp-content\/uploads\/2014\/01\/ishii-scioli.jpg?resize=300%2C167 300w\" sizes=\"auto, (max-width: 560px) 100vw, 560px\" \/>El senador Mario Alberto Ishii, sospecha que la celeridad con que el oficialismo y la oposici\u00f3n habr\u00edan acordado aprobar este jueves el Presupuesto 2015 fue impulsada mediante un \u201cincentivo\u201d del gobernador de la provincia de Buenos Aires, Daniel Scioli, a diputados y senadores oficialistas y de la oposici\u00f3n.<!--more--><\/p>\n<p>\u201cTemo que Scioli entreg\u00f3 la Banelco, la BAPRO y la Macro para aprobar sin debate el Presupuesto 2015\u201d, dispar\u00f3 el ex intendente de Jos\u00e9 C. Paz. Tild\u00f3 de \u201cvergonzoso\u201d el proyecto debido a que \u201cignora las urgentes necesidades de los bonaerenses, especialmente la de los pobres, y que tiene como objetivo financiar las acciones pol\u00edticas electoralistas que Scioli necesita como candidato a presidente para las elecciones de 2015\u201d.<\/p>\n<p>El integrante del unibloque PJ Presidente N\u00e9stor Kirchner cuestion\u00f3 el destino de las partidas, fundamentalmente las destinadas a Salud y Educaci\u00f3n, y asegur\u00f3 que \u201ccon este presupuesto, el Gobernador se ha olvidado de la gente y ha priorizado su campa\u00f1a pol\u00edtica. Me pregunto: \u00bfel gobernador necesit\u00f3 de 7 a\u00f1os de gesti\u00f3n para darse cuenta que era imperioso para la Provincia invertir en Seguridad? \u00bfO responde a su proyecto personal? Existen \u00e1reas sensibles como salud, educaci\u00f3n, desarrollo social y trabajo donde se destinan casi la totalidad de sus recursos a pagar sueldos, dejando de lado realmente la inversi\u00f3n necesaria que se necesita para desarrollar las mismas\u201d.<\/p>\n<p>&nbsp;<\/p>\n<p>&nbsp;<\/p>\n<p>&nbsp;<\/p>\n<p>&nbsp;<\/p>\n<p>&nbsp;<\/p>\n<p>&nbsp;<\/p>\n<p>&nbsp;<\/p>\n<p>&nbsp;<\/p>\n<p>&nbsp;<\/p>\n<p>&nbsp;<\/p>\n<p>&nbsp;<\/p>\n","protected":false},"excerpt":{"rendered":"<p>El senador Mario Alberto Ishii, sospecha que la celeridad con que el oficialismo y la oposici\u00f3n habr\u00edan acordado aprobar este jueves el Presupuesto 2015 fue impulsada mediante un \u201cincentivo\u201d del gobernador de la provincia de Buenos Aires, Daniel Scioli, a diputados y senadores oficialistas y de la oposici\u00f3n.<\/p>\n","protected":false},"author":4,"featured_media":0,"comment_status":"open","ping_status":"open","sticky":false,"template":"","format":"standard","meta":{"_jetpack_newsletter_access":"","_jetpack_dont_email_post_to_subs":false,"_jetpack_newsletter_tier_id":0,"_jetpack_memberships_contains_paywalled_content":false,"_jetpack_memberships_contains_paid_content":false,"footnotes":""},"categories":[51],"tags":[],"class_list":["post-57056","post","type-post","status-publish","format-standard","hentry","category-politica"],"jetpack_shortlink":"https:\/\/wp.me\/p2JWE0-eQg","jetpack-related-posts":[{"id":57524,"url":"http:\/\/www.24baires.com\/?p=57524","url_meta":{"origin":57056,"position":0},"title":"Ishii pidi\u00f3 a la Corte que declare inconstitucional el presupuesto 2015","author":"GB","date":"22\/11\/2014","format":false,"excerpt":"Tras el esc\u00e1ndalo que protagoniz\u00f3 la semana pasada durante la aprobaci\u00f3n del Presupuesto 2015, el senador Mario Ishii present\u00f3 ante la Suprema Corte bonaerense un pedido de inconstitucionalidad de la \"Ley de leyes\", al considerar que durante su debate parlamentario se cometieron \"irregularidades\". Ishii present\u00f3 un escrito ante el m\u00e1ximo\u2026","rel":"","context":"En \u00abPol\u00edtica\u00bb","block_context":{"text":"Pol\u00edtica","link":"http:\/\/www.24baires.com\/?cat=51"},"img":{"alt_text":"ishii","src":"https:\/\/i0.wp.com\/www.24baires.com\/wp-content\/uploads\/2014\/08\/ishii.jpg?resize=350%2C200","width":350,"height":200},"classes":[]},{"id":57297,"url":"http:\/\/www.24baires.com\/?p=57297","url_meta":{"origin":57056,"position":1},"title":"Sancionar\u00e1n al senador Ishii por el esc\u00e1ndalo causado durante la aprobaci\u00f3n del Presupuesto","author":"AF","date":"18\/11\/2014","format":false,"excerpt":"La comisi\u00f3n de Asuntos Constitucionales y Acuerdos del Senado provincial podr\u00eda definir este martes una dura sanci\u00f3n contra el senador Mario Ishii, quien el jueves pasado acus\u00f3 a sus pares de recibir \u201ccoimas\u201d para aprobar el Presupuesto y la Ley Impositiva 2015, en una accidentada sesi\u00f3n que debi\u00f3 ser interrumpida\u2026","rel":"","context":"En \u00abPol\u00edtica\u00bb","block_context":{"text":"Pol\u00edtica","link":"http:\/\/www.24baires.com\/?cat=51"},"img":{"alt_text":"ishii","src":"https:\/\/i0.wp.com\/www.24baires.com\/wp-content\/uploads\/2014\/08\/ishii.jpg?resize=350%2C200","width":350,"height":200},"classes":[]},{"id":38250,"url":"http:\/\/www.24baires.com\/?p=38250","url_meta":{"origin":57056,"position":2},"title":"Ishii mat\u00f3 a Scioli: \u00abHay que ver qui\u00e9nes son los traidores reales\u00bb","author":"Grupo Sierra","date":"10\/01\/2014","format":false,"excerpt":"El senador Mario Ishii dijo que el gobernador Daniel Scioli \u201cno tiene u\u00f1a para guitarrero\u201d en tono de cr\u00edtica a la administraci\u00f3n llevada a cabo por el mandatario en territorio bonaerense. arremeti\u00f3 contra Scioli y asegur\u00f3 que \u201cla provincia est\u00e1 abandonada, est\u00e1 falta de manejo pol\u00edtico\u201d y desaprob\u00f3 \u201ctotalmente\u201d la\u2026","rel":"","context":"En \u00abPol\u00edtica\u00bb","block_context":{"text":"Pol\u00edtica","link":"http:\/\/www.24baires.com\/?cat=51"},"img":{"alt_text":"","src":"https:\/\/i0.wp.com\/www.24baires.com\/wp-content\/uploads\/2014\/01\/ishii-scioli.jpg?resize=350%2C200","width":350,"height":200,"srcset":"https:\/\/i0.wp.com\/www.24baires.com\/wp-content\/uploads\/2014\/01\/ishii-scioli.jpg?resize=350%2C200 1x, https:\/\/i0.wp.com\/www.24baires.com\/wp-content\/uploads\/2014\/01\/ishii-scioli.jpg?resize=525%2C300 1.5x"},"classes":[]},{"id":52823,"url":"http:\/\/www.24baires.com\/?p=52823","url_meta":{"origin":57056,"position":3},"title":"Desde Miami, Ishii cuestion\u00f3 a Berni y a Scioli por querer deportar inmigrantes","author":"AF","date":"31\/08\/2014","format":false,"excerpt":"El senador provincial del bloque PJ Presidente N\u00e9stor Kirchner, Mario Ishii, expres\u00f3 al ex director de la DEA, Leo Arreguin Jr, y al ex fiscal general de los Estados Unidos. Guy A. Lewis, su profunda preocupaci\u00f3n por el avance del narcotr\u00e1fico y por la falta de controles migratorios en la\u2026","rel":"","context":"En \u00abPol\u00edtica\u00bb","block_context":{"text":"Pol\u00edtica","link":"http:\/\/www.24baires.com\/?cat=51"},"img":{"alt_text":"ishii-scioli","src":"https:\/\/i0.wp.com\/www.24baires.com\/wp-content\/uploads\/2014\/01\/ishii-scioli.jpg?resize=350%2C200","width":350,"height":200,"srcset":"https:\/\/i0.wp.com\/www.24baires.com\/wp-content\/uploads\/2014\/01\/ishii-scioli.jpg?resize=350%2C200 1x, https:\/\/i0.wp.com\/www.24baires.com\/wp-content\/uploads\/2014\/01\/ishii-scioli.jpg?resize=525%2C300 1.5x"},"classes":[]},{"id":101122,"url":"http:\/\/www.24baires.com\/?p=101122","url_meta":{"origin":57056,"position":4},"title":"Indagar\u00e1n a Scioli por irregularidades en la construcci\u00f3n de las UPA 24","author":"AF","date":"17\/03\/2018","format":false,"excerpt":"El ex gobernador Daniel Scioli y quien fuera su ministro de Salud, Alejandro Collia, fueron imputados y citados a prestar declaraci\u00f3n indagatoria en el marco de una causa que investiga presuntas irregularidades en la adjudicaci\u00f3n de ocho Unidades de Pronta Atenci\u00f3n (UPA 24) para las que se destinaron m\u00e1s de\u2026","rel":"","context":"En \u00abJUDICIALES\u00bb","block_context":{"text":"JUDICIALES","link":"http:\/\/www.24baires.com\/?cat=68"},"img":{"alt_text":"","src":"https:\/\/i0.wp.com\/www.24baires.com\/wp-content\/uploads\/2014\/05\/Daniel-Scioli.jpg?resize=350%2C200","width":350,"height":200,"srcset":"https:\/\/i0.wp.com\/www.24baires.com\/wp-content\/uploads\/2014\/05\/Daniel-Scioli.jpg?resize=350%2C200 1x, https:\/\/i0.wp.com\/www.24baires.com\/wp-content\/uploads\/2014\/05\/Daniel-Scioli.jpg?resize=525%2C300 1.5x"},"classes":[]},{"id":57110,"url":"http:\/\/www.24baires.com\/?p=57110","url_meta":{"origin":57056,"position":5},"title":"Tras los incidentes, la Legislatura aprob\u00f3 el presupuesto bonaerense 2015","author":"AF","date":"14\/11\/2014","format":false,"excerpt":"El Poder Legislativo provincial aprob\u00f3 las leyes de Presupuesto e Impositiva, que prev\u00e9n gastos por m\u00e1s de 246.000 millones de pesos y un aumento del orden del 30 por ciento en los impuestos Inmobiliario Rural y Urbano. Hubo incidentes con militantes identificados con Mario Ishii. Los proyectos fueron aprobados primero\u2026","rel":"","context":"En \u00abEconom\u00eda\u00bb","block_context":{"text":"Econom\u00eda","link":"http:\/\/www.24baires.com\/?cat=45"},"img":{"alt_text":"","src":"","width":0,"height":0},"classes":[]}],"jetpack_sharing_enabled":true,"jetpack_likes_enabled":true,"jetpack_featured_media_url":"","_links":{"self":[{"href":"http:\/\/www.24baires.com\/index.php?rest_route=\/wp\/v2\/posts\/57056","targetHints":{"allow":["GET"]}}],"collection":[{"href":"http:\/\/www.24baires.com\/index.php?rest_route=\/wp\/v2\/posts"}],"about":[{"href":"http:\/\/www.24baires.com\/index.php?rest_route=\/wp\/v2\/types\/post"}],"author":[{"embeddable":true,"href":"http:\/\/www.24baires.com\/index.php?rest_route=\/wp\/v2\/users\/4"}],"replies":[{"embeddable":true,"href":"http:\/\/www.24baires.com\/index.php?rest_route=%2Fwp%2Fv2%2Fcomments&post=57056"}],"version-history":[{"count":3,"href":"http:\/\/www.24baires.com\/index.php?rest_route=\/wp\/v2\/posts\/57056\/revisions"}],"predecessor-version":[{"id":57059,"href":"http:\/\/www.24baires.com\/index.php?rest_route=\/wp\/v2\/posts\/57056\/revisions\/57059"}],"wp:attachment":[{"href":"http:\/\/www.24baires.com\/index.php?rest_route=%2Fwp%2Fv2%2Fmedia&parent=57056"}],"wp:term":[{"taxonomy":"category","embeddable":true,"href":"http:\/\/www.24baires.com\/index.php?rest_route=%2Fwp%2Fv2%2Fcategories&post=57056"},{"taxonomy":"post_tag","embeddable":true,"href":"http:\/\/www.24baires.com\/index.php?rest_route=%2Fwp%2Fv2%2Ftags&post=57056"}],"curies":[{"name":"wp","href":"https:\/\/api.w.org\/{rel}","templated":true}]}}