{"id":57003,"date":"2014-11-12T15:15:09","date_gmt":"2014-11-12T18:15:09","guid":{"rendered":"http:\/\/www.24baires.com\/?p=57003"},"modified":"2014-11-13T10:21:13","modified_gmt":"2014-11-13T13:21:13","slug":"codigo-procesal-penal-el-oficialismo-obtuvo-dictamen-en-el-senado","status":"publish","type":"post","link":"http:\/\/www.24baires.com\/?p=57003","title":{"rendered":"C\u00f3digo Procesal Penal: el oficialismo obtuvo dictamen en el Senado"},"content":{"rendered":"<p><img data-recalc-dims=\"1\" loading=\"lazy\" decoding=\"async\" class=\"aligncenter wp-image-55828\" src=\"https:\/\/i0.wp.com\/www.24baires.com\/wp-content\/uploads\/2014\/10\/an%C3%ADbal-senado.jpg?resize=560%2C372\" alt=\"an\u00edbal senado\" width=\"560\" height=\"372\" srcset=\"https:\/\/i0.wp.com\/www.24baires.com\/wp-content\/uploads\/2014\/10\/an%C3%ADbal-senado.jpg?w=510 510w, https:\/\/i0.wp.com\/www.24baires.com\/wp-content\/uploads\/2014\/10\/an%C3%ADbal-senado.jpg?resize=300%2C199 300w\" sizes=\"auto, (max-width: 560px) 100vw, 560px\" \/>De esta manera, el oficialismo buscar\u00e1 tratar el pr\u00f3ximo mi\u00e9rcoles en el recinto el proyecto que incorpor\u00f3 m\u00e1s de cuarenta modificaciones a la iniciativa enviada por el Poder Ejecutivo.<!--more--><\/p>\n<p>El oficialismo en el Senado pas\u00f3 a la firma esta tarde el dictamen de reforma del C\u00f3digo Procesal Penal en el marco de un plenario de comisiones.<\/p>\n<p>De esta manera, el oficialismo buscar\u00e1 tratar el pr\u00f3ximo mi\u00e9rcoles en el recinto el proyecto que incorpor\u00f3 m\u00e1s de cuarenta modificaciones a la iniciativa enviada por el Poder Ejecutivo.<\/p>\n<p>&nbsp;<\/p>\n<p>&nbsp;<\/p>\n<p>&nbsp;<\/p>\n<p>&nbsp;<\/p>\n<p>&nbsp;<\/p>\n<p>&nbsp;<\/p>\n<p>&nbsp;<\/p>\n<p>&nbsp;<\/p>\n<p>&nbsp;<\/p>\n","protected":false},"excerpt":{"rendered":"<p>De esta manera, el oficialismo buscar\u00e1 tratar el pr\u00f3ximo mi\u00e9rcoles en el recinto el proyecto que incorpor\u00f3 m\u00e1s de cuarenta modificaciones a la iniciativa enviada por el Poder Ejecutivo.<\/p>\n","protected":false},"author":8,"featured_media":0,"comment_status":"open","ping_status":"open","sticky":false,"template":"","format":"standard","meta":{"_jetpack_newsletter_access":"","_jetpack_dont_email_post_to_subs":false,"_jetpack_newsletter_tier_id":0,"_jetpack_memberships_contains_paywalled_content":false,"_jetpack_memberships_contains_paid_content":false,"footnotes":""},"categories":[51],"tags":[],"class_list":["post-57003","post","type-post","status-publish","format-standard","hentry","category-politica"],"jetpack_shortlink":"https:\/\/wp.me\/p2JWE0-ePp","jetpack-related-posts":[{"id":9516,"url":"http:\/\/www.24baires.com\/?p=9516","url_meta":{"origin":57003,"position":0},"title":"Este martes se inicia el debate en el Congreso del proyecto sobre Trata de Personas","author":"Grupo Sierra","date":"17\/12\/2012","format":false,"excerpt":"El debate del proyecto fue incluido en el temario de convocatoria a sesiones extraordinarias del Congreso enviado la semana pasada por el Poder Ejecutivo, luego de conocerse el fallo de la justicia tucumana que absolvi\u00f3 a los 13 acusados por el secuestro y desaparici\u00f3n de Marita Ver\u00f3n. El debate en\u2026","rel":"","context":"En \u00abPol\u00edtica\u00bb","block_context":{"text":"Pol\u00edtica","link":"http:\/\/www.24baires.com\/?cat=51"},"img":{"alt_text":"","src":"","width":0,"height":0},"classes":[]},{"id":116071,"url":"http:\/\/www.24baires.com\/?p=116071","url_meta":{"origin":57003,"position":1},"title":"La Reforma Judicial llega al recinto del Senado este jueves","author":"GB","date":"26\/08\/2020","format":false,"excerpt":"Hay fuertes rumores de acuerdo entre el oficialismo y un pu\u00f1ado de legisladores de Juntos por el Cambio que estar\u00edan dispuestos a acompa\u00f1ar el proyecto si hay modificaciones La C\u00e1mara de Senadores de la Naci\u00f3n debatier\u00e1 este jueves en sesi\u00f3n especial el proyecto de Ley de Reforma Judicial impulsado por\u2026","rel":"","context":"En \u00abPol\u00edtica\u00bb","block_context":{"text":"Pol\u00edtica","link":"http:\/\/www.24baires.com\/?cat=51"},"img":{"alt_text":"","src":"https:\/\/i0.wp.com\/www.24baires.com\/wp-content\/uploads\/2020\/06\/senado.jpg?resize=350%2C200","width":350,"height":200,"srcset":"https:\/\/i0.wp.com\/www.24baires.com\/wp-content\/uploads\/2020\/06\/senado.jpg?resize=350%2C200 1x, https:\/\/i0.wp.com\/www.24baires.com\/wp-content\/uploads\/2020\/06\/senado.jpg?resize=525%2C300 1.5x"},"classes":[]},{"id":116007,"url":"http:\/\/www.24baires.com\/?p=116007","url_meta":{"origin":57003,"position":2},"title":"La Reforma Judicial llegar\u00e1 al recinto la semana que viene","author":"GB","date":"20\/08\/2020","format":false,"excerpt":"La iniciativa cont\u00f3 con el apoyo de los legisladores del Frente de Todos, en tanto que el interbloque de Juntos por el Cambio y sus aliados se opusieron, lo que gener\u00f3 varios cruces con el oficialismo. El proyecto de Ley de Reforma Judicial enviado por el Poder Ejecutivo y que\u2026","rel":"","context":"En \u00abPol\u00edtica\u00bb","block_context":{"text":"Pol\u00edtica","link":"http:\/\/www.24baires.com\/?cat=51"},"img":{"alt_text":"","src":"https:\/\/i0.wp.com\/www.24baires.com\/wp-content\/uploads\/2020\/05\/diputados-virtual.jpg?resize=350%2C200","width":350,"height":200,"srcset":"https:\/\/i0.wp.com\/www.24baires.com\/wp-content\/uploads\/2020\/05\/diputados-virtual.jpg?resize=350%2C200 1x, https:\/\/i0.wp.com\/www.24baires.com\/wp-content\/uploads\/2020\/05\/diputados-virtual.jpg?resize=525%2C300 1.5x"},"classes":[]},{"id":57809,"url":"http:\/\/www.24baires.com\/?p=57809","url_meta":{"origin":57003,"position":3},"title":"Avanza el C\u00f3digo Procesal Penal y est\u00e1 cerca de ser ley","author":"Grupo Sierra","date":"27\/11\/2014","format":false,"excerpt":"El bloque de diputados del FPV consigui\u00f3 emitir dictamen al proyecto en un plenario de comisiones y buscar\u00e1 convertirlo en ley en una sesi\u00f3n especial que se realizar\u00e1 la semana pr\u00f3ximo. El ministro expuso los alcances de la iniciativa aprobada el pasado 19 de noviembre por el Senado, en el\u2026","rel":"","context":"En \u00abLegislativo\u00bb","block_context":{"text":"Legislativo","link":"http:\/\/www.24baires.com\/?cat=75"},"img":{"alt_text":"congreso","src":"https:\/\/i0.wp.com\/www.24baires.com\/wp-content\/uploads\/2014\/09\/congreso.jpg?resize=350%2C200","width":350,"height":200,"srcset":"https:\/\/i0.wp.com\/www.24baires.com\/wp-content\/uploads\/2014\/09\/congreso.jpg?resize=350%2C200 1x, https:\/\/i0.wp.com\/www.24baires.com\/wp-content\/uploads\/2014\/09\/congreso.jpg?resize=525%2C300 1.5x"},"classes":[]},{"id":121979,"url":"http:\/\/www.24baires.com\/?p=121979","url_meta":{"origin":57003,"position":4},"title":"El Gobierno oficializ\u00f3 el llamado a sesiones extraordinarias","author":"GB","date":"13\/01\/2025","format":false,"excerpt":"La agenda incluye proyectos pol\u00e9micos como la eliminaci\u00f3n de las PASO, la Ley Antimafias y el juicio en ausencia. Adem\u00e1s, busca consensos con la oposici\u00f3n para avanzar en iniciativas como Ficha Limpia y otras reformas clave. El Gobierno Nacional envi\u00f3 al Congreso de la Naci\u00f3n el listado de proyectos que\u2026","rel":"","context":"En \u00abPol\u00edtica\u00bb","block_context":{"text":"Pol\u00edtica","link":"http:\/\/www.24baires.com\/?cat=51"},"img":{"alt_text":"","src":"https:\/\/i0.wp.com\/www.24baires.com\/wp-content\/uploads\/2024\/09\/milei_6.jpg?resize=350%2C200","width":350,"height":200,"srcset":"https:\/\/i0.wp.com\/www.24baires.com\/wp-content\/uploads\/2024\/09\/milei_6.jpg?resize=350%2C200 1x, https:\/\/i0.wp.com\/www.24baires.com\/wp-content\/uploads\/2024\/09\/milei_6.jpg?resize=525%2C300 1.5x, https:\/\/i0.wp.com\/www.24baires.com\/wp-content\/uploads\/2024\/09\/milei_6.jpg?resize=700%2C400 2x"},"classes":[]},{"id":58168,"url":"http:\/\/www.24baires.com\/?p=58168","url_meta":{"origin":57003,"position":5},"title":"Extenso debate del C\u00f3digo Procesal Penal","author":"Grupo Sierra","date":"04\/12\/2014","format":false,"excerpt":"Desde el mediod\u00eda la C\u00e1mara baja debate, con qu\u00f3rum m\u00ednimo y en una sesi\u00f3n especial, el proyecto impulsado por el Ejecutivo. La jornada se extender\u00e1 hasta la madrugada. La C\u00e1mara baja comenz\u00f3 a sesionar pasadas las 12.20 para buscar convertir en ley el proyecto que crea un nuevo C\u00f3digo Procesal\u2026","rel":"","context":"En \u00abLegislativo\u00bb","block_context":{"text":"Legislativo","link":"http:\/\/www.24baires.com\/?cat=75"},"img":{"alt_text":"congreso exterior","src":"https:\/\/i0.wp.com\/www.24baires.com\/wp-content\/uploads\/2013\/10\/congreso-exterior.jpg?resize=350%2C200","width":350,"height":200,"srcset":"https:\/\/i0.wp.com\/www.24baires.com\/wp-content\/uploads\/2013\/10\/congreso-exterior.jpg?resize=350%2C200 1x, https:\/\/i0.wp.com\/www.24baires.com\/wp-content\/uploads\/2013\/10\/congreso-exterior.jpg?resize=525%2C300 1.5x"},"classes":[]}],"jetpack_sharing_enabled":true,"jetpack_likes_enabled":true,"jetpack_featured_media_url":"","_links":{"self":[{"href":"http:\/\/www.24baires.com\/index.php?rest_route=\/wp\/v2\/posts\/57003","targetHints":{"allow":["GET"]}}],"collection":[{"href":"http:\/\/www.24baires.com\/index.php?rest_route=\/wp\/v2\/posts"}],"about":[{"href":"http:\/\/www.24baires.com\/index.php?rest_route=\/wp\/v2\/types\/post"}],"author":[{"embeddable":true,"href":"http:\/\/www.24baires.com\/index.php?rest_route=\/wp\/v2\/users\/8"}],"replies":[{"embeddable":true,"href":"http:\/\/www.24baires.com\/index.php?rest_route=%2Fwp%2Fv2%2Fcomments&post=57003"}],"version-history":[{"count":1,"href":"http:\/\/www.24baires.com\/index.php?rest_route=\/wp\/v2\/posts\/57003\/revisions"}],"predecessor-version":[{"id":57004,"href":"http:\/\/www.24baires.com\/index.php?rest_route=\/wp\/v2\/posts\/57003\/revisions\/57004"}],"wp:attachment":[{"href":"http:\/\/www.24baires.com\/index.php?rest_route=%2Fwp%2Fv2%2Fmedia&parent=57003"}],"wp:term":[{"taxonomy":"category","embeddable":true,"href":"http:\/\/www.24baires.com\/index.php?rest_route=%2Fwp%2Fv2%2Fcategories&post=57003"},{"taxonomy":"post_tag","embeddable":true,"href":"http:\/\/www.24baires.com\/index.php?rest_route=%2Fwp%2Fv2%2Ftags&post=57003"}],"curies":[{"name":"wp","href":"https:\/\/api.w.org\/{rel}","templated":true}]}}