{"id":57001,"date":"2014-11-12T14:30:49","date_gmt":"2014-11-12T17:30:49","guid":{"rendered":"http:\/\/www.24baires.com\/?p=57001"},"modified":"2014-11-12T13:57:42","modified_gmt":"2014-11-12T16:57:42","slug":"diputados-busca-aprobar-el-proyecto-para-regular-la-fertilizacion-asistida","status":"publish","type":"post","link":"http:\/\/www.24baires.com\/?p=57001","title":{"rendered":"Diputados busca aprobar el proyecto para regular la fertilizaci\u00f3n asistida"},"content":{"rendered":"<p><img data-recalc-dims=\"1\" loading=\"lazy\" decoding=\"async\" class=\"aligncenter size-full wp-image-54620\" src=\"https:\/\/i0.wp.com\/www.24baires.com\/wp-content\/uploads\/2014\/10\/c%C3%B3digo-civil-diputados-c%C3%A1mara.jpg?resize=560%2C373\" alt=\"c\u00f3digo civil diputados c\u00e1mara\" width=\"560\" height=\"373\" srcset=\"https:\/\/i0.wp.com\/www.24baires.com\/wp-content\/uploads\/2014\/10\/c%C3%B3digo-civil-diputados-c%C3%A1mara.jpg?w=560 560w, https:\/\/i0.wp.com\/www.24baires.com\/wp-content\/uploads\/2014\/10\/c%C3%B3digo-civil-diputados-c%C3%A1mara.jpg?resize=300%2C199 300w\" sizes=\"auto, (max-width: 560px) 100vw, 560px\" \/>La C\u00e1mara de Diputados abri\u00f3 a las 13.10 una sesi\u00f3n especial para debatir m\u00e1s de una treintena de proyectos de ley, entre los que tambi\u00e9n se tratar\u00e1 la expropiaci\u00f3n de la confiter\u00eda del Molino y la iniciativa que proh\u00edbe en cualquier medio de comunicaci\u00f3n todo aviso que fomente la oferta sexual y la trata de personas con ese fin.<!--more--><\/p>\n<p>La C\u00e1mara de Diputados abri\u00f3 a las 13.10 una sesi\u00f3n especial para debatir m\u00e1s de una treintena de proyectos de ley, entre los que figuran la expropiaci\u00f3n de la confiter\u00eda del Molino, la creaci\u00f3n de dos juzgados en lo Penal Tributario, la conformaci\u00f3n de una agencia de nacional de laboratorios p\u00fablicos, una iniciativa sobre fertilizaci\u00f3n asistida, y la prohibici\u00f3n de publicidad de avisos de oferta sexual.<\/p>\n<p>La sesi\u00f3n presidida por su titular Juli\u00e1n Dom\u00ednguez comenz\u00f3 con la presencia de 170 diputados y debatir\u00e1 como primer tema la expropiaci\u00f3n de la hist\u00f3rica confiter\u00eda del Molino que depender\u00e1 del Congreso y con el objeto de convertir ese pintoresco edificio en un centro cultural.<\/p>\n<p>Adem\u00e1s, se votar\u00e1 el proyecto que declara de inter\u00e9s nacional y estrat\u00e9gico la actividad de los laboratorios p\u00fablicos dedicados a la investigaci\u00f3n y producci\u00f3n de medicamentos.<\/p>\n<p>Otro proyecto que se debatir\u00e1 en la sesi\u00f3n convocada para las 11.45 es el que transforma los juzgados nacionales en lo penal tributario en juzgados de instrucci\u00f3n en lo penal econ\u00f3mico.<\/p>\n<p>Se votar\u00e1n tambi\u00e9n los proyectos que establecen la licencia especial deportiva y un reconocimiento a trav\u00e9s de una compensaci\u00f3n econ\u00f3mica a favor de los ex agentes de Yacimientos Petrol\u00edferos Fiscales (YPF) que no adhirieron al programa de propiedad participada.<\/p>\n<p>La lista la completan el proyecto que instituye como el D\u00eda Nacional de los Valores Villeros al 7 de octubre, en homenaje al padre Carlos Mugica en el aniversario de su nacimiento.<\/p>\n<p>La creaci\u00f3n de la Universidad de la Defensa, un subsidio por desempleo para trabajadores no registrados y la obligaci\u00f3n para los fabricantes de autom\u00f3viles de incluir matafuegos y balizas en el rodado, tambi\u00e9n ser\u00e1n puestos a consideraci\u00f3n.<\/p>\n<p>El proyecto sobre radicaci\u00f3n y creaci\u00f3n de establecimientos para la instauraci\u00f3n de un r\u00e9gimen de envasado en origen de la yerba mate o ilex paraguarienses en la regi\u00f3n productora gener\u00f3 discrepancias entre los diputados misioneros y los de la regi\u00f3n pampeana, por lo que hoy se continuar\u00e1 analizando si se lo deja o se lo excluye del temario.<\/p>\n<p>&nbsp;<\/p>\n<p>&nbsp;<\/p>\n<p>&nbsp;<\/p>\n<p>&nbsp;<\/p>\n<p>&nbsp;<\/p>\n<p>&nbsp;<\/p>\n<p>&nbsp;<\/p>\n<p>&nbsp;<\/p>\n<p>&nbsp;<\/p>\n<p>&nbsp;<\/p>\n<p>&nbsp;<\/p>\n<p>&nbsp;<\/p>\n<p>&nbsp;<\/p>\n<p>&nbsp;<\/p>\n<p>&nbsp;<\/p>\n<p>&nbsp;<\/p>\n<p>&nbsp;<\/p>\n<p>&nbsp;<\/p>\n","protected":false},"excerpt":{"rendered":"<p>La C\u00e1mara de Diputados abri\u00f3 a las 13.10 una sesi\u00f3n especial para debatir m\u00e1s de una treintena de proyectos de ley, entre los que tambi\u00e9n se tratar\u00e1 la expropiaci\u00f3n de la confiter\u00eda del Molino y la iniciativa que proh\u00edbe en cualquier medio de comunicaci\u00f3n todo aviso que fomente la oferta sexual y la trata de personas con ese fin.<\/p>\n","protected":false},"author":8,"featured_media":0,"comment_status":"open","ping_status":"open","sticky":false,"template":"","format":"standard","meta":{"_jetpack_newsletter_access":"","_jetpack_dont_email_post_to_subs":false,"_jetpack_newsletter_tier_id":0,"_jetpack_memberships_contains_paywalled_content":false,"_jetpack_memberships_contains_paid_content":false,"footnotes":""},"categories":[51],"tags":[],"class_list":["post-57001","post","type-post","status-publish","format-standard","hentry","category-politica"],"jetpack_shortlink":"https:\/\/wp.me\/p2JWE0-ePn","jetpack-related-posts":[{"id":10860,"url":"http:\/\/www.24baires.com\/?p=10860","url_meta":{"origin":57001,"position":0},"title":"El a\u00f1o legislativo, mes a mes","author":"AF","date":"30\/12\/2012","format":false,"excerpt":"De marzo a diciembre, ambas C\u00e1maras del Congreso Nacional aprobaron y sancionaron m\u00faltiples proyectos de ley, resoluci\u00f3n y declaraci\u00f3n. En un repaso mes a mes, el recorrido de los acontecimientos que marcaron el a\u00f1o legislativo. Marzo Apertura per\u00edodo ordinario 130\u00ba. La presidenta Cristina Fern\u00e1ndez inaugur\u00f3 por quinta vez consecutiva el\u2026","rel":"","context":"En \u00abSociedad\u00bb","block_context":{"text":"Sociedad","link":"http:\/\/www.24baires.com\/?cat=1"},"img":{"alt_text":"","src":"","width":0,"height":0},"classes":[]},{"id":49573,"url":"http:\/\/www.24baires.com\/?p=49573","url_meta":{"origin":57001,"position":1},"title":"Avanzan los cambios a Ley de Fertilizaci\u00f3n Asistida","author":"GB","date":"09\/07\/2014","format":false,"excerpt":"La Comisi\u00f3n de Salud P\u00fablica de la C\u00e1mara de Diputados, dio dictamen favorable por unanimidad al proyecto legislativo del Senador Luciano Martini (FpV-PJ) que busca ampliar los criterios t\u00e9cnicos y el alcance de la normativa vigente, en concordancia con la ley nacional recientemente promulgada. La iniciativa que ya logr\u00f3 la\u2026","rel":"","context":"En \u00abPol\u00edtica\u00bb","block_context":{"text":"Pol\u00edtica","link":"http:\/\/www.24baires.com\/?cat=51"},"img":{"alt_text":"","src":"","width":0,"height":0},"classes":[]},{"id":46396,"url":"http:\/\/www.24baires.com\/?p=46396","url_meta":{"origin":57001,"position":2},"title":"Piden que se adec\u00fae en la provincia la ley nacional de Fertilizaci\u00f3n","author":"Grupo Sierra","date":"20\/05\/2014","format":false,"excerpt":"La Asociaci\u00f3n \u201cSumate a dar vida\u201d inici\u00f3 una activa campa\u00f1a para que la C\u00e1mara de Diputados de la provincia de Buenos Aires avance con la adecuaci\u00f3n de la ley de Fertilizaci\u00f3n Asistida, en concordancia con la norma nacional recientemente promulgada. La adecuaci\u00f3n a la ley nacional, impulsada por el senador\u2026","rel":"","context":"En \u00abSociedad\u00bb","block_context":{"text":"Sociedad","link":"http:\/\/www.24baires.com\/?cat=1"},"img":{"alt_text":"fertilizacion asistida2","src":"https:\/\/i0.wp.com\/www.24baires.com\/wp-content\/uploads\/2013\/06\/fertilizacion-asistida2.jpg?resize=350%2C200","width":350,"height":200,"srcset":"https:\/\/i0.wp.com\/www.24baires.com\/wp-content\/uploads\/2013\/06\/fertilizacion-asistida2.jpg?resize=350%2C200 1x, https:\/\/i0.wp.com\/www.24baires.com\/wp-content\/uploads\/2013\/06\/fertilizacion-asistida2.jpg?resize=525%2C300 1.5x"},"classes":[]},{"id":35274,"url":"http:\/\/www.24baires.com\/?p=35274","url_meta":{"origin":57001,"position":3},"title":"La Bicameral emitir\u00eda dictamen favorable por el Nuevo C\u00f3digo Civil y Comercial","author":"Grupo Sierra","date":"16\/11\/2013","format":false,"excerpt":"La Comisi\u00f3n Bicameral Especial para la Unificaci\u00f3n de los C\u00f3digos Civil y Comercial avanzar\u00e1 la semana pr\u00f3xima con la firma del dictamen de los anteproyectos de ley ingresados en el Congreso. Seg\u00fan fuentes de ambos bloques del Frente para la Victoria, el kirchnerismo decidi\u00f3 que pasar\u00e1 a la firma el\u2026","rel":"","context":"En \u00abPol\u00edtica\u00bb","block_context":{"text":"Pol\u00edtica","link":"http:\/\/www.24baires.com\/?cat=51"},"img":{"alt_text":"congreso exterior","src":"https:\/\/i0.wp.com\/www.24baires.com\/wp-content\/uploads\/2013\/10\/congreso-exterior.jpg?resize=350%2C200","width":350,"height":200,"srcset":"https:\/\/i0.wp.com\/www.24baires.com\/wp-content\/uploads\/2013\/10\/congreso-exterior.jpg?resize=350%2C200 1x, https:\/\/i0.wp.com\/www.24baires.com\/wp-content\/uploads\/2013\/10\/congreso-exterior.jpg?resize=525%2C300 1.5x"},"classes":[]},{"id":54617,"url":"http:\/\/www.24baires.com\/?p=54617","url_meta":{"origin":57001,"position":4},"title":"Es ley la reforma al C\u00f3digo Civil","author":"Grupo Sierra","date":"01\/10\/2014","format":false,"excerpt":"El proyecto obtuvo el voto favorable del oficialismo y sus aliados, en una sesi\u00f3n especial en Diputados, en la cual los bloques opositores decidieron no participar del hist\u00f3rico debate. La iniciativa que moderniza y unifica el c\u00f3digo Civil y Comercial, de 1869, fue sancionado con el voto de 134 legisladores\u2026","rel":"","context":"En \u00abSociedad\u00bb","block_context":{"text":"Sociedad","link":"http:\/\/www.24baires.com\/?cat=1"},"img":{"alt_text":"","src":"https:\/\/i0.wp.com\/www.24baires.com\/wp-content\/uploads\/2014\/10\/c%C3%B3digo-civil-diputados-c%C3%A1mara.jpg?resize=350%2C200","width":350,"height":200,"srcset":"https:\/\/i0.wp.com\/www.24baires.com\/wp-content\/uploads\/2014\/10\/c%C3%B3digo-civil-diputados-c%C3%A1mara.jpg?resize=350%2C200 1x, https:\/\/i0.wp.com\/www.24baires.com\/wp-content\/uploads\/2014\/10\/c%C3%B3digo-civil-diputados-c%C3%A1mara.jpg?resize=525%2C300 1.5x"},"classes":[]},{"id":25127,"url":"http:\/\/www.24baires.com\/?p=25127","url_meta":{"origin":57001,"position":5},"title":"Hoy se convertir\u00e1 en Ley el proyecto de fertilizaci\u00f3n asistida","author":"AF","date":"05\/06\/2013","format":false,"excerpt":"Diputados aprobar\u00e1 le iniciativa que obliga a las obras sociales, prepagas y al sistema p\u00fablico a brindar cobertura gratuita. La C\u00e1mara de Diputados aprobar\u00e1 hoy el proyecto de ley de Fertilizaci\u00f3n Asistida que obliga a las obras sociales, empresas de medicina prepaga y al sistema de salud p\u00fablica a brindar\u2026","rel":"","context":"En \u00abSociedad\u00bb","block_context":{"text":"Sociedad","link":"http:\/\/www.24baires.com\/?cat=1"},"img":{"alt_text":"","src":"","width":0,"height":0},"classes":[]}],"jetpack_sharing_enabled":true,"jetpack_likes_enabled":true,"jetpack_featured_media_url":"","_links":{"self":[{"href":"http:\/\/www.24baires.com\/index.php?rest_route=\/wp\/v2\/posts\/57001","targetHints":{"allow":["GET"]}}],"collection":[{"href":"http:\/\/www.24baires.com\/index.php?rest_route=\/wp\/v2\/posts"}],"about":[{"href":"http:\/\/www.24baires.com\/index.php?rest_route=\/wp\/v2\/types\/post"}],"author":[{"embeddable":true,"href":"http:\/\/www.24baires.com\/index.php?rest_route=\/wp\/v2\/users\/8"}],"replies":[{"embeddable":true,"href":"http:\/\/www.24baires.com\/index.php?rest_route=%2Fwp%2Fv2%2Fcomments&post=57001"}],"version-history":[{"count":1,"href":"http:\/\/www.24baires.com\/index.php?rest_route=\/wp\/v2\/posts\/57001\/revisions"}],"predecessor-version":[{"id":57002,"href":"http:\/\/www.24baires.com\/index.php?rest_route=\/wp\/v2\/posts\/57001\/revisions\/57002"}],"wp:attachment":[{"href":"http:\/\/www.24baires.com\/index.php?rest_route=%2Fwp%2Fv2%2Fmedia&parent=57001"}],"wp:term":[{"taxonomy":"category","embeddable":true,"href":"http:\/\/www.24baires.com\/index.php?rest_route=%2Fwp%2Fv2%2Fcategories&post=57001"},{"taxonomy":"post_tag","embeddable":true,"href":"http:\/\/www.24baires.com\/index.php?rest_route=%2Fwp%2Fv2%2Ftags&post=57001"}],"curies":[{"name":"wp","href":"https:\/\/api.w.org\/{rel}","templated":true}]}}