{"id":56997,"date":"2014-11-12T13:39:20","date_gmt":"2014-11-12T16:39:20","guid":{"rendered":"http:\/\/www.24baires.com\/?p=56997"},"modified":"2014-11-12T13:39:20","modified_gmt":"2014-11-12T16:39:20","slug":"insaurralde-sigue-siendo-parte-del-frente-para-la-victoria-aclaro-scioli","status":"publish","type":"post","link":"http:\/\/www.24baires.com\/?p=56997","title":{"rendered":"\u00abInsaurralde sigue siendo parte del Frente para la Victoria\u00bb, aclar\u00f3 Scioli"},"content":{"rendered":"<p><img data-recalc-dims=\"1\" loading=\"lazy\" decoding=\"async\" class=\"aligncenter size-full wp-image-52695\" src=\"https:\/\/i0.wp.com\/www.24baires.com\/wp-content\/uploads\/2014\/08\/scioli5.jpg?resize=560%2C280\" alt=\"scioli5\" width=\"560\" height=\"280\" srcset=\"https:\/\/i0.wp.com\/www.24baires.com\/wp-content\/uploads\/2014\/08\/scioli5.jpg?w=560 560w, https:\/\/i0.wp.com\/www.24baires.com\/wp-content\/uploads\/2014\/08\/scioli5.jpg?resize=300%2C150 300w\" sizes=\"auto, (max-width: 560px) 100vw, 560px\" \/>El gobernador bonaerense remarc\u00f3 que el diputado \u00abnunca ha dicho lo contrario ni ha actuado en sentido contrario\u00bb. Adem\u00e1s, consider\u00f3 \u00abinjustas\u00bb las cr\u00edticas por el festejo de su casamiento con la modelo J\u00e9sica Cirio.<!--more--><\/p>\n<p>Daniel Scioli, dijo que el diputado Mart\u00edn Insaurralde \u00absigue siendo parte del Frente para la Victoria (FPV)\u00bb y afirm\u00f3 que \u00abnunca ha dicho lo contrario ni nunca ha actuado en forma contraria\u00bb.<\/p>\n<p>En declaraciones a radio La Red, el gobernador bonaerense consider\u00f3 \u00abinjustas\u00bb las cr\u00edticas al diputado por el festejo de su casamiento con la modelo J\u00e9sica Cirio, pidi\u00f3 respetar \u00abla familia que form\u00f3\u00bb y le dese\u00f3 \u00ablo mejor\u00bb a la pareja.<\/p>\n<p>\u00abMart\u00ed\u00adn viene participando en este espacio pol\u00edtico, que muestra un gran vigor y competitividad electoral, a partir de la diversidad y la pluralidad de la que se nutre. Desde Lomas de Zamora y desde su banca, viene sosteniendo y acompa\u00f1ando esta posici\u00f3n\u00bb, destac\u00f3 el gobernador bonaerense.<\/p>\n<p>En ese marco, Scioli dijo que hay que \u00abrespetar que \u00e9l tiene sus formas, su impronta, su estilo y su personalidad\u00bb remarc\u00f3 que \u00abnunca ha dicho lo contrario ni ha actuado en sentido contrario\u00bb a su pertenencia al FPV.<\/p>\n<p>Sobre su candidatura presidencial para el 2015, Scioli dijo que el FPV \u00abest\u00e1 movilizado, con una clara voluntad y responsabilidad de encarar el pr\u00f3ximo cap\u00edtulo de este proyecto, que es la etapa del desarrollo\u00bb.<\/p>\n<p>\u00abLa Presidenta (Cristina Fern\u00e1ndez de Kirchner) trabaja con un gran sentido de responsabilidad y tenacidad para dejar un pa\u00eds desendeudado y organizado\u00bb, sostuvo y, en ese marco, dijo que su postulaci\u00f3n representa la \u00abconfianza y la experiencia\u00bb que se necesita.<\/p>\n<p>&nbsp;<\/p>\n<p>&nbsp;<\/p>\n<p>&nbsp;<\/p>\n<p>&nbsp;<\/p>\n<p>&nbsp;<\/p>\n<p>&nbsp;<\/p>\n<p>&nbsp;<\/p>\n<p>&nbsp;<\/p>\n<p>&nbsp;<\/p>\n<p>&nbsp;<\/p>\n","protected":false},"excerpt":{"rendered":"<p>El gobernador bonaerense remarc\u00f3 que el diputado \u00abnunca ha dicho lo contrario ni ha actuado en sentido contrario\u00bb. Adem\u00e1s, consider\u00f3 \u00abinjustas\u00bb las cr\u00edticas por el festejo de su casamiento con la modelo J\u00e9sica Cirio.<\/p>\n","protected":false},"author":8,"featured_media":0,"comment_status":"open","ping_status":"open","sticky":false,"template":"","format":"standard","meta":{"_jetpack_newsletter_access":"","_jetpack_dont_email_post_to_subs":false,"_jetpack_newsletter_tier_id":0,"_jetpack_memberships_contains_paywalled_content":false,"_jetpack_memberships_contains_paid_content":false,"footnotes":""},"categories":[51],"tags":[],"class_list":["post-56997","post","type-post","status-publish","format-standard","hentry","category-politica"],"jetpack_shortlink":"https:\/\/wp.me\/p2JWE0-ePj","jetpack-related-posts":[{"id":46451,"url":"http:\/\/www.24baires.com\/?p=46451","url_meta":{"origin":56997,"position":0},"title":"Pol\u00e9mica: Insaurralde tild\u00f3 a Kunkel de \u00abgorila\u00bb","author":"Grupo Sierra","date":"21\/05\/2014","format":false,"excerpt":"El diputado kirchnerista le contest\u00f3 a su par, quien hab\u00eda tratado de \"bataclana\" a la modelo J\u00e9sica Cirio. \"Me pareci\u00f3 muy machista\", lanz\u00f3. El diputado Mart\u00edn Insaurralde (Frente para la Victoria) consider\u00f3 hoy \"machistas, retr\u00f3gradas y hasta gorilas\" las declaraciones de su compa\u00f1ero de bancada Carlos Kunkel, y lo tild\u00f3\u2026","rel":"","context":"En \u00abPol\u00edtica\u00bb","block_context":{"text":"Pol\u00edtica","link":"http:\/\/www.24baires.com\/?cat=51"},"img":{"alt_text":"insaurralde","src":"https:\/\/i0.wp.com\/www.24baires.com\/wp-content\/uploads\/2013\/08\/insaurralde.jpg?resize=350%2C200","width":350,"height":200,"srcset":"https:\/\/i0.wp.com\/www.24baires.com\/wp-content\/uploads\/2013\/08\/insaurralde.jpg?resize=350%2C200 1x, https:\/\/i0.wp.com\/www.24baires.com\/wp-content\/uploads\/2013\/08\/insaurralde.jpg?resize=525%2C300 1.5x"},"classes":[]},{"id":56798,"url":"http:\/\/www.24baires.com\/?p=56798","url_meta":{"origin":56997,"position":1},"title":"\u00abCirio es la reencarnaci\u00f3n de Evita\u00bb","author":"Grupo Sierra","date":"08\/11\/2014","format":false,"excerpt":"El abogado Fernando Burlando compar\u00f3 a la flamante esposa de Insaurralde, J\u00e9sica Cirio, con la mujer de Per\u00f3n. Pol\u00e9mica. \"S\u00ed, me la imagino como primera dama de la Provincia de Buenos Aires\", respondi\u00f3 Burlando cuando le preguntaron por el rol que puede llegar a ocupar su amiga. Respecto a los\u2026","rel":"","context":"En \u00abEspectaculos\u00bb","block_context":{"text":"Espectaculos","link":"http:\/\/www.24baires.com\/?cat=41"},"img":{"alt_text":"","src":"https:\/\/i0.wp.com\/www.24baires.com\/wp-content\/uploads\/2014\/11\/cirio-insau.jpg?resize=350%2C200","width":350,"height":200,"srcset":"https:\/\/i0.wp.com\/www.24baires.com\/wp-content\/uploads\/2014\/11\/cirio-insau.jpg?resize=350%2C200 1x, https:\/\/i0.wp.com\/www.24baires.com\/wp-content\/uploads\/2014\/11\/cirio-insau.jpg?resize=525%2C300 1.5x"},"classes":[]},{"id":51178,"url":"http:\/\/www.24baires.com\/?p=51178","url_meta":{"origin":56997,"position":2},"title":"D&#8217; El\u00eda tild\u00f3 a Insaurralde de \u00abhueco\u00bb y \u00absin valores\u00bb","author":"AF","date":"05\/08\/2014","format":false,"excerpt":"El dirigente kirchnerista Luis D El\u00eda cruz\u00f3 duramente al diputado nacional Mart\u00edn Insaurralde, a quien tild\u00f3 como \"hueco y sin valores\", al tiempo que asegur\u00f3 que su \"target noventista es una rid\u00edcula r\u00e9mora del pasado\". \"Menemismo. El target noventista de Mart\u00edn Insaurralde es una rid\u00edcula r\u00e9mora del pasado. Hueco, sin\u2026","rel":"","context":"En \u00abPol\u00edtica\u00bb","block_context":{"text":"Pol\u00edtica","link":"http:\/\/www.24baires.com\/?cat=51"},"img":{"alt_text":"","src":"https:\/\/i0.wp.com\/www.24baires.com\/wp-content\/uploads\/2014\/08\/luis-d-elia.jpg?resize=350%2C200","width":350,"height":200,"srcset":"https:\/\/i0.wp.com\/www.24baires.com\/wp-content\/uploads\/2014\/08\/luis-d-elia.jpg?resize=350%2C200 1x, https:\/\/i0.wp.com\/www.24baires.com\/wp-content\/uploads\/2014\/08\/luis-d-elia.jpg?resize=525%2C300 1.5x"},"classes":[]},{"id":55790,"url":"http:\/\/www.24baires.com\/?p=55790","url_meta":{"origin":56997,"position":3},"title":"Montoya y Tinelli, del odio al amor","author":"Grupo Sierra","date":"21\/10\/2014","format":false,"excerpt":"El presidente del Grupo Provincia olvid\u00f3 por unos instantes las agudas cr\u00edticas que le hizo a Mart\u00edn Insaurralde por aparecer en el ShowMatch del \"cuervo\" y ahora le toc\u00f3 el turno a \u00e9l mismo en mostrarse junto al conductor televisivo y sacar r\u00e9dito de su imagen. Aunque con la excusa\u2026","rel":"","context":"En \u00abPol\u00edtica\u00bb","block_context":{"text":"Pol\u00edtica","link":"http:\/\/www.24baires.com\/?cat=51"},"img":{"alt_text":"","src":"https:\/\/i0.wp.com\/www.24baires.com\/wp-content\/uploads\/2014\/10\/tinelli-montoya.jpg?resize=350%2C200","width":350,"height":200,"srcset":"https:\/\/i0.wp.com\/www.24baires.com\/wp-content\/uploads\/2014\/10\/tinelli-montoya.jpg?resize=350%2C200 1x, https:\/\/i0.wp.com\/www.24baires.com\/wp-content\/uploads\/2014\/10\/tinelli-montoya.jpg?resize=525%2C300 1.5x"},"classes":[]},{"id":35299,"url":"http:\/\/www.24baires.com\/?p=35299","url_meta":{"origin":56997,"position":4},"title":"\u00abHay cosas que las tomo con total naturalidad\u00bb asegur\u00f3 Scioli","author":"GB","date":"17\/11\/2013","format":false,"excerpt":"El gobernador de la provincia de Buenos Aires le quit\u00f3 dramatismo al encuentro entre el diputado electo por el Frente Renovador, Sergio Massa, y el legislador electo del Frente Para la Victoria, Mart\u00edn Insaurralde, en el marco de un desfile en Tigre. El gobernador de la provincia de Buenos Aires,\u2026","rel":"","context":"En \u00abPol\u00edtica\u00bb","block_context":{"text":"Pol\u00edtica","link":"http:\/\/www.24baires.com\/?cat=51"},"img":{"alt_text":"Scioli avallaneda","src":"https:\/\/i0.wp.com\/www.24baires.com\/wp-content\/uploads\/2013\/10\/Scioli-avallaneda.jpg?resize=350%2C200","width":350,"height":200,"srcset":"https:\/\/i0.wp.com\/www.24baires.com\/wp-content\/uploads\/2013\/10\/Scioli-avallaneda.jpg?resize=350%2C200 1x, https:\/\/i0.wp.com\/www.24baires.com\/wp-content\/uploads\/2013\/10\/Scioli-avallaneda.jpg?resize=525%2C300 1.5x"},"classes":[]},{"id":115449,"url":"http:\/\/www.24baires.com\/?p=115449","url_meta":{"origin":56997,"position":5},"title":"Insaurralde fue dado de alta tras contraer coronavirus","author":"AF","date":"24\/06\/2020","format":false,"excerpt":"El intendente de Lomas de Zamora seguir\u00e1 el tratamiento en su casa. Estaba internado en el Hospital Lavallol desde el 12 de junio. Mart\u00edn Insaurralde recibi\u00f3 el alta m\u00e9dica y continuar\u00e1 con recuperaci\u00f3n domiciliaria tras haber contra\u00eddo coronavirus. El intendente de Lomas de Zamora pas\u00f3 trece d\u00edas en el Hospital\u2026","rel":"","context":"En \u00abSociedad\u00bb","block_context":{"text":"Sociedad","link":"http:\/\/www.24baires.com\/?cat=1"},"img":{"alt_text":"","src":"https:\/\/i0.wp.com\/www.24baires.com\/wp-content\/uploads\/2014\/01\/Insaurralde-en-Pinamar.jpg?resize=350%2C200","width":350,"height":200,"srcset":"https:\/\/i0.wp.com\/www.24baires.com\/wp-content\/uploads\/2014\/01\/Insaurralde-en-Pinamar.jpg?resize=350%2C200 1x, https:\/\/i0.wp.com\/www.24baires.com\/wp-content\/uploads\/2014\/01\/Insaurralde-en-Pinamar.jpg?resize=525%2C300 1.5x"},"classes":[]}],"jetpack_sharing_enabled":true,"jetpack_likes_enabled":true,"jetpack_featured_media_url":"","_links":{"self":[{"href":"http:\/\/www.24baires.com\/index.php?rest_route=\/wp\/v2\/posts\/56997","targetHints":{"allow":["GET"]}}],"collection":[{"href":"http:\/\/www.24baires.com\/index.php?rest_route=\/wp\/v2\/posts"}],"about":[{"href":"http:\/\/www.24baires.com\/index.php?rest_route=\/wp\/v2\/types\/post"}],"author":[{"embeddable":true,"href":"http:\/\/www.24baires.com\/index.php?rest_route=\/wp\/v2\/users\/8"}],"replies":[{"embeddable":true,"href":"http:\/\/www.24baires.com\/index.php?rest_route=%2Fwp%2Fv2%2Fcomments&post=56997"}],"version-history":[{"count":1,"href":"http:\/\/www.24baires.com\/index.php?rest_route=\/wp\/v2\/posts\/56997\/revisions"}],"predecessor-version":[{"id":56998,"href":"http:\/\/www.24baires.com\/index.php?rest_route=\/wp\/v2\/posts\/56997\/revisions\/56998"}],"wp:attachment":[{"href":"http:\/\/www.24baires.com\/index.php?rest_route=%2Fwp%2Fv2%2Fmedia&parent=56997"}],"wp:term":[{"taxonomy":"category","embeddable":true,"href":"http:\/\/www.24baires.com\/index.php?rest_route=%2Fwp%2Fv2%2Fcategories&post=56997"},{"taxonomy":"post_tag","embeddable":true,"href":"http:\/\/www.24baires.com\/index.php?rest_route=%2Fwp%2Fv2%2Ftags&post=56997"}],"curies":[{"name":"wp","href":"https:\/\/api.w.org\/{rel}","templated":true}]}}