{"id":56994,"date":"2014-11-12T13:00:15","date_gmt":"2014-11-12T16:00:15","guid":{"rendered":"http:\/\/www.24baires.com\/?p=56994"},"modified":"2014-11-12T12:41:19","modified_gmt":"2014-11-12T15:41:19","slug":"recalde-no-existe-ningun-pedido-formal-de-reinicio-de-paritarias","status":"publish","type":"post","link":"http:\/\/www.24baires.com\/?p=56994","title":{"rendered":"Recalde: \u00abNo existe ning\u00fan pedido formal de reinicio de paritarias\u00bb"},"content":{"rendered":"<p><img data-recalc-dims=\"1\" loading=\"lazy\" decoding=\"async\" class=\"aligncenter size-full wp-image-56995\" src=\"https:\/\/i0.wp.com\/www.24baires.com\/wp-content\/uploads\/2014\/11\/hector-recalde.jpg?resize=560%2C336\" alt=\"hector recalde\" width=\"560\" height=\"336\" srcset=\"https:\/\/i0.wp.com\/www.24baires.com\/wp-content\/uploads\/2014\/11\/hector-recalde.jpg?w=560 560w, https:\/\/i0.wp.com\/www.24baires.com\/wp-content\/uploads\/2014\/11\/hector-recalde.jpg?resize=300%2C180 300w\" sizes=\"auto, (max-width: 560px) 100vw, 560px\" \/>El presidente de la Comisi\u00f3n de Legislaci\u00f3n del Trabajo de Diputados, H\u00e9ctor Recalde, observ\u00f3 la \u201coperaci\u00f3n que se hace desde medios de comunicaci\u00f3n en cercan\u00edas del mes de diciembre tratando de generar un mal clima\u00bb.<!--more--><\/p>\n<p>El presidente de la Comisi\u00f3n de Legislaci\u00f3n del Trabajo de la C\u00e1mara de Diputados, H\u00e9ctor Recalde, desminti\u00f3 hoy que existan expedientes tendientes a reabrir paritarias en el Ministerio de Trabajo.<\/p>\n<p>Asimismo, observ\u00f3 la \u201coperaci\u00f3n que se hace desde medios de comunicaci\u00f3n en cercan\u00edas del mes de diciembre tratando de generar un mal clima cuando en realidad todos estos a\u00f1os se avanz\u00f3 en conquistas sociales, la recuperaci\u00f3n de derechos y la capacidad adquisitiva\u201d.<\/p>\n<p>\u201cNo he visto en el Ministerio de Trabajo ning\u00fan expediente de ning\u00fan pedido de apertura de paritarias y, de \u00faltima, si as\u00ed fuera, hay que recordar que se trata de una relaci\u00f3n entre una empresa y el sindicato, no es un tema del Gobierno, por lo que es claro que hay una distorsi\u00f3n de la informaci\u00f3n\u201d, dijo Recalde en di\u00e1logo con T\u00e9lam.<\/p>\n<p>El especialista afirm\u00f3 que \u201ces obvio que los dirigentes sindicales que pueden querer mejoras para sus trabajadores, como un bono anual, lo planteen. Pero eso se hace frente a la c\u00e1mara empresaria o a la empresa, y es bueno que se reclame por un lado y que, si se puede, se otorgue por el otro\u201d.<\/p>\n<p>\u201cAdem\u00e1s esto tiene que ver con uno de los ejes fundamentales de la pol\u00edtica oficial que apunta a robustecer el mercado interno, con lo cual ser\u00eda muy bueno\u201d, analiz\u00f3.<\/p>\n<p>No obstante, Recalde interpret\u00f3 que \u201cestas obviedades tratan de ocultar las verdaderas intenciones que son las de poner en el inconsciente colectivo que puede haber disturbios sobre fin de a\u00f1o porque, seg\u00fan la oposici\u00f3n, cada vez hay m\u00e1s pobreza e indigencia, cuando en realidad esto es mentira\u201d.<\/p>\n<p>\u201cQuieren instalar la inestabilidad que es caldo gordo para los que quieren devaluar, ajustar y buscan que este Gobierno fracase. Cuando es al rev\u00e9s, porque el Gobierno cada vez va ampliando m\u00e1s derechos, y tomando m\u00e1s decisiones en favor de los m\u00e1s desprotegidos\u201d, dijo Recalde.<\/p>\n<p>Sobre el final, el diputado evalu\u00f3 que \u201cm\u00e1s all\u00e1 de las operaciones, diciembre lo vamos a pasar con mucha tranquilidad sabiendo que, por ejemplo, esta inserci\u00f3n en el mundo que signific\u00f3 el apoyo de la ONU sobre la necesidad de l\u00edmite de la avidez del sistema financiero internacional es bueno; y tambi\u00e9n siguiendo con la pol\u00edtica social, ampliando derechos, sabiendo que queda mucho por hacer, pero contentos tambi\u00e9n por todo lo ya hecho\u201d.<\/p>\n<p>\u201cEstamos construyendo en un mundo complejo y avanzando como dir\u00eda Per\u00f3n: &#8216;todo en su medida y armoniosamente&#8217;\u201d, finaliz\u00f3 el legislador.<\/p>\n","protected":false},"excerpt":{"rendered":"<p>El presidente de la Comisi\u00f3n de Legislaci\u00f3n del Trabajo de Diputados, H\u00e9ctor Recalde, observ\u00f3 la \u201coperaci\u00f3n que se hace desde medios de comunicaci\u00f3n en cercan\u00edas del mes de diciembre tratando de generar un mal clima\u00bb.<\/p>\n","protected":false},"author":4,"featured_media":0,"comment_status":"open","ping_status":"open","sticky":false,"template":"","format":"standard","meta":{"_jetpack_newsletter_access":"","_jetpack_dont_email_post_to_subs":false,"_jetpack_newsletter_tier_id":0,"_jetpack_memberships_contains_paywalled_content":false,"_jetpack_memberships_contains_paid_content":false,"footnotes":""},"categories":[51],"tags":[],"class_list":["post-56994","post","type-post","status-publish","format-standard","hentry","category-politica"],"jetpack_shortlink":"https:\/\/wp.me\/p2JWE0-ePg","jetpack-related-posts":[{"id":31301,"url":"http:\/\/www.24baires.com\/?p=31301","url_meta":{"origin":56994,"position":0},"title":"Recalde alent\u00f3 la formaci\u00f3n de la Comisi\u00f3n de Trabajo no Registrado","author":"GB","date":"04\/09\/2013","format":false,"excerpt":"El presidente de la Comisi\u00f3n de Legislaci\u00f3n del Trabajo destac\u00f3 que la conformaci\u00f3n de la comisi\u00f3n\"demuestra la permanente e incesante actividad del Gobierno en mejorar la situaci\u00f3n de los trabajadores y las condiciones de vida de la poblaci\u00f3n\". \"La conformaci\u00f3n de la Comisi\u00f3n de Trabajo no Registrado dispuesta por la\u2026","rel":"","context":"En \u00abPol\u00edtica\u00bb","block_context":{"text":"Pol\u00edtica","link":"http:\/\/www.24baires.com\/?cat=51"},"img":{"alt_text":"","src":"","width":0,"height":0},"classes":[]},{"id":85444,"url":"http:\/\/www.24baires.com\/?p=85444","url_meta":{"origin":56994,"position":1},"title":"Recalde adelant\u00f3 que el kirchnerismo se opondr\u00e1 a las leyes de flexibilizaci\u00f3n laboral","author":"Grupo Sierra","date":"25\/07\/2016","format":false,"excerpt":"El presidente del bloque del Frente para la Victoria-PJ, H\u00e9ctor Recalde, afirm\u00f3 hoy que esa bancada realizar\u00e1 un giro de corte laborista en su estrategia parlamentaria y sostendr\u00e1 una postura de oposici\u00f3n dura frente a lo que consider\u00f3 \"leyes de flexibilizaci\u00f3n laboral\" que impulsa el Gobierno de Mauricio Macri. \"Nos\u2026","rel":"","context":"En \u00abPol\u00edtica\u00bb","block_context":{"text":"Pol\u00edtica","link":"http:\/\/www.24baires.com\/?cat=51"},"img":{"alt_text":"hector recalde","src":"https:\/\/i0.wp.com\/www.24baires.com\/wp-content\/uploads\/2014\/11\/hector-recalde.jpg?resize=350%2C200","width":350,"height":200,"srcset":"https:\/\/i0.wp.com\/www.24baires.com\/wp-content\/uploads\/2014\/11\/hector-recalde.jpg?resize=350%2C200 1x, https:\/\/i0.wp.com\/www.24baires.com\/wp-content\/uploads\/2014\/11\/hector-recalde.jpg?resize=525%2C300 1.5x"},"classes":[]},{"id":76541,"url":"http:\/\/www.24baires.com\/?p=76541","url_meta":{"origin":56994,"position":2},"title":"\u00abEsto no es levantar el cepo, esto es devaluaci\u00f3n y p\u00e9rdida del poder adquisitivo\u00bb","author":"AF","date":"17\/12\/2015","format":false,"excerpt":"H\u00e9ctor Recalde, jefe del bloque de Diputados del FpV, dijo que la liberaci\u00f3n de la compra-venta de d\u00f3lares \"es devaluaci\u00f3n y p\u00e9rdida del poder adquisitivo del salario\", en referencia a la medida que entr\u00f3 en vigencia. \"Ayer el ministro de Hacienda y Finanzas P\u00fablicas de la Naci\u00f3n, Alfonso Prat Gay,\u2026","rel":"","context":"En \u00abEconom\u00eda\u00bb","block_context":{"text":"Econom\u00eda","link":"http:\/\/www.24baires.com\/?cat=45"},"img":{"alt_text":"hector recalde","src":"https:\/\/i0.wp.com\/www.24baires.com\/wp-content\/uploads\/2014\/11\/hector-recalde.jpg?resize=350%2C200","width":350,"height":200,"srcset":"https:\/\/i0.wp.com\/www.24baires.com\/wp-content\/uploads\/2014\/11\/hector-recalde.jpg?resize=350%2C200 1x, https:\/\/i0.wp.com\/www.24baires.com\/wp-content\/uploads\/2014\/11\/hector-recalde.jpg?resize=525%2C300 1.5x"},"classes":[]},{"id":70532,"url":"http:\/\/www.24baires.com\/?p=70532","url_meta":{"origin":56994,"position":3},"title":"El Consejo de la Magistratura investiga a jueces de Bah\u00eda Blanca por causas de lesa","author":"AF","date":"13\/08\/2015","format":false,"excerpt":"La Comisi\u00f3n de Disciplina y Acusaci\u00f3n tratar\u00e1 un expediente que analiza el accionar de magistrados de esa ciudad, en el marco de causas de lesa humanidad. Evaluar\u00e1n tambi\u00e9n, la citaci\u00f3n del juez Luis Armella, por irregularidades en el saneamiento del Riachuelo. Por su parte, la Comisi\u00f3n de Selecci\u00f3n avanzar\u00e1 en\u2026","rel":"","context":"En \u00abJUDICIALES\u00bb","block_context":{"text":"JUDICIALES","link":"http:\/\/www.24baires.com\/?cat=68"},"img":{"alt_text":"","src":"","width":0,"height":0},"classes":[]},{"id":35545,"url":"http:\/\/www.24baires.com\/?p=35545","url_meta":{"origin":56994,"position":4},"title":"Recalde consider\u00f3 que \u201cse est\u00e1 muy cerca del pleno empleo\u201d","author":"GB","date":"21\/11\/2013","format":false,"excerpt":"El presidente de la comisi\u00f3n de Legislaci\u00f3n del Trabajo de la C\u00e1mara de Diputados, H\u00e9ctor Recalde, destac\u00f3 as\u00ed la baja en la desocupaci\u00f3n a 6,8 por ciento anunciada ayer por el INDEC y la presidenta Cristina Fern\u00e1ndez de Kirchner Recalde tambi\u00e9n consider\u00f3 que \"con esto queda demostrado que los hechos\u2026","rel":"","context":"En \u00abPol\u00edtica\u00bb","block_context":{"text":"Pol\u00edtica","link":"http:\/\/www.24baires.com\/?cat=51"},"img":{"alt_text":"","src":"","width":0,"height":0},"classes":[]},{"id":51976,"url":"http:\/\/www.24baires.com\/?p=51976","url_meta":{"origin":56994,"position":5},"title":"\u00abLos buitres internos buscan instalar el miedo en la sociedad\u00bb, dispar\u00f3 Recalde","author":"AF","date":"17\/08\/2014","format":false,"excerpt":"El diputado nacional por el Frente para la Victoria H\u00e9ctor Recalde afirm\u00f3 que \"los buitres internos est\u00e1n instalando el miedo en la sociedad\", al se\u00f1alar que \"ellos viven del endeudamiento de los pa\u00edses\". \"Al generar el miedo en la sociedad, en especial entre los trabajadores, paralizan todo, y as\u00ed nadie\u2026","rel":"","context":"En \u00abEconom\u00eda\u00bb","block_context":{"text":"Econom\u00eda","link":"http:\/\/www.24baires.com\/?cat=45"},"img":{"alt_text":"recalde padre","src":"https:\/\/i0.wp.com\/www.24baires.com\/wp-content\/uploads\/2012\/12\/recalde-padre-300x180.jpg?resize=350%2C200","width":350,"height":200},"classes":[]}],"jetpack_sharing_enabled":true,"jetpack_likes_enabled":true,"jetpack_featured_media_url":"","_links":{"self":[{"href":"http:\/\/www.24baires.com\/index.php?rest_route=\/wp\/v2\/posts\/56994","targetHints":{"allow":["GET"]}}],"collection":[{"href":"http:\/\/www.24baires.com\/index.php?rest_route=\/wp\/v2\/posts"}],"about":[{"href":"http:\/\/www.24baires.com\/index.php?rest_route=\/wp\/v2\/types\/post"}],"author":[{"embeddable":true,"href":"http:\/\/www.24baires.com\/index.php?rest_route=\/wp\/v2\/users\/4"}],"replies":[{"embeddable":true,"href":"http:\/\/www.24baires.com\/index.php?rest_route=%2Fwp%2Fv2%2Fcomments&post=56994"}],"version-history":[{"count":1,"href":"http:\/\/www.24baires.com\/index.php?rest_route=\/wp\/v2\/posts\/56994\/revisions"}],"predecessor-version":[{"id":56996,"href":"http:\/\/www.24baires.com\/index.php?rest_route=\/wp\/v2\/posts\/56994\/revisions\/56996"}],"wp:attachment":[{"href":"http:\/\/www.24baires.com\/index.php?rest_route=%2Fwp%2Fv2%2Fmedia&parent=56994"}],"wp:term":[{"taxonomy":"category","embeddable":true,"href":"http:\/\/www.24baires.com\/index.php?rest_route=%2Fwp%2Fv2%2Fcategories&post=56994"},{"taxonomy":"post_tag","embeddable":true,"href":"http:\/\/www.24baires.com\/index.php?rest_route=%2Fwp%2Fv2%2Ftags&post=56994"}],"curies":[{"name":"wp","href":"https:\/\/api.w.org\/{rel}","templated":true}]}}