{"id":56981,"date":"2014-11-12T10:00:45","date_gmt":"2014-11-12T13:00:45","guid":{"rendered":"http:\/\/www.24baires.com\/?p=56981"},"modified":"2014-11-13T10:21:08","modified_gmt":"2014-11-13T13:21:08","slug":"la-oposicion-no-ofrece-ninguna-alternativa-confiable-aseguro-capitanich","status":"publish","type":"post","link":"http:\/\/www.24baires.com\/?p=56981","title":{"rendered":"\u00abLa oposici\u00f3n no ofrece ninguna alternativa confiable\u00bb, asegur\u00f3 Capitanich"},"content":{"rendered":"<p><img data-recalc-dims=\"1\" loading=\"lazy\" decoding=\"async\" class=\"aligncenter size-full wp-image-53422\" src=\"https:\/\/i0.wp.com\/www.24baires.com\/wp-content\/uploads\/2014\/09\/capitanich1.jpg?resize=560%2C420\" alt=\"capitanich\" width=\"560\" height=\"420\" srcset=\"https:\/\/i0.wp.com\/www.24baires.com\/wp-content\/uploads\/2014\/09\/capitanich1.jpg?w=560 560w, https:\/\/i0.wp.com\/www.24baires.com\/wp-content\/uploads\/2014\/09\/capitanich1.jpg?resize=300%2C225 300w\" sizes=\"auto, (max-width: 560px) 100vw, 560px\" \/>El jefe de Gabinete se\u00f1al\u00f3 que \u00aben primer lugar no est\u00e1 claro su mensaje pol\u00edtco, ya que un d\u00eda dicen una cosa y otro d\u00eda, otra\u201d. Al tiempo que enfatiz\u00f3 que carece de \u201cproyectos pol\u00edticos\u201d.<!--more--><\/p>\n<p>\u00abUn d\u00eda dicen que van a derogar todo, el otro d\u00eda respaldan al gobierno, otro d\u00eda agudizan su contradicci\u00f3n, pero no proponen nada\u00bb, dijo el funcionario nacional en su habitual rueda de prensa en la Casa de Gobierno, al ser consultado sobre las perspectivas de un eventual acuerdo electoral entre el PRO y el Frente Amplio Unen.<\/p>\n<p>\u00abUn d\u00eda hacen alianzas por izquierda, otro d\u00eda por derecha, otro d\u00eda por el centro; pierden el tiempo y no logran vertebrar una propuesta pol\u00edtica seria para la Argentina\u00bb, expres\u00f3 Capitanich.<\/p>\n","protected":false},"excerpt":{"rendered":"<p>El jefe de Gabinete se\u00f1al\u00f3 que \u00aben primer lugar no est\u00e1 claro su mensaje pol\u00edtco, ya que un d\u00eda dicen una cosa y otro d\u00eda, otra\u201d. Al tiempo que enfatiz\u00f3 que carece de \u201cproyectos pol\u00edticos\u201d.<\/p>\n","protected":false},"author":4,"featured_media":0,"comment_status":"open","ping_status":"open","sticky":false,"template":"","format":"standard","meta":{"_jetpack_newsletter_access":"","_jetpack_dont_email_post_to_subs":false,"_jetpack_newsletter_tier_id":0,"_jetpack_memberships_contains_paywalled_content":false,"_jetpack_memberships_contains_paid_content":false,"footnotes":""},"categories":[51],"tags":[],"class_list":["post-56981","post","type-post","status-publish","format-standard","hentry","category-politica"],"jetpack_shortlink":"https:\/\/wp.me\/p2JWE0-eP3","jetpack-related-posts":[{"id":116123,"url":"http:\/\/www.24baires.com\/?p=116123","url_meta":{"origin":56981,"position":0},"title":"\u00abLa Argentina central que tiene periferias no se puede tolerar m\u00e1s\u00bb","author":"AF","date":"01\/09\/2020","format":false,"excerpt":"El Presidente encabez\u00f3 la firma de convenios con el gobernador de Chaco, Jorge Capitanich. En ese marco, defendi\u00f3 el acceso a la conectividad y al conocimiento en todo el pa\u00eds. El presidente Alberto Fern\u00e1ndez reafirm\u00f3 que \"la Argentina central, que tiene dos periferias, al norte y a sur del pa\u00eds,\u2026","rel":"","context":"En \u00abPol\u00edtica\u00bb","block_context":{"text":"Pol\u00edtica","link":"http:\/\/www.24baires.com\/?cat=51"},"img":{"alt_text":"","src":"https:\/\/i0.wp.com\/www.24baires.com\/wp-content\/uploads\/2020\/09\/fern%C3%A1ndez-capitanich.jpg?resize=350%2C200","width":350,"height":200,"srcset":"https:\/\/i0.wp.com\/www.24baires.com\/wp-content\/uploads\/2020\/09\/fern%C3%A1ndez-capitanich.jpg?resize=350%2C200 1x, https:\/\/i0.wp.com\/www.24baires.com\/wp-content\/uploads\/2020\/09\/fern%C3%A1ndez-capitanich.jpg?resize=525%2C300 1.5x"},"classes":[]},{"id":117553,"url":"http:\/\/www.24baires.com\/?p=117553","url_meta":{"origin":56981,"position":1},"title":"Cafiero: \u00abMientras los argentinos se arriesgan, otros aprovechan sus privilegios en Miami\u00bb","author":"AF","date":"11\/05\/2021","format":false,"excerpt":"El Jefe de Gabinete critic\u00f3 de este modo al ex presidente Mauricio Macri al poner en marcha una planta de tratamiento de residuos cloacales que cost\u00f3 79,6 millones de d\u00f3lares en Chaco. El jefe de Gabinete de Ministros, Santiago Cafiero, asegur\u00f3 este martes que \"mientras los argentinos se arriesgan combatiendo\u2026","rel":"","context":"En \u00abSociedad\u00bb","block_context":{"text":"Sociedad","link":"http:\/\/www.24baires.com\/?cat=1"},"img":{"alt_text":"","src":"https:\/\/i0.wp.com\/www.24baires.com\/wp-content\/uploads\/2021\/05\/609ace614d0e9_1004x565.jpg?resize=350%2C200","width":350,"height":200,"srcset":"https:\/\/i0.wp.com\/www.24baires.com\/wp-content\/uploads\/2021\/05\/609ace614d0e9_1004x565.jpg?resize=350%2C200 1x, https:\/\/i0.wp.com\/www.24baires.com\/wp-content\/uploads\/2021\/05\/609ace614d0e9_1004x565.jpg?resize=525%2C300 1.5x"},"classes":[]},{"id":45463,"url":"http:\/\/www.24baires.com\/?p=45463","url_meta":{"origin":56981,"position":2},"title":"Capitanich manifest\u00f3 que el proyecto para limitar mandatos es una \u00abcuesti\u00f3n menor\u00bb","author":"AF","date":"07\/05\/2014","format":false,"excerpt":"El jefe de Gabinete se refiri\u00f3 a la iniciativa de Sergio Massa, que ayer cosech\u00f3 un fuerte rechazo. Y pidi\u00f3 a los dirigentes \"no perder tiempo en cuestiones menores\". El funcionario agreg\u00f3 que se trata de \"un proyecto de oportunismo pol\u00edtico\" por parte del massismo. Al referirse a la propuesta\u2026","rel":"","context":"En \u00abPol\u00edtica\u00bb","block_context":{"text":"Pol\u00edtica","link":"http:\/\/www.24baires.com\/?cat=51"},"img":{"alt_text":"capitanich","src":"https:\/\/i0.wp.com\/www.24baires.com\/wp-content\/uploads\/2014\/04\/capitanich.jpg?resize=350%2C200","width":350,"height":200,"srcset":"https:\/\/i0.wp.com\/www.24baires.com\/wp-content\/uploads\/2014\/04\/capitanich.jpg?resize=350%2C200 1x, https:\/\/i0.wp.com\/www.24baires.com\/wp-content\/uploads\/2014\/04\/capitanich.jpg?resize=525%2C300 1.5x"},"classes":[]},{"id":120164,"url":"http:\/\/www.24baires.com\/?p=120164","url_meta":{"origin":56981,"position":3},"title":"Los Gobernadores del Frente de Todos tambi\u00e9n piden lista de unidad","author":"GB","date":"08\/06\/2023","format":false,"excerpt":"\"Somos garantes de la construcci\u00f3n de un pa\u00eds federal\" aseguraron los gobernadores frentodistas en un comunicado. Los gobernadores del Frente de Todos mantuvieron una reuni\u00f3n en la que debatieron la estrategia electoral que pretenden para la coalici\u00f3n oficialista y publicaron un comunicado en el que, entre otras cosas, se suman\u2026","rel":"","context":"En \u00abPol\u00edtica\u00bb","block_context":{"text":"Pol\u00edtica","link":"http:\/\/www.24baires.com\/?cat=51"},"img":{"alt_text":"","src":"https:\/\/i0.wp.com\/www.24baires.com\/wp-content\/uploads\/2023\/06\/gobernadores-frente-todosjpg.webp?resize=350%2C200","width":350,"height":200,"srcset":"https:\/\/i0.wp.com\/www.24baires.com\/wp-content\/uploads\/2023\/06\/gobernadores-frente-todosjpg.webp?resize=350%2C200 1x, https:\/\/i0.wp.com\/www.24baires.com\/wp-content\/uploads\/2023\/06\/gobernadores-frente-todosjpg.webp?resize=525%2C300 1.5x, https:\/\/i0.wp.com\/www.24baires.com\/wp-content\/uploads\/2023\/06\/gobernadores-frente-todosjpg.webp?resize=700%2C400 2x"},"classes":[]},{"id":57423,"url":"http:\/\/www.24baires.com\/?p=57423","url_meta":{"origin":56981,"position":4},"title":"Capitanich, Randazzo y Rossi en el acto por el D\u00eda de la Soberan\u00eda Nacional","author":"Grupo Sierra","date":"20\/11\/2014","format":false,"excerpt":"El jefe de Gabinete hizo alusi\u00f3n a una frase pronunciada por N\u00e9stor Kirchner y dijo: \"No estamos dispuestos a pagar la deuda externa con el hambre del pueblo\". El jefe de Gabinete, Jorge Capitanich, remarc\u00f3 que \"no estamos dispuestos a pagar la deuda externa con el hambre de los argentinos\u2026","rel":"","context":"En \u00abSociedad\u00bb","block_context":{"text":"Sociedad","link":"http:\/\/www.24baires.com\/?cat=1"},"img":{"alt_text":"","src":"https:\/\/i0.wp.com\/www.24baires.com\/wp-content\/uploads\/2014\/11\/capitanich-soberan%C3%ADa.jpg?resize=350%2C200","width":350,"height":200,"srcset":"https:\/\/i0.wp.com\/www.24baires.com\/wp-content\/uploads\/2014\/11\/capitanich-soberan%C3%ADa.jpg?resize=350%2C200 1x, https:\/\/i0.wp.com\/www.24baires.com\/wp-content\/uploads\/2014\/11\/capitanich-soberan%C3%ADa.jpg?resize=525%2C300 1.5x"},"classes":[]},{"id":36522,"url":"http:\/\/www.24baires.com\/?p=36522","url_meta":{"origin":56981,"position":5},"title":"Cumbre Capitanich-De La Sota","author":"Grupo Sierra","date":"10\/12\/2013","format":false,"excerpt":"El jefe de Gabinete, Jorge Capitanich, se encuentra reunido desde las 9 en Casa de Gobierno con el gobernador de C\u00f3rdoba, Jos\u00e9 Manuel de la Sota. El encuentro se desarrolla en el despacho del funcionario nacional y se enmarca en las audiencias que, por instrucci\u00f3n de la presidenta Cristina Fern\u00e1ndez\u2026","rel":"","context":"En \u00abPol\u00edtica\u00bb","block_context":{"text":"Pol\u00edtica","link":"http:\/\/www.24baires.com\/?cat=51"},"img":{"alt_text":"capitanich jg","src":"https:\/\/i0.wp.com\/www.24baires.com\/wp-content\/uploads\/2013\/11\/capitanich-jg-300x199.jpg?resize=350%2C200","width":350,"height":200},"classes":[]}],"jetpack_sharing_enabled":true,"jetpack_likes_enabled":true,"jetpack_featured_media_url":"","_links":{"self":[{"href":"http:\/\/www.24baires.com\/index.php?rest_route=\/wp\/v2\/posts\/56981","targetHints":{"allow":["GET"]}}],"collection":[{"href":"http:\/\/www.24baires.com\/index.php?rest_route=\/wp\/v2\/posts"}],"about":[{"href":"http:\/\/www.24baires.com\/index.php?rest_route=\/wp\/v2\/types\/post"}],"author":[{"embeddable":true,"href":"http:\/\/www.24baires.com\/index.php?rest_route=\/wp\/v2\/users\/4"}],"replies":[{"embeddable":true,"href":"http:\/\/www.24baires.com\/index.php?rest_route=%2Fwp%2Fv2%2Fcomments&post=56981"}],"version-history":[{"count":1,"href":"http:\/\/www.24baires.com\/index.php?rest_route=\/wp\/v2\/posts\/56981\/revisions"}],"predecessor-version":[{"id":56982,"href":"http:\/\/www.24baires.com\/index.php?rest_route=\/wp\/v2\/posts\/56981\/revisions\/56982"}],"wp:attachment":[{"href":"http:\/\/www.24baires.com\/index.php?rest_route=%2Fwp%2Fv2%2Fmedia&parent=56981"}],"wp:term":[{"taxonomy":"category","embeddable":true,"href":"http:\/\/www.24baires.com\/index.php?rest_route=%2Fwp%2Fv2%2Fcategories&post=56981"},{"taxonomy":"post_tag","embeddable":true,"href":"http:\/\/www.24baires.com\/index.php?rest_route=%2Fwp%2Fv2%2Ftags&post=56981"}],"curies":[{"name":"wp","href":"https:\/\/api.w.org\/{rel}","templated":true}]}}