{"id":56918,"date":"2014-11-11T11:00:49","date_gmt":"2014-11-11T14:00:49","guid":{"rendered":"http:\/\/www.24baires.com\/?p=56918"},"modified":"2014-11-11T10:25:43","modified_gmt":"2014-11-11T13:25:43","slug":"scioli-firmo-convenio-de-cooperacion-con-un-municipio-de-china","status":"publish","type":"post","link":"http:\/\/www.24baires.com\/?p=56918","title":{"rendered":"Scioli firm\u00f3 convenio de cooperaci\u00f3n con un municipio de China"},"content":{"rendered":"<p><img data-recalc-dims=\"1\" loading=\"lazy\" decoding=\"async\" class=\"aligncenter size-full wp-image-46433\" src=\"https:\/\/i0.wp.com\/www.24baires.com\/wp-content\/uploads\/2014\/05\/scioli-sorteo.jpg?resize=560%2C314\" alt=\"scioli sorteo\" width=\"560\" height=\"314\" srcset=\"https:\/\/i0.wp.com\/www.24baires.com\/wp-content\/uploads\/2014\/05\/scioli-sorteo.jpg?w=560 560w, https:\/\/i0.wp.com\/www.24baires.com\/wp-content\/uploads\/2014\/05\/scioli-sorteo.jpg?resize=300%2C168 300w\" sizes=\"auto, (max-width: 560px) 100vw, 560px\" \/>El gobernador Daniel Scioli firmar\u00e1 hoy un memorando de entendimiento sobre cooperaci\u00f3n entre el municipio de Chongqing de la Rep\u00fablica Popular de China y la provincia de Buenos Aires, en el Polo Industrial de General Rodr\u00edguez (Ruta provincial 24 y calle Corrientes). <!--more--><\/p>\n<p>Junto al ministro de Producci\u00f3n, Ciencia y Tecnolog\u00eda, Cristian Breitenstein; la secretaria de Integraci\u00f3n de la Naci\u00f3n, Mar\u00eda del Carmen Alarc\u00f3n; y el intendente local, Juan Pablo Anghileri; el gobernador se reunir\u00e1 con el vicepresidente del Comit\u00e9 de Chongqing del Consejo Consultivo del Pueblo Chino, He Shizhong; y el gobernador de Beibei Distrito, Wang Kuiwan.<\/p>\n<p>El objetivo es promover el intercambio entre ambas regiones, incluyendo la asistencia necesaria para la cooperaci\u00f3n entre departamentos y empresas en \u00e1reas espec\u00edficas como la econom\u00eda, el comercio, la educaci\u00f3n y el turismo, entre otras; y la coordinaci\u00f3n de una comunicaci\u00f3n amistosa para fomentar la elaboraci\u00f3n de un plan anual.<\/p>\n<p>&nbsp;<\/p>\n<p>&nbsp;<\/p>\n<p>&nbsp;<\/p>\n<p>&nbsp;<\/p>\n<p>&nbsp;<\/p>\n<p>&nbsp;<\/p>\n<p>&nbsp;<\/p>\n<p>&nbsp;<\/p>\n<p>&nbsp;<\/p>\n<p>&nbsp;<\/p>\n<p>&nbsp;<\/p>\n<p>&nbsp;<\/p>\n<p>&nbsp;<\/p>\n<p>&nbsp;<\/p>\n<p>&nbsp;<\/p>\n<p>&nbsp;<\/p>\n<p>&nbsp;<\/p>\n<p>&nbsp;<\/p>\n<p>&nbsp;<\/p>\n<p>&nbsp;<\/p>\n<p>&nbsp;<\/p>\n<p>&nbsp;<\/p>\n","protected":false},"excerpt":{"rendered":"<p>El gobernador Daniel Scioli firmar\u00e1 hoy un memorando de entendimiento sobre cooperaci\u00f3n entre el municipio de Chongqing de la Rep\u00fablica Popular de China y la provincia de Buenos Aires, en el Polo Industrial de General Rodr\u00edguez (Ruta provincial 24 y calle Corrientes).<\/p>\n","protected":false},"author":4,"featured_media":0,"comment_status":"open","ping_status":"open","sticky":false,"template":"","format":"standard","meta":{"_jetpack_newsletter_access":"","_jetpack_dont_email_post_to_subs":false,"_jetpack_newsletter_tier_id":0,"_jetpack_memberships_contains_paywalled_content":false,"_jetpack_memberships_contains_paid_content":false,"footnotes":""},"categories":[51],"tags":[],"class_list":["post-56918","post","type-post","status-publish","format-standard","hentry","category-politica"],"jetpack_shortlink":"https:\/\/wp.me\/p2JWE0-eO2","jetpack-related-posts":[{"id":52335,"url":"http:\/\/www.24baires.com\/?p=52335","url_meta":{"origin":56918,"position":0},"title":"Arl\u00eda firm\u00f3 memor\u00e1ndum de entendimiento con una provincia de China","author":"AF","date":"23\/08\/2014","format":false,"excerpt":"En el marco de \"abrir las puertas de Buenos Aires al mundo\", se firm\u00f3 en el ministerio de Infraestructura bonaerense un Memorandum de Entendimiento (MDE) entre la provincia de Buenos Aires y la provincia de Hunan de la Rep\u00fablica Popular China, que pone en marcha una relaci\u00f3n entre ambas provincias,\u2026","rel":"","context":"En \u00abPol\u00edtica\u00bb","block_context":{"text":"Pol\u00edtica","link":"http:\/\/www.24baires.com\/?cat=51"},"img":{"alt_text":"arl\u00eda chino","src":"https:\/\/i0.wp.com\/www.24baires.com\/wp-content\/uploads\/2014\/08\/arl%C3%ADa-chino.png?resize=350%2C200","width":350,"height":200},"classes":[]},{"id":61239,"url":"http:\/\/www.24baires.com\/?p=61239","url_meta":{"origin":56918,"position":1},"title":"Cristina se reuni\u00f3 con Xi Jinping y firm\u00f3 15 nuevos convenios bilaterales","author":"GB","date":"04\/02\/2015","format":false,"excerpt":"La Presidenta y su par chino encabezaron hoy la firma de acuerdos de cooperaci\u00f3n e intercambio. Fue tras el encuentro privado que mantuvieron ambos jefes de Estado durante una hora y media en el Gran Palacio del Pueblo. Los acuerdos de cooperaci\u00f3n e intercambio se rubricaron luego de la reuni\u00f3n\u2026","rel":"","context":"En \u00abPol\u00edtica\u00bb","block_context":{"text":"Pol\u00edtica","link":"http:\/\/www.24baires.com\/?cat=51"},"img":{"alt_text":"","src":"https:\/\/i0.wp.com\/www.24baires.com\/wp-content\/uploads\/2015\/02\/c5ristina-china-.jpg?resize=350%2C200","width":350,"height":200,"srcset":"https:\/\/i0.wp.com\/www.24baires.com\/wp-content\/uploads\/2015\/02\/c5ristina-china-.jpg?resize=350%2C200 1x, https:\/\/i0.wp.com\/www.24baires.com\/wp-content\/uploads\/2015\/02\/c5ristina-china-.jpg?resize=525%2C300 1.5x"},"classes":[]},{"id":99208,"url":"http:\/\/www.24baires.com\/?p=99208","url_meta":{"origin":56918,"position":2},"title":"Vidal firm\u00f3 convenios en materia educativa y deportiva con China","author":"GB","date":"05\/12\/2017","format":false,"excerpt":"Durante su gira por el pa\u00eds asi\u00e1tico, la Gobernadora suscribi\u00f3 acuerdos para difundir el idioma chino en la Provincia e impulsar proyectos conjuntos para diferentes deportes. En el marco de su gira por China, la gobernadora Mar\u00eda Eugenia Vidal se reuni\u00f3 ayer con funcionarios de ese pa\u00eds y firm\u00f3 un\u2026","rel":"","context":"En \u00abProvincia\u00bb","block_context":{"text":"Provincia","link":"http:\/\/www.24baires.com\/?cat=40"},"img":{"alt_text":"","src":"https:\/\/i0.wp.com\/www.24baires.com\/wp-content\/uploads\/2017\/12\/vidal-china.jpg?resize=350%2C200","width":350,"height":200,"srcset":"https:\/\/i0.wp.com\/www.24baires.com\/wp-content\/uploads\/2017\/12\/vidal-china.jpg?resize=350%2C200 1x, https:\/\/i0.wp.com\/www.24baires.com\/wp-content\/uploads\/2017\/12\/vidal-china.jpg?resize=525%2C300 1.5x"},"classes":[]},{"id":101122,"url":"http:\/\/www.24baires.com\/?p=101122","url_meta":{"origin":56918,"position":3},"title":"Indagar\u00e1n a Scioli por irregularidades en la construcci\u00f3n de las UPA 24","author":"AF","date":"17\/03\/2018","format":false,"excerpt":"El ex gobernador Daniel Scioli y quien fuera su ministro de Salud, Alejandro Collia, fueron imputados y citados a prestar declaraci\u00f3n indagatoria en el marco de una causa que investiga presuntas irregularidades en la adjudicaci\u00f3n de ocho Unidades de Pronta Atenci\u00f3n (UPA 24) para las que se destinaron m\u00e1s de\u2026","rel":"","context":"En \u00abJUDICIALES\u00bb","block_context":{"text":"JUDICIALES","link":"http:\/\/www.24baires.com\/?cat=68"},"img":{"alt_text":"","src":"https:\/\/i0.wp.com\/www.24baires.com\/wp-content\/uploads\/2014\/05\/Daniel-Scioli.jpg?resize=350%2C200","width":350,"height":200,"srcset":"https:\/\/i0.wp.com\/www.24baires.com\/wp-content\/uploads\/2014\/05\/Daniel-Scioli.jpg?resize=350%2C200 1x, https:\/\/i0.wp.com\/www.24baires.com\/wp-content\/uploads\/2014\/05\/Daniel-Scioli.jpg?resize=525%2C300 1.5x"},"classes":[]},{"id":58369,"url":"http:\/\/www.24baires.com\/?p=58369","url_meta":{"origin":56918,"position":4},"title":"Scioli en Corrientes: \u00abM\u00e1s industrializaci\u00f3n significa m\u00e1s desarrollo\u00bb","author":"GB","date":"09\/12\/2014","format":false,"excerpt":"El Gobernador particip\u00f3 de la inauguraci\u00f3n en Corrientes de una obra de asfalto y firmar un convenio de Cooperaci\u00f3n e Intercambio de informaci\u00f3n para promover la industria. El gobernador Daniel Scioli reafirm\u00f3 hoy que \"m\u00e1s industrializaci\u00f3n significa m\u00e1s desarrollo\", al participar de la inauguraci\u00f3n en Corrientes de una obra de\u2026","rel":"","context":"En \u00abPol\u00edtica\u00bb","block_context":{"text":"Pol\u00edtica","link":"http:\/\/www.24baires.com\/?cat=51"},"img":{"alt_text":"scioli saludo","src":"https:\/\/i0.wp.com\/www.24baires.com\/wp-content\/uploads\/2014\/08\/scioli-saludo.jpg?resize=350%2C200","width":350,"height":200,"srcset":"https:\/\/i0.wp.com\/www.24baires.com\/wp-content\/uploads\/2014\/08\/scioli-saludo.jpg?resize=350%2C200 1x, https:\/\/i0.wp.com\/www.24baires.com\/wp-content\/uploads\/2014\/08\/scioli-saludo.jpg?resize=525%2C300 1.5x"},"classes":[]},{"id":103352,"url":"http:\/\/www.24baires.com\/?p=103352","url_meta":{"origin":56918,"position":5},"title":"In\u00e9dito: La Provincia no tiene opositores en los \u00f3rganos de contralor del gobierno","author":"Grupo Sierra","date":"15\/07\/2018","format":false,"excerpt":"El nombramiento de Mar\u00eda Fernanda Inza como contadora general de la Provincia, que Mar\u00eda Eugenia Vidal apur\u00f3 la semana que pas\u00f3 a favor de la mayor\u00eda que posee en el Senado y el oportuno apoyo de un representante del massismo, termin\u00f3 de consolidar una situaci\u00f3n con pocos antecedentes: todos los\u2026","rel":"","context":"En \u00abProvincia\u00bb","block_context":{"text":"Provincia","link":"http:\/\/www.24baires.com\/?cat=40"},"img":{"alt_text":"","src":"https:\/\/i0.wp.com\/www.dib.com.ar\/gestion\/images\/blogmanagement\/noticias\/thumb\/5b4b9524cb0ac1531680036.jpg?resize=350%2C200","width":350,"height":200,"srcset":"https:\/\/i0.wp.com\/www.dib.com.ar\/gestion\/images\/blogmanagement\/noticias\/thumb\/5b4b9524cb0ac1531680036.jpg?resize=350%2C200 1x, https:\/\/i0.wp.com\/www.dib.com.ar\/gestion\/images\/blogmanagement\/noticias\/thumb\/5b4b9524cb0ac1531680036.jpg?resize=525%2C300 1.5x"},"classes":[]}],"jetpack_sharing_enabled":true,"jetpack_likes_enabled":true,"jetpack_featured_media_url":"","_links":{"self":[{"href":"http:\/\/www.24baires.com\/index.php?rest_route=\/wp\/v2\/posts\/56918","targetHints":{"allow":["GET"]}}],"collection":[{"href":"http:\/\/www.24baires.com\/index.php?rest_route=\/wp\/v2\/posts"}],"about":[{"href":"http:\/\/www.24baires.com\/index.php?rest_route=\/wp\/v2\/types\/post"}],"author":[{"embeddable":true,"href":"http:\/\/www.24baires.com\/index.php?rest_route=\/wp\/v2\/users\/4"}],"replies":[{"embeddable":true,"href":"http:\/\/www.24baires.com\/index.php?rest_route=%2Fwp%2Fv2%2Fcomments&post=56918"}],"version-history":[{"count":1,"href":"http:\/\/www.24baires.com\/index.php?rest_route=\/wp\/v2\/posts\/56918\/revisions"}],"predecessor-version":[{"id":56919,"href":"http:\/\/www.24baires.com\/index.php?rest_route=\/wp\/v2\/posts\/56918\/revisions\/56919"}],"wp:attachment":[{"href":"http:\/\/www.24baires.com\/index.php?rest_route=%2Fwp%2Fv2%2Fmedia&parent=56918"}],"wp:term":[{"taxonomy":"category","embeddable":true,"href":"http:\/\/www.24baires.com\/index.php?rest_route=%2Fwp%2Fv2%2Fcategories&post=56918"},{"taxonomy":"post_tag","embeddable":true,"href":"http:\/\/www.24baires.com\/index.php?rest_route=%2Fwp%2Fv2%2Ftags&post=56918"}],"curies":[{"name":"wp","href":"https:\/\/api.w.org\/{rel}","templated":true}]}}