{"id":56895,"date":"2014-11-10T19:03:28","date_gmt":"2014-11-10T22:03:28","guid":{"rendered":"http:\/\/www.24baires.com\/?p=56895"},"modified":"2014-11-10T18:49:52","modified_gmt":"2014-11-10T21:49:52","slug":"tuiteros-de-auditoria-general-de-la-nacion-contra-organismos-estatales","status":"publish","type":"post","link":"http:\/\/www.24baires.com\/?p=56895","title":{"rendered":"Tuiteros de Auditor\u00eda General de la Naci\u00f3n contra organismos estatales"},"content":{"rendered":"<p><img data-recalc-dims=\"1\" loading=\"lazy\" decoding=\"async\" class=\"aligncenter size-full wp-image-56896\" src=\"https:\/\/i0.wp.com\/www.24baires.com\/wp-content\/uploads\/2014\/11\/Despouy.jpg?resize=560%2C315\" alt=\"Despouy\" width=\"560\" height=\"315\" srcset=\"https:\/\/i0.wp.com\/www.24baires.com\/wp-content\/uploads\/2014\/11\/Despouy.jpg?w=560 560w, https:\/\/i0.wp.com\/www.24baires.com\/wp-content\/uploads\/2014\/11\/Despouy.jpg?resize=300%2C168 300w\" sizes=\"auto, (max-width: 560px) 100vw, 560px\" \/>Trabajadores de la Auditoria General de la Naci\u00f3n denunciaron que, durante la gesti\u00f3n del radical Leandro Despouy, se contrat\u00f3 tuiteros para que embistan contra empresas y organismos del Estado.<!--more--><\/p>\n<p>\u00abNo es que ahora trabajemos menos, sino que los que no est\u00e1n son los empleados que supuestamente deber\u00edan haber ingresado y no vienen a trabajar\u00bb, confi\u00f3 hace d\u00edas un trabajador que lleva casi dos d\u00e9cadas en la Auditoria y que pidi\u00f3 estricta reserva de identidad.<\/p>\n<p>\u00abEsto de los \u00f1oquis ya trajo varias discusiones entre los auditores generales, porque ninguno se hace cargo de los ingresos\u00bb, agreg\u00f3.<\/p>\n<p>Seg\u00fan datos publicados por la propia AGN, en la \u00faltima d\u00e9cada el personal aumento m\u00e1s de un 140 por ciento, mientras que la productividad del ente que debe asistir al Congreso Nacional en el ejercicio del control externo del sector p\u00fablico pas\u00f3, en diez a\u00f1os, de un informe cada dos empleados a uno cada cinco.<\/p>\n<p>En total, cada uno de los informes de la AGN le cuesta al Estado m\u00e1s de un mill\u00f3n y medio de pesos.<\/p>\n<p>Asimismo, otro empleado de la AGN, quien tambi\u00e9n pidi\u00f3 estricta reserva de identidad por miedo a represalias por parte del director de la AGN, el radical Leandro Despouy, acus\u00f3 directamente a los m\u00e1ximos responsables de la AGN de \u00abfinanciar con dineros p\u00fablicos\u00bb a usuarios de la red social Twitter \u00abnombrados por la actual gesti\u00f3n\u00bb y que, seg\u00fan indicaron, no se presentan en la sede de la oficina \u00abni para retirar su recibo de sueldo\u00bb.<\/p>\n<p>Entre los \u00abTuiteros rentados\u00bb se destacan algunos bastante conocidos y con intensa actividad en las redes sociales, como Esteban Amadeo Schmidt, quien es planta permanente la AGN desde hace a\u00f1os.<\/p>\n<p>Si bien Schmidt, debe cumplir en el organismo un trabajo tiempo completo como integrante del \u00e1rea de prensa, se pasea por el mundo sin pedir licencia y escribiendo para diferentes medios. Por ejemplo, la revista Rolling Stone, para la que en marzo de este a\u00f1o fue a entrevistar a Javier Mascherano auspiciado por la empresa Nike.<\/p>\n<p>&nbsp;<\/p>\n<p>&nbsp;<\/p>\n<p>&nbsp;<\/p>\n","protected":false},"excerpt":{"rendered":"<p>Trabajadores de la Auditoria General de la Naci\u00f3n denunciaron que, durante la gesti\u00f3n del radical Leandro Despouy, se contrat\u00f3 tuiteros para que embistan contra empresas y organismos del Estado.<\/p>\n","protected":false},"author":11,"featured_media":0,"comment_status":"open","ping_status":"open","sticky":false,"template":"","format":"standard","meta":{"_jetpack_newsletter_access":"","_jetpack_dont_email_post_to_subs":false,"_jetpack_newsletter_tier_id":0,"_jetpack_memberships_contains_paywalled_content":false,"_jetpack_memberships_contains_paid_content":false,"footnotes":""},"categories":[51],"tags":[],"class_list":["post-56895","post","type-post","status-publish","format-standard","hentry","category-politica"],"jetpack_shortlink":"https:\/\/wp.me\/p2JWE0-eNF","jetpack-related-posts":[{"id":112198,"url":"http:\/\/www.24baires.com\/?p=112198","url_meta":{"origin":56895,"position":0},"title":"Ordenan a la Oficina Anticorrupci\u00f3n que entregue informaci\u00f3n sobre su funcionamiento","author":"AF","date":"23\/09\/2019","format":false,"excerpt":"As\u00ed lo resolvi\u00f3 el juez Enrique Lavi\u00e9 Pico tras el pedido de la Auditor\u00eda General de la Naci\u00f3n por la negativa del \u00f3rgano liderado por Laura Alonso de proporcionar datos sobre los funcionarios investigados. La justicia le orden\u00f3 este lunes a la Oficina Anticorrupci\u00f3n que le entregue a la Auditor\u00eda\u2026","rel":"","context":"En \u00abJUDICIALES\u00bb","block_context":{"text":"JUDICIALES","link":"http:\/\/www.24baires.com\/?cat=68"},"img":{"alt_text":"","src":"https:\/\/i0.wp.com\/www.24baires.com\/wp-content\/uploads\/2016\/07\/laurita-alonso.jpg?resize=350%2C200","width":350,"height":200,"srcset":"https:\/\/i0.wp.com\/www.24baires.com\/wp-content\/uploads\/2016\/07\/laurita-alonso.jpg?resize=350%2C200 1x, https:\/\/i0.wp.com\/www.24baires.com\/wp-content\/uploads\/2016\/07\/laurita-alonso.jpg?resize=525%2C300 1.5x"},"classes":[]},{"id":76915,"url":"http:\/\/www.24baires.com\/?p=76915","url_meta":{"origin":56895,"position":1},"title":"Asumi\u00f3 Garz\u00f3n como intervertor de la AFSCA","author":"AF","date":"28\/12\/2015","format":false,"excerpt":"El nuevo titular lleg\u00f3 a las 8 a la sede del organismo, acompa\u00f1ado por Miguel de Godoy, quien ser\u00eda el pr\u00f3ximo presidente. Empezar\u00e1 una investigaci\u00f3n interna sobre el funcionamiento y estado actual del ente. Por otra parte, directores nombrados por la anterior gesti\u00f3n denunciaron que se les proh\u00edbe el ingreso\u2026","rel":"","context":"En \u00abMedios\u00bb","block_context":{"text":"Medios","link":"http:\/\/www.24baires.com\/?cat=54"},"img":{"alt_text":"","src":"","width":0,"height":0},"classes":[]},{"id":23171,"url":"http:\/\/www.24baires.com\/?p=23171","url_meta":{"origin":56895,"position":2},"title":"Profundizan la investigaci\u00f3n al intendente de Adolfo Alsina","author":"AF","date":"10\/05\/2013","format":false,"excerpt":"Los concejales elevaron varias consultas a organismos t\u00e9cnicos provinciales y nacionales -desde el Tribunal de Cuentas provincial hasta la AFIP- para que analicen distintas acciones del gobierno de David Hirtz. El conflicto se desat\u00f3 por presuntas irregularidades en la licitaci\u00f3n del balneario La Isla, en la gesti\u00f3n y administraci\u00f3n cooperativas\u2026","rel":"","context":"En \u00abLocales\u00bb","block_context":{"text":"Locales","link":"http:\/\/www.24baires.com\/?cat=38"},"img":{"alt_text":"","src":"https:\/\/i0.wp.com\/www.24baires.com\/wp-content\/uploads\/2013\/05\/hirtz-de-alsina.jpg?resize=350%2C200","width":350,"height":200,"srcset":"https:\/\/i0.wp.com\/www.24baires.com\/wp-content\/uploads\/2013\/05\/hirtz-de-alsina.jpg?resize=350%2C200 1x, https:\/\/i0.wp.com\/www.24baires.com\/wp-content\/uploads\/2013\/05\/hirtz-de-alsina.jpg?resize=525%2C300 1.5x"},"classes":[]},{"id":85425,"url":"http:\/\/www.24baires.com\/?p=85425","url_meta":{"origin":56895,"position":3},"title":"\u201cEn la intimidad Tinelli sue\u00f1a con la presidencia de la Naci\u00f3n, y Macri lo sabe\u201d","author":"AF","date":"25\/07\/2016","format":false,"excerpt":"Luis Ventura se refiri\u00f3 a la pol\u00e9mica entre el conductor de televisi\u00f3n y el presidente tras la imitaci\u00f3n en Showmatch. Tambi\u00e9n habl\u00f3 Fredy Villarreal: \"No es la primera vez que cuando uno interpreta a un primer mandatario, las aguas se dividen\". \u201cSi Macri lo deja crecer y Tinelli agarra el\u2026","rel":"","context":"En \u00abPol\u00edtica\u00bb","block_context":{"text":"Pol\u00edtica","link":"http:\/\/www.24baires.com\/?cat=51"},"img":{"alt_text":"Tinelli","src":"https:\/\/i0.wp.com\/www.24baires.com\/wp-content\/uploads\/2014\/04\/Tinelli.jpg?resize=350%2C200","width":350,"height":200,"srcset":"https:\/\/i0.wp.com\/www.24baires.com\/wp-content\/uploads\/2014\/04\/Tinelli.jpg?resize=350%2C200 1x, https:\/\/i0.wp.com\/www.24baires.com\/wp-content\/uploads\/2014\/04\/Tinelli.jpg?resize=525%2C300 1.5x"},"classes":[]},{"id":114662,"url":"http:\/\/www.24baires.com\/?p=114662","url_meta":{"origin":56895,"position":4},"title":"Desafectaron a los polic\u00edas que reprimieron \u00absin orden\u00bb a trabajadores en Quilmes","author":"AF","date":"09\/04\/2020","format":false,"excerpt":"La medida se dispuso a trav\u00e9s de la Auditor\u00eda General de Asuntos Internos que depende del ministro Sergio Berni. El gobierno bonaerense desafect\u00f3 a los polic\u00edas que reprimieron a trabajadores del frigor\u00edfico Penta, del partido de Quilmes, quienes estaban concentrados frente a la empresa para intentar ingresar a la planta\u2026","rel":"","context":"En \u00abLocales\u00bb","block_context":{"text":"Locales","link":"http:\/\/www.24baires.com\/?cat=38"},"img":{"alt_text":"","src":"https:\/\/i0.wp.com\/www.24baires.com\/wp-content\/uploads\/2020\/04\/1b501e96492c05702fac0f18ba6f6309.jpg?resize=350%2C200","width":350,"height":200,"srcset":"https:\/\/i0.wp.com\/www.24baires.com\/wp-content\/uploads\/2020\/04\/1b501e96492c05702fac0f18ba6f6309.jpg?resize=350%2C200 1x, https:\/\/i0.wp.com\/www.24baires.com\/wp-content\/uploads\/2020\/04\/1b501e96492c05702fac0f18ba6f6309.jpg?resize=525%2C300 1.5x"},"classes":[]},{"id":77187,"url":"http:\/\/www.24baires.com\/?p=77187","url_meta":{"origin":56895,"position":5},"title":"Echegaray asumi\u00f3 en la Auditor\u00eda General de la Naci\u00f3n","author":"GB","date":"05\/01\/2016","format":false,"excerpt":"l flamante titular de la Auditor\u00eda General de la Naci\u00f3n tom\u00f3 posesi\u00f3n tras hacer entrega al presidente saliente de la resoluci\u00f3n conjunta firmada por Michetti y Monz\u00f3 que lo designa al frente del organismo. En el acta rubricada por Echegaray y Despouy, y a la que tuvo acceso T\u00e9lam, se\u2026","rel":"","context":"En \u00abPol\u00edtica\u00bb","block_context":{"text":"Pol\u00edtica","link":"http:\/\/www.24baires.com\/?cat=51"},"img":{"alt_text":"echegaray","src":"https:\/\/i0.wp.com\/www.24baires.com\/wp-content\/uploads\/2014\/12\/echegaray.jpg?resize=350%2C200","width":350,"height":200,"srcset":"https:\/\/i0.wp.com\/www.24baires.com\/wp-content\/uploads\/2014\/12\/echegaray.jpg?resize=350%2C200 1x, https:\/\/i0.wp.com\/www.24baires.com\/wp-content\/uploads\/2014\/12\/echegaray.jpg?resize=525%2C300 1.5x"},"classes":[]}],"jetpack_sharing_enabled":true,"jetpack_likes_enabled":true,"jetpack_featured_media_url":"","_links":{"self":[{"href":"http:\/\/www.24baires.com\/index.php?rest_route=\/wp\/v2\/posts\/56895","targetHints":{"allow":["GET"]}}],"collection":[{"href":"http:\/\/www.24baires.com\/index.php?rest_route=\/wp\/v2\/posts"}],"about":[{"href":"http:\/\/www.24baires.com\/index.php?rest_route=\/wp\/v2\/types\/post"}],"author":[{"embeddable":true,"href":"http:\/\/www.24baires.com\/index.php?rest_route=\/wp\/v2\/users\/11"}],"replies":[{"embeddable":true,"href":"http:\/\/www.24baires.com\/index.php?rest_route=%2Fwp%2Fv2%2Fcomments&post=56895"}],"version-history":[{"count":1,"href":"http:\/\/www.24baires.com\/index.php?rest_route=\/wp\/v2\/posts\/56895\/revisions"}],"predecessor-version":[{"id":56897,"href":"http:\/\/www.24baires.com\/index.php?rest_route=\/wp\/v2\/posts\/56895\/revisions\/56897"}],"wp:attachment":[{"href":"http:\/\/www.24baires.com\/index.php?rest_route=%2Fwp%2Fv2%2Fmedia&parent=56895"}],"wp:term":[{"taxonomy":"category","embeddable":true,"href":"http:\/\/www.24baires.com\/index.php?rest_route=%2Fwp%2Fv2%2Fcategories&post=56895"},{"taxonomy":"post_tag","embeddable":true,"href":"http:\/\/www.24baires.com\/index.php?rest_route=%2Fwp%2Fv2%2Ftags&post=56895"}],"curies":[{"name":"wp","href":"https:\/\/api.w.org\/{rel}","templated":true}]}}