{"id":56884,"date":"2014-11-10T17:00:10","date_gmt":"2014-11-10T20:00:10","guid":{"rendered":"http:\/\/www.24baires.com\/?p=56884"},"modified":"2014-11-10T16:53:49","modified_gmt":"2014-11-10T19:53:49","slug":"timerman-aseguro-que-la-causa-malvinas-es-una-cuestion-regional","status":"publish","type":"post","link":"http:\/\/www.24baires.com\/?p=56884","title":{"rendered":"Timerman asegur\u00f3 que la causa Malvinas \u00abes una cuesti\u00f3n regional\u00bb"},"content":{"rendered":"<p><img data-recalc-dims=\"1\" loading=\"lazy\" decoding=\"async\" class=\"aligncenter size-full wp-image-52714\" src=\"https:\/\/i0.wp.com\/www.24baires.com\/wp-content\/uploads\/2014\/08\/timerman.jpg?resize=560%2C333\" alt=\"timerman\" width=\"560\" height=\"333\" srcset=\"https:\/\/i0.wp.com\/www.24baires.com\/wp-content\/uploads\/2014\/08\/timerman.jpg?w=560 560w, https:\/\/i0.wp.com\/www.24baires.com\/wp-content\/uploads\/2014\/08\/timerman.jpg?resize=300%2C178 300w\" sizes=\"auto, (max-width: 560px) 100vw, 560px\" \/>El canciller asegur\u00f3 al participar en la sesi\u00f3n extraordinaria del Parlamento del Mercosur que \u00abcuando la corona brit\u00e1nica ocup\u00f3 las islas lo hizo para controlar el \u00fanico paso natural entre el Pac\u00edfico y el Atl\u00e1ntico\u00bb.<!--more--><br \/>\n\u00abCuando la corona brit\u00e1nica ocup\u00f3 las Islas Malvinas a sabiendas de que no tenia t\u00edtulo alguno, lo hizo con le \u00fanico m\u00f3vil de forzar la ocupaci\u00f3n de un territorio que le reportar\u00eda una posici\u00f3n estrat\u00e9gica para controlar el \u00fanico paso natural entre el Pacifico y el Atl\u00e1ntico\u00bb, denunci\u00f3 H\u00e9ctor Timerman.<\/p>\n<p>\u00abLa aventura colonialista basada en la expoliaci\u00f3n de nuestros recursos naturales, los ejercicios militares en las Islas Malvinas contrastan con su especial responsabilidad como miembro permanente del consejo de seguridad de las Naciones Unidas\u00bb, denunci\u00f3 el canciller en una sesi\u00f3n extraordinaria del Parlamento del Mercosur, en la que estuvo acompa\u00f1ado por su par uruguayo Luis Almagro, el secretario para Asuntos Relativos a las Islas Malvinas, Daniel Filmus, y los miembros de la Mesa Directiva del legislativo regional.<\/p>\n<p>\u00abEl Reino Unido contin\u00faa realizando actividades unilaterales en el \u00e1rea de disputa de soberan\u00eda\u00bb, denunci\u00f3 tambi\u00e9n el ministro y asegur\u00f3 que \u00abel Estado argentino avanza en la implementaci\u00f3n de acciones legales sobre las actividades ilegales de explotaci\u00f3n de hidrocarburos en su plataforma continental\u00bb.<\/p>\n<p>\u00abLa responsabilidad brit\u00e1nica de incumplir las resoluciones de Naciones Unidas se agrava ante la situaci\u00f3n que se plantea en el Atl\u00e1ntico Sur en la explotaci\u00f3n ilegal de recursos no renovables\u00bb, agreg\u00f3 en esa l\u00ednea Timerman en una sesi\u00f3n extraordinaria en la que el legislativo regional tambi\u00e9n declar\u00f3 su \u00abrespaldo a las gestiones que vienen desarrollando los gobiernos de la Rep\u00fablica Argentina\u00bb.<\/p>\n<p>Para Timerman, que recorri\u00f3 el \u00abamplio\u00bb respaldo de pa\u00edses y bloques a la posici\u00f3n argentina, el reclamo de soberan\u00eda es \u00abun ejemplo de lucha contra el colonialismo, y estoy convencido de que si mantenemos la unidad pol\u00edtica y la integraci\u00f3n por encima de cualquier problema terminaremos con el colonialismo tanto militar como territorial y con la usura, con la que nos quieren imponer un sistema de vida con el que nuestros pueblos jamas podr\u00e1n desarrollarse\u00bb.<\/p>\n<p>Durante la sesi\u00f3n estuvieron tambi\u00e9n el vicecanciller de Uruguay Luis Porto, el embajador en Montevideo Dante Dovena, el embajador ante Mercosur y Aladi Juan Manuel Abal Medina, el diputado Andr\u00e9s Larroque, el senador Jos\u00e9 Mayans y la diputada electa del Frente Amplio Macarena Gelman, entre otros referentes.<\/p>\n<p>A su turno, el canciller uruguayo Luis Almagro destac\u00f3 \u00abel apoyo de Uruguay al reclamo argentino\u00bb y asegur\u00f3 que \u00abla cuesti\u00f3n de las islas Malvinas est\u00e1 \u00edntimamente relacionada con la integridad territorial de un Estado\u00bb.<\/p>\n<p>\u00abPara nuestro pa\u00eds la cuesti\u00f3n de Malvinas es un caso de descolonizaci\u00f3n\u00bb, asever\u00f3 el ministro de Relaciones Exteriores de Uruguay y destac\u00f3: \u00abno entendemos aplicable el principio de autodeterminaci\u00f3n de los pueblos\u00bb para el caso de Malvinas \u00aby por eso hemos rechazado la validez del plebiscito realizado en 2013\u00bb porque Uruguay \u00abconsidera que es una poblaci\u00f3n trasplantada\u00bb.<\/p>\n<p>\u00abLa manera de poner fin a la cuesti\u00f3n colonial es la soluci\u00f3n pac\u00edfica y negociada a la controversia entre las partes\u00bb, pidi\u00f3 Almagro, y demand\u00f3 \u00abla reanudaci\u00f3n de la negociaci\u00f3n a fin de encontrar a la brevedad posible una soluci\u00f3n pac\u00edfica de conformidad con las resoluciones de las Naciones Unidas\u00bb, al tiempo que record\u00f3 que \u00abUruguay ha acompa\u00f1ado activamente los comunicados de los foros internacionales, como OEA, Unasur, Aladi y Celac.<\/p>\n<p>Adem\u00e1s, el Parlasur reiter\u00f3 a trav\u00e9s de una declaraci\u00f3n aprobada por unanimidad su \u00abm\u00e1s firme respaldo a los leg\u00edtimos derechos de la Rep\u00fablica Argentina en la disputa de soberan\u00eda sobre las Islas Malvinas, Georgias del Sur y Sandwich del Sur y los espacios mar\u00edtimos circundantes\u00bb.<\/p>\n<p>Tambi\u00e9n se reiter\u00f3 \u00abel permanente inter\u00e9s de los pa\u00edses de la regi\u00f3n en que los Gobiernos de la Rep\u00fablica Argentina y del Reino Unido de Gran Breta\u00f1a e Irlanda del Norte reanuden las negociaciones a fin de encontrar, a la mayor brevedad posible, una soluci\u00f3n pac\u00edfica y definitiva a dicha disputa, de conformidad con los pronunciamientos pertinentes de las Naciones Unidas, la Organizaci\u00f3n de los Estados Americanos (OEA), el Mercado Com\u00fan del Sur (Mercosur), la Uni\u00f3n de Naciones Sudamericanas (Unasur), la Comunidad de Estados Latinoamericanos y Caribe\u00f1os (Celac) y Alianza Bolivariana para los Pueblos de Nuestra Am\u00e9rica (ALBA), la Cumbre Iberoamericana, la Cumbre Am\u00e9rica del Sur \u00c1frica (ASA), la Cumbre de pa\u00edses Sudamericanos y pa\u00edses \u00c1rabes (AFA) y el Grupo de los 77 m\u00e1s China\u00bb.<\/p>\n<p>Tambi\u00e9n manifestaron su apoyo al reclamo argentino, entre otros, el ex embajador uruguayo en Argentina Alberto Volont\u00e9 y el diputado frenteamplista Felipe Michelini.<\/p>\n<p>&nbsp;<\/p>\n<p>&nbsp;<\/p>\n<p>&nbsp;<\/p>\n<p>&nbsp;<\/p>\n<p>&nbsp;<\/p>\n<p>&nbsp;<\/p>\n<p>&nbsp;<\/p>\n<p>&nbsp;<\/p>\n<p>&nbsp;<\/p>\n<p>&nbsp;<\/p>\n<p>&nbsp;<\/p>\n<p>&nbsp;<\/p>\n<p>&nbsp;<\/p>\n<p>&nbsp;<\/p>\n","protected":false},"excerpt":{"rendered":"<p>El canciller asegur\u00f3 al participar en la sesi\u00f3n extraordinaria del Parlamento del Mercosur que \u00abcuando la corona brit\u00e1nica ocup\u00f3 las islas lo hizo para controlar el \u00fanico paso natural entre el Pac\u00edfico y el Atl\u00e1ntico\u00bb.<\/p>\n","protected":false},"author":8,"featured_media":0,"comment_status":"open","ping_status":"open","sticky":false,"template":"","format":"standard","meta":{"_jetpack_newsletter_access":"","_jetpack_dont_email_post_to_subs":false,"_jetpack_newsletter_tier_id":0,"_jetpack_memberships_contains_paywalled_content":false,"_jetpack_memberships_contains_paid_content":false,"footnotes":""},"categories":[51],"tags":[],"class_list":["post-56884","post","type-post","status-publish","format-standard","hentry","category-politica"],"jetpack_shortlink":"https:\/\/wp.me\/p2JWE0-eNu","jetpack-related-posts":[{"id":67346,"url":"http:\/\/www.24baires.com\/?p=67346","url_meta":{"origin":56884,"position":0},"title":"Timerman y Cameron tuvieron un fuerte cruce por la soberan\u00eda sobre Malvinas","author":"AF","date":"10\/06\/2015","format":false,"excerpt":"El canciller revindic\u00f3 el hist\u00f3rico reclamo de Argentina por la soberan\u00eda sobre las Islas Malvinas, y el primer ministro brit\u00e1nico se ofendi\u00f3, y calific\u00f3 de\u00b7\"amenazantes\" las declaraciones del argentino, en el marco de la Segunda Cumbre de la Comunidad de Estados Latinoamericanos y Caribe\u00f1os (Celac) y la Uni\u00f3n Europea (UE),\u2026","rel":"","context":"En \u00abInternacionales\u00bb","block_context":{"text":"Internacionales","link":"http:\/\/www.24baires.com\/?cat=73"},"img":{"alt_text":"timerman","src":"https:\/\/i0.wp.com\/www.24baires.com\/wp-content\/uploads\/2013\/03\/timerman.jpg?resize=350%2C200","width":350,"height":200,"srcset":"https:\/\/i0.wp.com\/www.24baires.com\/wp-content\/uploads\/2013\/03\/timerman.jpg?resize=350%2C200 1x, https:\/\/i0.wp.com\/www.24baires.com\/wp-content\/uploads\/2013\/03\/timerman.jpg?resize=525%2C300 1.5x"},"classes":[]},{"id":63733,"url":"http:\/\/www.24baires.com\/?p=63733","url_meta":{"origin":56884,"position":1},"title":"Argentina denunci\u00f3 el aumento del gasto militar en Malvinas","author":"GB","date":"30\/03\/2015","format":false,"excerpt":"La Argentina denunci\u00f3 hoy \"el injustificado aumento del ya desmedido gasto militar brit\u00e1nico en las Islas Malvinas\" mediante notas enviadas por el canciller H\u00e9ctor Timerman a la ONU, la OEA, la Unasur y otros organismos internacionales. La Argentina denunci\u00f3 hoy \"el injustificado aumento del ya desmedido gasto militar brit\u00e1nico en\u2026","rel":"","context":"En \u00abPol\u00edtica\u00bb","block_context":{"text":"Pol\u00edtica","link":"http:\/\/www.24baires.com\/?cat=51"},"img":{"alt_text":"","src":"","width":0,"height":0},"classes":[]},{"id":112214,"url":"http:\/\/www.24baires.com\/?p=112214","url_meta":{"origin":56884,"position":2},"title":"Denuncian a Macri y a varios ministros por \u00abtraici\u00f3n a la patria\u00bb","author":"GB","date":"24\/09\/2019","format":false,"excerpt":"Es por la entrega de la Soberan\u00eda Argentina al Reino Unido en relaci\u00f3n a la explotaci\u00f3n de recursos naturales, gas hidrocarburos y la libre navegaci\u00f3n del espacio a\u00e9reo. El presidente Mauricio Macri, el ministro de Transporte Guillermo Dietrich, el ministro de Energ\u00eda Gustavo Lopetegui y el canciller Jorge Faurie fueron\u2026","rel":"","context":"En \u00abPol\u00edtica\u00bb","block_context":{"text":"Pol\u00edtica","link":"http:\/\/www.24baires.com\/?cat=51"},"img":{"alt_text":"","src":"https:\/\/i0.wp.com\/www.24baires.com\/wp-content\/uploads\/2019\/09\/Macri-y-ministros.jpg?resize=350%2C200","width":350,"height":200,"srcset":"https:\/\/i0.wp.com\/www.24baires.com\/wp-content\/uploads\/2019\/09\/Macri-y-ministros.jpg?resize=350%2C200 1x, https:\/\/i0.wp.com\/www.24baires.com\/wp-content\/uploads\/2019\/09\/Macri-y-ministros.jpg?resize=525%2C300 1.5x"},"classes":[]},{"id":63570,"url":"http:\/\/www.24baires.com\/?p=63570","url_meta":{"origin":56884,"position":3},"title":"\u201cMientras la Argentina se apega al derecho internacional, Gran Breta\u00f1a apuesta al armamentismo\u201d","author":"AF","date":"25\/03\/2015","format":false,"excerpt":"El canciller H\u00e9ctor Timerman sostuvo que \u201cmientras la Argentina se apega al derecho internacional, Gran Breta\u00f1a apuesta al armamentismo\u201d y adelant\u00f3 que, tras conocerse la decisi\u00f3n brit\u00e1nica de reforzar la presencia militar en las Islas Malvinas, el gobierno nacional presentar\u00e1 una denuncia ante el Comit\u00e9 de Descolonizaci\u00f3n de Naciones Unidas\u2026","rel":"","context":"En \u00abInternacionales\u00bb","block_context":{"text":"Internacionales","link":"http:\/\/www.24baires.com\/?cat=73"},"img":{"alt_text":"","src":"","width":0,"height":0},"classes":[]},{"id":119005,"url":"http:\/\/www.24baires.com\/?p=119005","url_meta":{"origin":56884,"position":4},"title":"Cafiero pidi\u00f3 al Reino Unido retomar las negociaciones por la soberan\u00eda sobre Malvinas","author":"AF","date":"23\/06\/2022","format":false,"excerpt":"Durante su exposici\u00f3n en la Sesi\u00f3n Especial del Comit\u00e9 de Descolonizaci\u00f3n de la Organizaci\u00f3n de las Naciones Unidas, el Canciller le dijo adem\u00e1s que \"es momento\" de que \"deje en las p\u00e1ginas de la historia su ejercicio de potencia colonial\". El canciller Santiago Cafiero pidi\u00f3 que el Reino Unido \"no\u2026","rel":"","context":"En \u00abInternacionales\u00bb","block_context":{"text":"Internacionales","link":"http:\/\/www.24baires.com\/?cat=73"},"img":{"alt_text":"","src":"https:\/\/i0.wp.com\/www.24baires.com\/wp-content\/uploads\/2022\/06\/cafiero.jpg?resize=350%2C200","width":350,"height":200,"srcset":"https:\/\/i0.wp.com\/www.24baires.com\/wp-content\/uploads\/2022\/06\/cafiero.jpg?resize=350%2C200 1x, https:\/\/i0.wp.com\/www.24baires.com\/wp-content\/uploads\/2022\/06\/cafiero.jpg?resize=525%2C300 1.5x, https:\/\/i0.wp.com\/www.24baires.com\/wp-content\/uploads\/2022\/06\/cafiero.jpg?resize=700%2C400 2x"},"classes":[]},{"id":43691,"url":"http:\/\/www.24baires.com\/?p=43691","url_meta":{"origin":56884,"position":5},"title":"Timerman denunci\u00f3 que Inglaterra har\u00e1 pruebas militares en Malvinas","author":"Grupo Sierra","date":"11\/04\/2014","format":false,"excerpt":"Lo asegur\u00f3 el canciller H\u00e9ctor Timerman durante una conferencia de prensa en la que denunci\u00f3 una \"nueva exhibici\u00f3n belicista en la zona de paz\". A trav\u00e9s del canciller H\u00e9ctor Timerman, el gobierno argentino present\u00f3 hoy una nota de \"en\u00e9rgica protesta\" ante el Reino Unido frente a una \"nueva exhibici\u00f3n belicista\u2026","rel":"","context":"En \u00abPol\u00edtica\u00bb","block_context":{"text":"Pol\u00edtica","link":"http:\/\/www.24baires.com\/?cat=51"},"img":{"alt_text":"timerman","src":"https:\/\/i0.wp.com\/www.24baires.com\/wp-content\/uploads\/2013\/03\/timerman.jpg?resize=350%2C200","width":350,"height":200,"srcset":"https:\/\/i0.wp.com\/www.24baires.com\/wp-content\/uploads\/2013\/03\/timerman.jpg?resize=350%2C200 1x, https:\/\/i0.wp.com\/www.24baires.com\/wp-content\/uploads\/2013\/03\/timerman.jpg?resize=525%2C300 1.5x"},"classes":[]}],"jetpack_sharing_enabled":true,"jetpack_likes_enabled":true,"jetpack_featured_media_url":"","_links":{"self":[{"href":"http:\/\/www.24baires.com\/index.php?rest_route=\/wp\/v2\/posts\/56884","targetHints":{"allow":["GET"]}}],"collection":[{"href":"http:\/\/www.24baires.com\/index.php?rest_route=\/wp\/v2\/posts"}],"about":[{"href":"http:\/\/www.24baires.com\/index.php?rest_route=\/wp\/v2\/types\/post"}],"author":[{"embeddable":true,"href":"http:\/\/www.24baires.com\/index.php?rest_route=\/wp\/v2\/users\/8"}],"replies":[{"embeddable":true,"href":"http:\/\/www.24baires.com\/index.php?rest_route=%2Fwp%2Fv2%2Fcomments&post=56884"}],"version-history":[{"count":1,"href":"http:\/\/www.24baires.com\/index.php?rest_route=\/wp\/v2\/posts\/56884\/revisions"}],"predecessor-version":[{"id":56885,"href":"http:\/\/www.24baires.com\/index.php?rest_route=\/wp\/v2\/posts\/56884\/revisions\/56885"}],"wp:attachment":[{"href":"http:\/\/www.24baires.com\/index.php?rest_route=%2Fwp%2Fv2%2Fmedia&parent=56884"}],"wp:term":[{"taxonomy":"category","embeddable":true,"href":"http:\/\/www.24baires.com\/index.php?rest_route=%2Fwp%2Fv2%2Fcategories&post=56884"},{"taxonomy":"post_tag","embeddable":true,"href":"http:\/\/www.24baires.com\/index.php?rest_route=%2Fwp%2Fv2%2Ftags&post=56884"}],"curies":[{"name":"wp","href":"https:\/\/api.w.org\/{rel}","templated":true}]}}