{"id":56870,"date":"2014-11-10T14:30:30","date_gmt":"2014-11-10T17:30:30","guid":{"rendered":"http:\/\/www.24baires.com\/?p=56870"},"modified":"2014-11-10T13:35:56","modified_gmt":"2014-11-10T16:35:56","slug":"para-este-verano-estara-dispuesto-un-operativo-sol-sin-precedentes-aseguro-scioli","status":"publish","type":"post","link":"http:\/\/www.24baires.com\/?p=56870","title":{"rendered":"\u00abPara este verano estar\u00e1 dispuesto un Operativo Sol sin precedentes\u00bb, asegur\u00f3 Scioli"},"content":{"rendered":"<p><img data-recalc-dims=\"1\" loading=\"lazy\" decoding=\"async\" class=\"aligncenter size-full wp-image-56871\" src=\"https:\/\/i0.wp.com\/www.24baires.com\/wp-content\/uploads\/2014\/11\/scioli-pulti-sol.jpg?resize=560%2C398\" alt=\"scioli pulti sol\" width=\"560\" height=\"398\" srcset=\"https:\/\/i0.wp.com\/www.24baires.com\/wp-content\/uploads\/2014\/11\/scioli-pulti-sol.jpg?w=560 560w, https:\/\/i0.wp.com\/www.24baires.com\/wp-content\/uploads\/2014\/11\/scioli-pulti-sol.jpg?resize=300%2C213 300w\" sizes=\"auto, (max-width: 560px) 100vw, 560px\" \/><strong>MAR DEL PLATA-<\/strong>El Gobernador pas\u00f3 por Mar del Plata para anticipar lo que ser\u00e1n los operativos de seguridad en los destinos tur\u00edsticos de la provincia, sobre todo en la Costa Atl\u00e1ntica. Dijo que no tendr\u00e1 \u00abprecedentes\u00bb.<!--more--><\/p>\n<p>Como es sabido, el 2015 ser\u00e1 un a\u00f1o electoral de notable importancia y el acento en la inseguridad marcar\u00e1 la agenda de los comicios, siendo el tema que m\u00e1s preocupa y mayor inter\u00e9s suscita en los sondeos de opini\u00f3n. Por eso, el Gobernador de la provincia tratar\u00e1 que sean 12 meses sin sobresaltos, con apuestas como la Polic\u00eda Comunal y -durante la temporada de verano- el ya c\u00e9lebre Operativo Sol.<\/p>\n<p>En efecto, el propio Daniel Scioli afirm\u00f3 que \u00abpara este verano estar\u00e1 dispuesto un Operativo Sol sin precedentes\u00bb para quienes pasen sus vacaciones en los centros tur\u00edsticos bonaerenses, especialmente la Costa Atl\u00e1ntica, hist\u00f3ricamente el destino m\u00e1s transitado por los visitantes.<\/p>\n<p>Y prometi\u00f3 que la seguridad no ser\u00e1 s\u00f3lo en prevenci\u00f3n de delitos, sino en resguardos de distinta \u00edndole, con controles de nocturnidad.<\/p>\n<p>El Mandatario provincial estuvo en la ciudad de Mar del Plata, junto a Gustavo Pulti, su Intendente. Y ah\u00ed habl\u00f3 de la presencia policial pero tambi\u00e9n de \u00abm\u00e1s inclusi\u00f3n, el deporte, la cultura y la educaci\u00f3n\u00bb como la \u00abclave\u00bb.<\/p>\n<p>&nbsp;<\/p>\n<p>&nbsp;<\/p>\n<p>&nbsp;<\/p>\n<p>&nbsp;<\/p>\n<p>&nbsp;<\/p>\n<p>&nbsp;<\/p>\n<p>&nbsp;<\/p>\n<p>&nbsp;<\/p>\n<p>&nbsp;<\/p>\n<p>&nbsp;<\/p>\n<p>&nbsp;<\/p>\n<p>&nbsp;<\/p>\n<p>&nbsp;<\/p>\n","protected":false},"excerpt":{"rendered":"<p>MAR DEL PLATA-El Gobernador pas\u00f3 por Mar del Plata para anticipar lo que ser\u00e1n los operativos de seguridad en los destinos tur\u00edsticos de la provincia, sobre todo en la Costa Atl\u00e1ntica. Dijo que no tendr\u00e1 \u00abprecedentes\u00bb.<\/p>\n","protected":false},"author":8,"featured_media":0,"comment_status":"open","ping_status":"open","sticky":false,"template":"","format":"standard","meta":{"_jetpack_newsletter_access":"","_jetpack_dont_email_post_to_subs":false,"_jetpack_newsletter_tier_id":0,"_jetpack_memberships_contains_paywalled_content":false,"_jetpack_memberships_contains_paid_content":false,"footnotes":""},"categories":[51],"tags":[],"class_list":["post-56870","post","type-post","status-publish","format-standard","hentry","category-politica"],"jetpack_shortlink":"https:\/\/wp.me\/p2JWE0-eNg","jetpack-related-posts":[{"id":59224,"url":"http:\/\/www.24baires.com\/?p=59224","url_meta":{"origin":56870,"position":0},"title":"Scioli pidi\u00f3 a comerciantes \u00abofrecer precios razonables\u00bb en la temporada","author":"AF","date":"27\/12\/2014","format":false,"excerpt":"El gobernador Daniel Scioli convoc\u00f3 este s\u00e1bado a la \u201cresponsabilidad de los comerciantes para ofrecer precios razonables\u201d y asegur\u00f3 que \u201cse vislumbra una temporada excepcional\u201d al realizar hoy un balance parcial en medio de un fin de semana largo, en Mar del Plata y Santa Teresita, donde supervis\u00f3 el Operativo\u2026","rel":"","context":"En \u00abPol\u00edtica\u00bb","block_context":{"text":"Pol\u00edtica","link":"http:\/\/www.24baires.com\/?cat=51"},"img":{"alt_text":"scioli la plata","src":"https:\/\/i0.wp.com\/www.24baires.com\/wp-content\/uploads\/2014\/12\/scioli-la-plata.jpg?resize=350%2C200","width":350,"height":200,"srcset":"https:\/\/i0.wp.com\/www.24baires.com\/wp-content\/uploads\/2014\/12\/scioli-la-plata.jpg?resize=350%2C200 1x, https:\/\/i0.wp.com\/www.24baires.com\/wp-content\/uploads\/2014\/12\/scioli-la-plata.jpg?resize=525%2C300 1.5x"},"classes":[]},{"id":58889,"url":"http:\/\/www.24baires.com\/?p=58889","url_meta":{"origin":56870,"position":1},"title":"Scioli lanz\u00f3 el controvertido Operativo Sol","author":"Grupo Sierra","date":"19\/12\/2014","format":false,"excerpt":"MAR DEL PLATA- El gobernador bonaerense present\u00f3 el operativo que contar\u00e1 con 12 mil polic\u00edas, quienes trabajar\u00e1n a lo largo de toda la Costa Atl\u00e1ntica. El gobernador de la provincia, Daniel Scioli, dio comienzo a un nuevo Operativo Sol en las ciudades de Pinamar y Mar del Plata. El ministro\u2026","rel":"","context":"En \u00abProvincia\u00bb","block_context":{"text":"Provincia","link":"http:\/\/www.24baires.com\/?cat=40"},"img":{"alt_text":"Scioli operativo sol1","src":"https:\/\/i0.wp.com\/www.24baires.com\/wp-content\/uploads\/2013\/12\/Scioli-operativo-sol1.jpg?resize=350%2C200","width":350,"height":200,"srcset":"https:\/\/i0.wp.com\/www.24baires.com\/wp-content\/uploads\/2013\/12\/Scioli-operativo-sol1.jpg?resize=350%2C200 1x, https:\/\/i0.wp.com\/www.24baires.com\/wp-content\/uploads\/2013\/12\/Scioli-operativo-sol1.jpg?resize=525%2C300 1.5x"},"classes":[]},{"id":118356,"url":"http:\/\/www.24baires.com\/?p=118356","url_meta":{"origin":56870,"position":2},"title":"Axel Kicillof lanza el Operativo Sol 2022 en Mar del Plata","author":"GB","date":"20\/12\/2021","format":false,"excerpt":"El gobernador de la Provincia de Buenos Aires, Axel Kicillof, presenta el Operativo Sol 2022 en la Ciudad de Mar del Plata tras lanzar la temporada de verano. Luego de lanzar la temporada de verano al inaugurar la finalizaci\u00f3n de las obras en las autov\u00edas y rutas N\u00ba 11 y\u2026","rel":"","context":"En \u00abProvincia\u00bb","block_context":{"text":"Provincia","link":"http:\/\/www.24baires.com\/?cat=40"},"img":{"alt_text":"","src":"https:\/\/i0.wp.com\/www.24baires.com\/wp-content\/uploads\/2021\/12\/axel-kicillof-mar-del-platajpg-300x200.jpg?resize=350%2C200","width":350,"height":200},"classes":[]},{"id":56930,"url":"http:\/\/www.24baires.com\/?p=56930","url_meta":{"origin":56870,"position":3},"title":"Durante la temporada habr\u00e1 hospitales m\u00f3viles, carpas sanitarias y helic\u00f3pteros en la costa","author":"GB","date":"11\/11\/2014","format":false,"excerpt":"La pr\u00f3xima temporada de verano, el Ministerio de Salud bonaerense dispondr\u00e1 de 12 ambulancias equipadas con cardiodesfibriladores, 7 hospitales m\u00f3viles y 2 helic\u00f3pteros que recorrer\u00e1n la costa atl\u00e1ntica. De acuerdo a datos del Operativo de Servicio de Atenci\u00f3n al Turista (SAT), este a\u00f1o la Provincia contar\u00e1 adem\u00e1s con 5 carpas\u2026","rel":"","context":"En \u00abProvincia\u00bb","block_context":{"text":"Provincia","link":"http:\/\/www.24baires.com\/?cat=40"},"img":{"alt_text":"","src":"","width":0,"height":0},"classes":[]},{"id":120797,"url":"http:\/\/www.24baires.com\/?p=120797","url_meta":{"origin":56870,"position":4},"title":"\u00abCreen que castigan a un gobierno, pero si cortan recursos va a sufrir el pueblo\u00bb, dijo Kicillof","author":"GB","date":"27\/12\/2023","format":false,"excerpt":"MAR DEL PLATA-El gobernador bonaerense, Axel Kicillof, encabez\u00f3 el lanzamiento del Operativo de Sol a Sol y cuestion\u00f3 duramente el plan de ajuste y las pol\u00edticas de Javier Milei. El gobernador bonaerense, Axel Kicillof, lanz\u00f3 en Mar del Plata el Operativo de Sol a Sol, el tradicional dispositivo que refuerza\u2026","rel":"","context":"En \u00abPol\u00edtica\u00bb","block_context":{"text":"Pol\u00edtica","link":"http:\/\/www.24baires.com\/?cat=51"},"img":{"alt_text":"","src":"https:\/\/i0.wp.com\/www.24baires.com\/wp-content\/uploads\/2023\/12\/kicillof-ope-sol.jpg?resize=350%2C200","width":350,"height":200,"srcset":"https:\/\/i0.wp.com\/www.24baires.com\/wp-content\/uploads\/2023\/12\/kicillof-ope-sol.jpg?resize=350%2C200 1x, https:\/\/i0.wp.com\/www.24baires.com\/wp-content\/uploads\/2023\/12\/kicillof-ope-sol.jpg?resize=525%2C300 1.5x, https:\/\/i0.wp.com\/www.24baires.com\/wp-content\/uploads\/2023\/12\/kicillof-ope-sol.jpg?resize=700%2C400 2x"},"classes":[]},{"id":99669,"url":"http:\/\/www.24baires.com\/?p=99669","url_meta":{"origin":56870,"position":5},"title":"M\u00e1s de 15 mil polic\u00edas participar\u00e1n del Operativo Sol 2018","author":"GB","date":"28\/12\/2017","format":false,"excerpt":"Vidal lanz\u00f3 desde Mar del Plata el operativo de seguridad para la temporada de verano. Alcanzar\u00e1 a 47 localidades y contar\u00e1 con un fuerte despliegue tecnol\u00f3gico. M\u00e1s de 15 mil polic\u00edas desplegar\u00e1 el Gobierno bonaerense en 47 localidades para garantizar la seguridad durante la temporada de verano en el marco\u2026","rel":"","context":"En \u00abProvincia\u00bb","block_context":{"text":"Provincia","link":"http:\/\/www.24baires.com\/?cat=40"},"img":{"alt_text":"","src":"https:\/\/i0.wp.com\/www.24baires.com\/wp-content\/uploads\/2017\/12\/vidal-op-sol.jpg?resize=350%2C200","width":350,"height":200,"srcset":"https:\/\/i0.wp.com\/www.24baires.com\/wp-content\/uploads\/2017\/12\/vidal-op-sol.jpg?resize=350%2C200 1x, https:\/\/i0.wp.com\/www.24baires.com\/wp-content\/uploads\/2017\/12\/vidal-op-sol.jpg?resize=525%2C300 1.5x"},"classes":[]}],"jetpack_sharing_enabled":true,"jetpack_likes_enabled":true,"jetpack_featured_media_url":"","_links":{"self":[{"href":"http:\/\/www.24baires.com\/index.php?rest_route=\/wp\/v2\/posts\/56870","targetHints":{"allow":["GET"]}}],"collection":[{"href":"http:\/\/www.24baires.com\/index.php?rest_route=\/wp\/v2\/posts"}],"about":[{"href":"http:\/\/www.24baires.com\/index.php?rest_route=\/wp\/v2\/types\/post"}],"author":[{"embeddable":true,"href":"http:\/\/www.24baires.com\/index.php?rest_route=\/wp\/v2\/users\/8"}],"replies":[{"embeddable":true,"href":"http:\/\/www.24baires.com\/index.php?rest_route=%2Fwp%2Fv2%2Fcomments&post=56870"}],"version-history":[{"count":1,"href":"http:\/\/www.24baires.com\/index.php?rest_route=\/wp\/v2\/posts\/56870\/revisions"}],"predecessor-version":[{"id":56872,"href":"http:\/\/www.24baires.com\/index.php?rest_route=\/wp\/v2\/posts\/56870\/revisions\/56872"}],"wp:attachment":[{"href":"http:\/\/www.24baires.com\/index.php?rest_route=%2Fwp%2Fv2%2Fmedia&parent=56870"}],"wp:term":[{"taxonomy":"category","embeddable":true,"href":"http:\/\/www.24baires.com\/index.php?rest_route=%2Fwp%2Fv2%2Fcategories&post=56870"},{"taxonomy":"post_tag","embeddable":true,"href":"http:\/\/www.24baires.com\/index.php?rest_route=%2Fwp%2Fv2%2Ftags&post=56870"}],"curies":[{"name":"wp","href":"https:\/\/api.w.org\/{rel}","templated":true}]}}