{"id":56849,"date":"2014-11-10T10:00:13","date_gmt":"2014-11-10T13:00:13","guid":{"rendered":"http:\/\/www.24baires.com\/?p=56849"},"modified":"2014-11-11T10:13:17","modified_gmt":"2014-11-11T13:13:17","slug":"capitanich-aseguro-que-no-hay-clausulas-secretas-entre-ypf-y-chevron","status":"publish","type":"post","link":"http:\/\/www.24baires.com\/?p=56849","title":{"rendered":"Capitanich asegur\u00f3 que \u00abNo hay cl\u00e1usulas secretas entre YPF y Chevr\u00f3n\u00bb"},"content":{"rendered":"<p><img data-recalc-dims=\"1\" loading=\"lazy\" decoding=\"async\" class=\"aligncenter size-full wp-image-53422\" src=\"https:\/\/i0.wp.com\/www.24baires.com\/wp-content\/uploads\/2014\/09\/capitanich1.jpg?resize=560%2C420\" alt=\"capitanich\" width=\"560\" height=\"420\" srcset=\"https:\/\/i0.wp.com\/www.24baires.com\/wp-content\/uploads\/2014\/09\/capitanich1.jpg?w=560 560w, https:\/\/i0.wp.com\/www.24baires.com\/wp-content\/uploads\/2014\/09\/capitanich1.jpg?resize=300%2C225 300w\" sizes=\"auto, (max-width: 560px) 100vw, 560px\" \/>El jefe de Gabinete dijo que, en cambio, hay \u00abcl\u00e1sulas de confidencialidad\u00bb como en cualquier contrato se ese tipo. Fue al responder un art\u00edculo de Clar\u00edn sobre las negociaciones por Vaca Muerta.<!--more--><\/p>\n<p>En su habitual rueda de prensa en Casa de Gobierno, Capitanich indic\u00f3 que \u00abtodo lo que contempla el contrato es lo que en forma ordinaria se efect\u00faa en materia de transacciones con empresas multinacionales\u00bb.<\/p>\n<p>En ese marco, el jefe de Gabinete adjudic\u00f3 las versiones publicadas por los diarios Clar\u00edn y La Naci\u00f3n -que hablaron de supuestos acuerdos secretos entre YPF y Chevron- a \u00aboperaciones de prensa\u00bb de los grupos medi\u00e1ticos concentrados, que \u00abnunca se cansan de extorsionar a los gobiernos de turno\u00bb.<\/p>\n<p>\u00abLo de Chevron es m\u00e1s de lo mismo. Nada nuevo bajo el sol. No hay cla\u00fasulas secretas sino de confidencialidad, como ya lo ha expresado YPF, que forman parte de la operatoria t\u00edpica de una inversi\u00f3n de esta naturaleza\u00bb, explic\u00f3 Capitanich ante una consulta.<\/p>\n<p>En ese marco, el jefe de Gabinete volvi\u00f3 a ratificar la \u00abdecisi\u00f3n estrat\u00e9gica del gobierno argentino de lograr el autobastecimiento energ\u00e9tico\u00bb, para lo que fue \u00abclave\u00bb la expropiaci\u00f3n de acciones de Repsol por parte de YPF, lo que signific\u00f3 \u00abun incremento sustancial en la producci\u00f3n de gas y petroleo convencional y no convencional\u00bb.<\/p>\n<p>Seg\u00fan consider\u00f3 Capitanich, este tipo de informaciones publicadas en los diarios constituyen \u00abun refrito permanente de este tipo de consideraciones, en las que opinan los mismos opositores de siempre, financiados por empresas petroleras que pretenden obstaculizar que Argentina logre el autoabastecimiento energ\u00e9tico\u00bb.<\/p>\n<p>\u00abSon operaciones de prensa que tienen la base clara de ser una cortina de humo; porque nadie dice nada del convenio que Argentina firm\u00f3 con Suiza, por medio del cual se detectaron m\u00e1s de 4 mil cuentas, de las cuales s\u00f3lo 123 est\u00e1n declaradas\u00bb, afirm\u00f3.<\/p>\n<p>\u00abNi tampoco dicen nada de la Comisi\u00f3n Bicameral que debe crearse en el Congreso respecto a transacciones de sobrefacturaci\u00f3n y subfacturaci\u00f3n de exportaciones. Nadie dice nada que este gobierno debi\u00f3 soportar 9 corridas cambiarias\u00bb, a\u00f1adi\u00f3.<\/p>\n","protected":false},"excerpt":{"rendered":"<p>El jefe de Gabinete dijo que, en cambio, hay \u00abcl\u00e1sulas de confidencialidad\u00bb como en cualquier contrato se ese tipo. Fue al responder un art\u00edculo de Clar\u00edn sobre las negociaciones por Vaca Muerta.<\/p>\n","protected":false},"author":4,"featured_media":0,"comment_status":"open","ping_status":"open","sticky":false,"template":"","format":"standard","meta":{"_jetpack_newsletter_access":"","_jetpack_dont_email_post_to_subs":false,"_jetpack_newsletter_tier_id":0,"_jetpack_memberships_contains_paywalled_content":false,"_jetpack_memberships_contains_paid_content":false,"footnotes":""},"categories":[51],"tags":[],"class_list":["post-56849","post","type-post","status-publish","format-standard","hentry","category-politica"],"jetpack_shortlink":"https:\/\/wp.me\/p2JWE0-eMV","jetpack-related-posts":[{"id":74893,"url":"http:\/\/www.24baires.com\/?p=74893","url_meta":{"origin":56849,"position":0},"title":"Para An\u00edbal, el fallo de la Corte por Chevron atenta contra la seguridad jur\u00eddica del pa\u00eds","author":"GB","date":"11\/11\/2015","format":false,"excerpt":"El jefe de Gabinete se refiri\u00f3 al fallo que ordena a YPF hacer p\u00fablicas las cl\u00e1usulas secretas del acuerdo con la petrolera estadounidense por Vaca Muerta.Y recalc\u00f3 que tiene \"una clara intencionalidad pol\u00edtica\". \"Lo que ha dicho la Corte en este caso es una locura, que lo que hace es\u2026","rel":"","context":"En \u00abPol\u00edtica\u00bb","block_context":{"text":"Pol\u00edtica","link":"http:\/\/www.24baires.com\/?cat=51"},"img":{"alt_text":"an\u00edbal cierre","src":"https:\/\/i0.wp.com\/www.24baires.com\/wp-content\/uploads\/2015\/08\/an%C3%ADbal-cierre.jpg?resize=350%2C200","width":350,"height":200,"srcset":"https:\/\/i0.wp.com\/www.24baires.com\/wp-content\/uploads\/2015\/08\/an%C3%ADbal-cierre.jpg?resize=350%2C200 1x, https:\/\/i0.wp.com\/www.24baires.com\/wp-content\/uploads\/2015\/08\/an%C3%ADbal-cierre.jpg?resize=525%2C300 1.5x"},"classes":[]},{"id":34054,"url":"http:\/\/www.24baires.com\/?p=34054","url_meta":{"origin":56849,"position":1},"title":"YPF volvi\u00f3 a asegurar que no hay cl\u00e1usulas secretas en el acuerdo con Chevron","author":"GB","date":"24\/10\/2013","format":false,"excerpt":"La petrolera nacional YPF ratific\u00f3 que el acuerdo firmado con la compa\u00f1\u00eda estadounidense Chevron, para el desarrollo del primer cluster de shale en Vaca Muerta, no posee cl\u00e1usulas secretas y que los principales puntos del entendimiento fueron hechos p\u00fablicos el 29 de agosto \u00faltimo. La compa\u00f1\u00eda que conduce Miguel Galuccio\u2026","rel":"","context":"En \u00abEconom\u00eda\u00bb","block_context":{"text":"Econom\u00eda","link":"http:\/\/www.24baires.com\/?cat=45"},"img":{"alt_text":"bono-ypf.jpg_552074685","src":"https:\/\/i0.wp.com\/www.24baires.com\/wp-content\/uploads\/2013\/03\/bono-ypf.jpg_552074685.jpg?resize=350%2C200","width":350,"height":200,"srcset":"https:\/\/i0.wp.com\/www.24baires.com\/wp-content\/uploads\/2013\/03\/bono-ypf.jpg_552074685.jpg?resize=350%2C200 1x, https:\/\/i0.wp.com\/www.24baires.com\/wp-content\/uploads\/2013\/03\/bono-ypf.jpg_552074685.jpg?resize=525%2C300 1.5x"},"classes":[]},{"id":80118,"url":"http:\/\/www.24baires.com\/?p=80118","url_meta":{"origin":56849,"position":2},"title":"Ordenan a YPF entregar el contrato con Chevron","author":"AF","date":"14\/03\/2016","format":false,"excerpt":"La magistrada Mar\u00eda Cristina Carri\u00f3n de Lorenzo exigi\u00f3 revelar las cl\u00e1usulas sobre el convenio con la petrolera estadounidense. El plazo es de cinco d\u00edas. La jueza en lo contencioso administrativo federal Cristina Carri\u00f3n de Lorenzo fij\u00f3 un plazo de cinco d\u00edas para que YPF presente el contrato completo que firm\u00f3\u2026","rel":"","context":"En \u00abJUDICIALES\u00bb","block_context":{"text":"JUDICIALES","link":"http:\/\/www.24baires.com\/?cat=68"},"img":{"alt_text":"bono-ypf.jpg_552074685","src":"https:\/\/i0.wp.com\/www.24baires.com\/wp-content\/uploads\/2013\/03\/bono-ypf.jpg_552074685.jpg?resize=350%2C200","width":350,"height":200,"srcset":"https:\/\/i0.wp.com\/www.24baires.com\/wp-content\/uploads\/2013\/03\/bono-ypf.jpg_552074685.jpg?resize=350%2C200 1x, https:\/\/i0.wp.com\/www.24baires.com\/wp-content\/uploads\/2013\/03\/bono-ypf.jpg_552074685.jpg?resize=525%2C300 1.5x"},"classes":[]},{"id":80249,"url":"http:\/\/www.24baires.com\/?p=80249","url_meta":{"origin":56849,"position":3},"title":"YPF apelar\u00e1 fallo que lo obliga a hacer p\u00fablico el contrato con Chevron","author":"GB","date":"16\/03\/2016","format":false,"excerpt":"La petrolera YPF decidi\u00f3 este mi\u00e9rcoles apelar la decisi\u00f3n de la jueza en lo Contencioso Administrativo Federal, Mar\u00eda Cristina Carri\u00f3n de Lorenzo, que el lunes dio un plazo de cinco d\u00edas a la compa\u00f1\u00eda para entregar el contrato completo del acuerdo firmado con la petrolera estadounidense Chevr\u00f3n para la exploraci\u00f3n\u2026","rel":"","context":"En \u00abLocales\u00bb","block_context":{"text":"Locales","link":"http:\/\/www.24baires.com\/?cat=38"},"img":{"alt_text":"bono-ypf.jpg_552074685","src":"https:\/\/i0.wp.com\/www.24baires.com\/wp-content\/uploads\/2013\/03\/bono-ypf.jpg_552074685.jpg?resize=350%2C200","width":350,"height":200,"srcset":"https:\/\/i0.wp.com\/www.24baires.com\/wp-content\/uploads\/2013\/03\/bono-ypf.jpg_552074685.jpg?resize=350%2C200 1x, https:\/\/i0.wp.com\/www.24baires.com\/wp-content\/uploads\/2013\/03\/bono-ypf.jpg_552074685.jpg?resize=525%2C300 1.5x"},"classes":[]},{"id":50869,"url":"http:\/\/www.24baires.com\/?p=50869","url_meta":{"origin":56849,"position":4},"title":"\u00abDecir que la Argentina est\u00e1 en default t\u00e9cnico es una patra\u00f1a absurda\u00bb","author":"AF","date":"31\/07\/2014","format":false,"excerpt":"Lo afirm\u00f3 el jefe de Gabinete, Jorge Capitanich, y sostuvo que \"ha habido una mala praxis del Poder Judicial de Estados Unidos\" en el litigio con los fondos buitre y que han notado \"una marcada incompetencia\" del mediador. En su habitual conferencia de prensa matutina en Casa de Gobierno, Capitanich\u2026","rel":"","context":"En \u00abEconom\u00eda\u00bb","block_context":{"text":"Econom\u00eda","link":"http:\/\/www.24baires.com\/?cat=45"},"img":{"alt_text":"capitanich","src":"https:\/\/i0.wp.com\/www.24baires.com\/wp-content\/uploads\/2014\/04\/capitanich.jpg?resize=350%2C200","width":350,"height":200,"srcset":"https:\/\/i0.wp.com\/www.24baires.com\/wp-content\/uploads\/2014\/04\/capitanich.jpg?resize=350%2C200 1x, https:\/\/i0.wp.com\/www.24baires.com\/wp-content\/uploads\/2014\/04\/capitanich.jpg?resize=525%2C300 1.5x"},"classes":[]},{"id":28606,"url":"http:\/\/www.24baires.com\/?p=28606","url_meta":{"origin":56849,"position":5},"title":"Aseguran que el acuerdo YPF-Chevron \u00abno contempla ninguna pol\u00edtica de precios\u00bb","author":"AF","date":"19\/07\/2013","format":false,"excerpt":"La petrolera nacional YPF afirm\u00f3 que el contrato con la compa\u00f1\u00eda estadounidense Chevr\u00f3n \"no contempla ninguna pol\u00edtica de precios espec\u00edfica ni para el corto ni para el largo plazo\". La compa\u00f1\u00eda que conduce Miguel Galuccio desminti\u00f3 lo publicado hoy en el diario La Naci\u00f3n en el que se detallan algunas\u2026","rel":"","context":"En \u00abEconom\u00eda\u00bb","block_context":{"text":"Econom\u00eda","link":"http:\/\/www.24baires.com\/?cat=45"},"img":{"alt_text":"","src":"","width":0,"height":0},"classes":[]}],"jetpack_sharing_enabled":true,"jetpack_likes_enabled":true,"jetpack_featured_media_url":"","_links":{"self":[{"href":"http:\/\/www.24baires.com\/index.php?rest_route=\/wp\/v2\/posts\/56849","targetHints":{"allow":["GET"]}}],"collection":[{"href":"http:\/\/www.24baires.com\/index.php?rest_route=\/wp\/v2\/posts"}],"about":[{"href":"http:\/\/www.24baires.com\/index.php?rest_route=\/wp\/v2\/types\/post"}],"author":[{"embeddable":true,"href":"http:\/\/www.24baires.com\/index.php?rest_route=\/wp\/v2\/users\/4"}],"replies":[{"embeddable":true,"href":"http:\/\/www.24baires.com\/index.php?rest_route=%2Fwp%2Fv2%2Fcomments&post=56849"}],"version-history":[{"count":1,"href":"http:\/\/www.24baires.com\/index.php?rest_route=\/wp\/v2\/posts\/56849\/revisions"}],"predecessor-version":[{"id":56850,"href":"http:\/\/www.24baires.com\/index.php?rest_route=\/wp\/v2\/posts\/56849\/revisions\/56850"}],"wp:attachment":[{"href":"http:\/\/www.24baires.com\/index.php?rest_route=%2Fwp%2Fv2%2Fmedia&parent=56849"}],"wp:term":[{"taxonomy":"category","embeddable":true,"href":"http:\/\/www.24baires.com\/index.php?rest_route=%2Fwp%2Fv2%2Fcategories&post=56849"},{"taxonomy":"post_tag","embeddable":true,"href":"http:\/\/www.24baires.com\/index.php?rest_route=%2Fwp%2Fv2%2Ftags&post=56849"}],"curies":[{"name":"wp","href":"https:\/\/api.w.org\/{rel}","templated":true}]}}