{"id":56845,"date":"2014-11-09T21:00:35","date_gmt":"2014-11-10T00:00:35","guid":{"rendered":"http:\/\/www.24baires.com\/?p=56845"},"modified":"2014-11-09T20:50:19","modified_gmt":"2014-11-09T23:50:19","slug":"posse-disparo-contra-la-familia-de-massa","status":"publish","type":"post","link":"http:\/\/www.24baires.com\/?p=56845","title":{"rendered":"Posse dispar\u00f3 contra la familia de Massa"},"content":{"rendered":"<p><img data-recalc-dims=\"1\" loading=\"lazy\" decoding=\"async\" class=\"aligncenter size-full wp-image-55129\" src=\"https:\/\/i0.wp.com\/www.24baires.com\/wp-content\/uploads\/2014\/10\/gustavo-posse.jpg?resize=560%2C420\" alt=\"gustavo posse\" width=\"560\" height=\"420\" srcset=\"https:\/\/i0.wp.com\/www.24baires.com\/wp-content\/uploads\/2014\/10\/gustavo-posse.jpg?w=560 560w, https:\/\/i0.wp.com\/www.24baires.com\/wp-content\/uploads\/2014\/10\/gustavo-posse.jpg?resize=300%2C225 300w\" sizes=\"auto, (max-width: 560px) 100vw, 560px\" \/>\u00abMassa tiene un problema a resolver: la gente que forma parte de su familia\u00bb, advirti\u00f3 el intendente del partido bonaerense de San Isidro, quien hab\u00eda anunciado que se postular\u00eda por otro partido. <!--more--><\/p>\n<p>Tras amenazar con postularse a gobernador por otro partido, el intendente de San Isidro, Gustavo Posse, tom\u00f3 hoy una mayor distancia del Frente Renovador al sostener que el l\u00edder del espacio, Sergio Massa, \u00abtiene un problema a resolver, que es la gente que forma parte de su familia\u00bb.<\/p>\n<p>\u00abLa dificultad de la presencia (de la familia Galmarini) es para quien lidera este proyecto, que es Sergio Massa. \u00c9l tiene la dificultad a vencer un problema con gente que es familiar de su esposa\u00bb, plante\u00f3 Posse en declaraciones a radio Nacional Rock.<\/p>\n<p>San Isidro es un distrito gobernado desde hace varios per\u00edodos por Posse, hijo del hist\u00f3rico dirigente radical y exintendente local Melchor Posse, cuya familia mantiene un enfrentamiento pol\u00edtico de larga data con los peronistas Galmarini.<\/p>\n<p>En la familia se cuentan la esposa de Massa, Malena Galmarini; su hermano Sebasti\u00e1n Galmarini, diputado provincial del Frente Renovador, y el padre de ambos, Fernando \u00abPato\u00bb Galmarini, exsecretario de Deportes de Carlos Menem.<\/p>\n<p>A pesar de esta nueva advertencia a Massa, Posse sostuvo que no se ir\u00e1 del Frente Renovador debido a la disputa entre los clanes sanisidrenses porque \u00abel que est\u00e1 en pol\u00edtica est\u00e1 preparado para la dificultad y nunca se va de un lugar por razones de personas\u00bb.<\/p>\n<p>Posse, precandidato a gobernador del Frente Renovador, tambi\u00e9n amenaz\u00f3 la semana pasada con postularse por su propio partido municipal, Espacio Abierto, en respuesta a la posibilidad de que el diputado Mart\u00edn Insaurralde (Frente para la Victoria), tambi\u00e9n aspirante a suceder a Daniel Scioli, desembarque en el massismo.<\/p>\n<p>&nbsp;<\/p>\n<p>&nbsp;<\/p>\n<p>&nbsp;<\/p>\n<p>&nbsp;<\/p>\n<p>&nbsp;<\/p>\n<p>&nbsp;<\/p>\n<p>&nbsp;<\/p>\n<p>&nbsp;<\/p>\n<p>&nbsp;<\/p>\n<p>&nbsp;<\/p>\n","protected":false},"excerpt":{"rendered":"<p>\u00abMassa tiene un problema a resolver: la gente que forma parte de su familia\u00bb, advirti\u00f3 el intendente del partido bonaerense de San Isidro, quien hab\u00eda anunciado que se postular\u00eda por otro partido.<\/p>\n","protected":false},"author":4,"featured_media":0,"comment_status":"open","ping_status":"open","sticky":false,"template":"","format":"standard","meta":{"_jetpack_newsletter_access":"","_jetpack_dont_email_post_to_subs":false,"_jetpack_newsletter_tier_id":0,"_jetpack_memberships_contains_paywalled_content":false,"_jetpack_memberships_contains_paid_content":false,"footnotes":""},"categories":[51],"tags":[],"class_list":["post-56845","post","type-post","status-publish","format-standard","hentry","category-politica"],"jetpack_shortlink":"https:\/\/wp.me\/p2JWE0-eMR","jetpack-related-posts":[{"id":57521,"url":"http:\/\/www.24baires.com\/?p=57521","url_meta":{"origin":56845,"position":0},"title":"Posse pidi\u00f3 una alianza entre Massa y Macri para enfrentar al Frente para la Victoria","author":"GB","date":"22\/11\/2014","format":false,"excerpt":"El intendente massista de San Isidro, Gustavo Posse, se mostr\u00f3 a favor de una eventual alianza entre el jefe de Gobierno porte\u00f1o, Mauricio Macri, y el diputado nacional Sergio Massa, al sostener que \"el que sea generoso y se junte con el otro, gana\". \"Hay que aprender, los que nos\u2026","rel":"","context":"En \u00abElecciones 2015\u00bb","block_context":{"text":"Elecciones 2015","link":"http:\/\/www.24baires.com\/?cat=74"},"img":{"alt_text":"gustavo posse","src":"https:\/\/i0.wp.com\/www.24baires.com\/wp-content\/uploads\/2014\/10\/gustavo-posse.jpg?resize=350%2C200","width":350,"height":200,"srcset":"https:\/\/i0.wp.com\/www.24baires.com\/wp-content\/uploads\/2014\/10\/gustavo-posse.jpg?resize=350%2C200 1x, https:\/\/i0.wp.com\/www.24baires.com\/wp-content\/uploads\/2014\/10\/gustavo-posse.jpg?resize=525%2C300 1.5x"},"classes":[]},{"id":34521,"url":"http:\/\/www.24baires.com\/?p=34521","url_meta":{"origin":56845,"position":1},"title":"Senador massista asegura que Posse es \u201clo peor de la borocotizaci\u00f3n\u201d de la pol\u00edtica","author":"AF","date":"02\/11\/2013","format":false,"excerpt":"El senador bonaerense electo y jefe del Frente Renovador de San Isidro Sebasti\u00e1n Galmarini cuestion\u00f3 la integraci\u00f3n definitiva del intendente de San Isidro, Gustavo Posse, a las filas del massismo. A dos d\u00edas de darse a conocer que Posse defini\u00f3 desligarse del Pro \u2013dijo que \u201cnunca\u201d perteneci\u00f3 en realidad al\u2026","rel":"","context":"En \u00abPol\u00edtica\u00bb","block_context":{"text":"Pol\u00edtica","link":"http:\/\/www.24baires.com\/?cat=51"},"img":{"alt_text":"","src":"","width":0,"height":0},"classes":[]},{"id":52720,"url":"http:\/\/www.24baires.com\/?p=52720","url_meta":{"origin":56845,"position":2},"title":"Desde el massismo dan por sentado el pase de Insaurralde al Frente Renovador","author":"GB","date":"29\/08\/2014","format":false,"excerpt":"\"Ya est\u00e1 ac\u00e1\", sostuvo el intendente de San Isidro, Gustavo Posse. Adem\u00e1s, tent\u00f3 al diputado a ser su compa\u00f1ero de f\u00f3rmula para gobernar la Provincia. El intendente de San Isidro, el massista Gustavo Posse, dio por confirmado este viernes el pase del diputado nacional del Frente para la Victoria Mart\u00edn\u2026","rel":"","context":"En \u00abPol\u00edtica\u00bb","block_context":{"text":"Pol\u00edtica","link":"http:\/\/www.24baires.com\/?cat=51"},"img":{"alt_text":"insaurralde massa","src":"https:\/\/i0.wp.com\/www.24baires.com\/wp-content\/uploads\/2014\/08\/insaurralde-massa.jpg?resize=350%2C200","width":350,"height":200,"srcset":"https:\/\/i0.wp.com\/www.24baires.com\/wp-content\/uploads\/2014\/08\/insaurralde-massa.jpg?resize=350%2C200 1x, https:\/\/i0.wp.com\/www.24baires.com\/wp-content\/uploads\/2014\/08\/insaurralde-massa.jpg?resize=525%2C300 1.5x"},"classes":[]},{"id":41612,"url":"http:\/\/www.24baires.com\/?p=41612","url_meta":{"origin":56845,"position":3},"title":"Denuncian a Posse por no resolver los problemas de inundaci\u00f3n en San Isidro","author":"Grupo Sierra","date":"06\/03\/2014","format":false,"excerpt":"El concejal Leandro Mart\u00edn dijo que \u201cno hay inter\u00e9s por parte del municipio de resolver estos problemas\u201d y precis\u00f3 que el intendente \u201cno destina ni siquiera el 10 por ciento de su presupuesto total en obra p\u00fablica\u201d. Los barrios m\u00e1s afectados por el agua son los de las localidades de\u2026","rel":"","context":"En \u00abMunicipios\u00bb","block_context":{"text":"Municipios","link":"http:\/\/www.24baires.com\/?cat=44"},"img":{"alt_text":"gustavo-posse","src":"https:\/\/i0.wp.com\/www.24baires.com\/wp-content\/uploads\/2014\/01\/gustavo-posse.jpg?resize=350%2C200","width":350,"height":200,"srcset":"https:\/\/i0.wp.com\/www.24baires.com\/wp-content\/uploads\/2014\/01\/gustavo-posse.jpg?resize=350%2C200 1x, https:\/\/i0.wp.com\/www.24baires.com\/wp-content\/uploads\/2014\/01\/gustavo-posse.jpg?resize=525%2C300 1.5x"},"classes":[]},{"id":66557,"url":"http:\/\/www.24baires.com\/?p=66557","url_meta":{"origin":56845,"position":4},"title":"Gustavo Posse ser\u00e1 nuevamente candidato en San Isidro","author":"GB","date":"26\/05\/2015","format":false,"excerpt":"Tras dejar el Frente Renovador y reclamar reiteradas veces que la oposici\u00f3n se junte en una gran PASO para derrotar al kirchnerismo, el jefe comunal se tom\u00f3 menos de una semana para comunicarle a su c\u00edrculo \u00edntimo que ir\u00e1 por la reelecci\u00f3n. El possismo afirma en la intimidad que Mauricio\u2026","rel":"","context":"En \u00abElecciones 2015\u00bb","block_context":{"text":"Elecciones 2015","link":"http:\/\/www.24baires.com\/?cat=74"},"img":{"alt_text":"gustavo posse","src":"https:\/\/i0.wp.com\/www.24baires.com\/wp-content\/uploads\/2014\/10\/gustavo-posse.jpg?resize=350%2C200","width":350,"height":200,"srcset":"https:\/\/i0.wp.com\/www.24baires.com\/wp-content\/uploads\/2014\/10\/gustavo-posse.jpg?resize=350%2C200 1x, https:\/\/i0.wp.com\/www.24baires.com\/wp-content\/uploads\/2014\/10\/gustavo-posse.jpg?resize=525%2C300 1.5x"},"classes":[]},{"id":54586,"url":"http:\/\/www.24baires.com\/?p=54586","url_meta":{"origin":56845,"position":5},"title":"La Justicia fren\u00f3 la venta de una parte del Hip\u00f3dromo de San Isidro","author":"GB","date":"01\/10\/2014","format":false,"excerpt":"La Municipalidad hab\u00eda logrado que el HCD aprobara una ordenanza para permitir el avance inmobiliario sobre 43.000 metros cuadrados del espacio verde, pero un juzgado local puso el grito en el cielo y convalid\u00f3 una cautelar que solicitara Marcela Durrieu, suegra de Sergio Massa. Como estaba previsto, finalmente el Juzgado\u2026","rel":"","context":"En \u00abLocales\u00bb","block_context":{"text":"Locales","link":"http:\/\/www.24baires.com\/?cat=38"},"img":{"alt_text":"","src":"","width":0,"height":0},"classes":[]}],"jetpack_sharing_enabled":true,"jetpack_likes_enabled":true,"jetpack_featured_media_url":"","_links":{"self":[{"href":"http:\/\/www.24baires.com\/index.php?rest_route=\/wp\/v2\/posts\/56845","targetHints":{"allow":["GET"]}}],"collection":[{"href":"http:\/\/www.24baires.com\/index.php?rest_route=\/wp\/v2\/posts"}],"about":[{"href":"http:\/\/www.24baires.com\/index.php?rest_route=\/wp\/v2\/types\/post"}],"author":[{"embeddable":true,"href":"http:\/\/www.24baires.com\/index.php?rest_route=\/wp\/v2\/users\/4"}],"replies":[{"embeddable":true,"href":"http:\/\/www.24baires.com\/index.php?rest_route=%2Fwp%2Fv2%2Fcomments&post=56845"}],"version-history":[{"count":1,"href":"http:\/\/www.24baires.com\/index.php?rest_route=\/wp\/v2\/posts\/56845\/revisions"}],"predecessor-version":[{"id":56846,"href":"http:\/\/www.24baires.com\/index.php?rest_route=\/wp\/v2\/posts\/56845\/revisions\/56846"}],"wp:attachment":[{"href":"http:\/\/www.24baires.com\/index.php?rest_route=%2Fwp%2Fv2%2Fmedia&parent=56845"}],"wp:term":[{"taxonomy":"category","embeddable":true,"href":"http:\/\/www.24baires.com\/index.php?rest_route=%2Fwp%2Fv2%2Fcategories&post=56845"},{"taxonomy":"post_tag","embeddable":true,"href":"http:\/\/www.24baires.com\/index.php?rest_route=%2Fwp%2Fv2%2Ftags&post=56845"}],"curies":[{"name":"wp","href":"https:\/\/api.w.org\/{rel}","templated":true}]}}