{"id":56843,"date":"2014-11-09T20:00:03","date_gmt":"2014-11-09T23:00:03","guid":{"rendered":"http:\/\/www.24baires.com\/?p=56843"},"modified":"2014-11-09T20:26:34","modified_gmt":"2014-11-09T23:26:34","slug":"el-nuevo-codigo-procesal-penal-recibira-dictamen-esta-semana","status":"publish","type":"post","link":"http:\/\/www.24baires.com\/?p=56843","title":{"rendered":"El nuevo C\u00f3digo Procesal Penal recibir\u00e1 dictamen esta semana"},"content":{"rendered":"<p>Ser\u00e1 luego de que finalicen las audiencias en las que ya se escucharon diferentes opiniones sobre la iniciativa enviada por el Poder Ejecutivo. Se tratar\u00eda en la sesi\u00f3n del mi\u00e9rcoles 19 de noviembre.<!--more--><\/p>\n<p>Si el proyecto obtiene dictamen de mayor\u00eda, algo que se descuenta ya que el kirchnerismo tiene el n\u00famero necesario en las comisiones de Justicia y Asuntos Penales y de Presupuesto y Hacienda, estar\u00e1 listo para ser debatido en la sesi\u00f3n del mi\u00e9rcoles 19 de noviembre.<\/p>\n<p>As\u00ed lo informaron fuentes de la comisi\u00f3n de Justicia, que encabeza el representante del Frente para la Victoria por Entre R\u00edos, Pedro Guastavino.<\/p>\n<p>De acuerdo con el cronograma de la semana que viene, el martes 11 desde las 15 los senadores recibir\u00e1n en audiencia p\u00fablica a los \u00faltimos invitados.<\/p>\n<p>Entre otros, estar\u00e1n presentes el vicepresidente del Instituto de Estudios Comparados en Ciencias Penales y Sociales (INECIP), Alberto Binder; el secretario general de la Uni\u00f3n de Empleados Judiciales de la Naci\u00f3n, Julio Piumato; y el director general de Protecci\u00f3n de Derechos Humanos de la Procuraci\u00f3n Penitenciaria de la Naci\u00f3n, Ariel Cejas Meliare.<\/p>\n<p>Tambi\u00e9n fueron convocados la diputada provincial de Entre R\u00edos, Rosario Romero; y el subdirector de la Direcci\u00f3n de Legales y Contencioso de la Procuraci\u00f3n Penitenciaria de la Naci\u00f3n, Rodrigo Borda.<\/p>\n<p>Finalmente se recibir\u00e1 al profesor adjunto del Departamento de Derecho Penal y Criminolog\u00eda de la UBA, Fernando D\u00edaz Cant\u00f3n; al profesor de Derecho Penal y Procesal Penal de la UBA, Maximiliano Rusconi; y al doctor en Derecho Penal, Carlos Enrique Llera.<\/p>\n<p>Al d\u00eda siguiente desde las 11, en tanto, los senadores terminar\u00e1n de debatir los \u00faltimos detalles del nuevo C\u00f3digo y pasar\u00e1n a la firma del dictamen para que, el mi\u00e9rcoles 19 sea debatido en el recinto.<\/p>\n<p>Una vez que el Senado le de media sanci\u00f3n, el proyecto deber\u00e1 ser aprobado por la C\u00e1mara de Diputados para que sea convertido en Ley.<\/p>\n<p>No obstante, su entrada en vigencia se producir\u00e1 una vez que, tal como lo establece la iniciativa, se conforme la Comisi\u00f3n Bicameral que se crear\u00e1 luego de que este proyecto sea sancionado.<\/p>\n<p>Tal como hab\u00eda anticipado el senador kirchnerista por Salta, Rodolfo Urtubey, los \u201ctiempos de implementaci\u00f3n est\u00e1n relacionados con una Ley posterior que ser\u00e1 discutida el a\u00f1o pr\u00f3ximo, por lo que el C\u00f3digo reci\u00e9n podr\u00eda empezar a regir a partir del 2016\u201d.<\/p>\n<p>El nuevo C\u00f3digo introduce, como modificaci\u00f3n principal, reemplazar el actual sistema \u201cinquisitivo\u201d por un sistema legal \u201cacusatorio\u201d, en el que la investigaci\u00f3n preparatoria estar\u00e1 a cargo del fiscal que puede tardar hasta un a\u00f1o y que concluye con la acusaci\u00f3n del imputado, exhibiendo las pruebas pertinentes al juez.<\/p>\n<p>En la preparaci\u00f3n del juicio se decide qu\u00e9 pruebas se tendr\u00e1n en cuenta y se determina el tribunal que se har\u00e1 cargo del proceso oral y p\u00fablico.<\/p>\n<p>La tercera etapa de la causa es el juicio en s\u00ed mismo, que no puede durar m\u00e1s de tres a\u00f1os.<\/p>\n<p>Con este nuevo sistema \u00abacusatorio\u00bb, los fiscales son quienes realizan la investigaci\u00f3n y recogen las pruebas, y el juez es un tercero imparcial que decide sobre la legalidad de las evidencias y valorar\u00e1 las pruebas que obtienen otros.<\/p>\n<p>Adem\u00e1s, se crean 17 nuevas fiscal\u00edas y 1.713 nuevos cargos en las fiscal\u00edas y defensor\u00edas de todo el pa\u00eds.<\/p>\n<p>Otra de las potestades de los fiscales es que podr\u00e1n decidir cu\u00e1les delitos investigar.<\/p>\n<p>Sin embargo, el nuevo C\u00f3digo los obliga a investigar las causas en las que el imputado sea un funcionario p\u00fablico y se le atribuyera un delito cometido en ejercicio de su funci\u00f3n o en raz\u00f3n de su cargo o cuando apareciera como un episodio dentro de un contexto de violencia dom\u00e9stica o motivada por razones discriminatorias.<\/p>\n<p>La prisi\u00f3n preventiva ser\u00e1 dictada cuando exista peligro de fuga del acusado o este pueda entorpecer la investigaci\u00f3n en funci\u00f3n de la gravedad de las circunstancias del delito, su naturaleza, la conmoci\u00f3n social que provoc\u00f3 el hecho o las condiciones del imputado.<\/p>\n<p>Sin embargo, antes de llegar a la prisi\u00f3n preventiva el C\u00f3digo prev\u00e9 una lista de 11 opciones.<\/p>\n<p>Estas opciones van desde la promesa del acusado de someterse al proceso, que entregue sus documentos, que se presente mes a mes en el juzgado, la vigilancia electr\u00f3nica o el arresto en su domicilio.<\/p>\n<p>Sin ser querellantes, las v\u00edctimas deben ser escuchadas, informadas y protegidas; y puede intervenir, seguir con la acci\u00f3n privada cuando el fiscal desista de la p\u00fablica y participar de las audiencias previas a la libertad del condenado por el delito del que fueron v\u00edctimas.<\/p>\n<p>Finalmente, y entre otros aspectos, el C\u00f3digo establece que los extranjeros ilegales detenidos en flagrante delito sean expulsados del pa\u00eds, siempre que el delito que se les imputa conlleve el cumplimiento de una pena privativa de la libertad cuyo m\u00ednimo no fuere superior a tres a\u00f1os de prisi\u00f3n.<\/p>\n<p>De todos modos, se lo expulsar\u00e1 del territorio siempre que ello no vulnere el derecho de reunificaci\u00f3n familiar.<\/p>\n<p>La expulsi\u00f3n dispuesta judicialmente conlleva, sin excepci\u00f3n, la prohibici\u00f3n de reingreso que no puede ser menor a cinco ni mayor a quince a\u00f1os.<\/p>\n","protected":false},"excerpt":{"rendered":"<p>Ser\u00e1 luego de que finalicen las audiencias en las que ya se escucharon diferentes opiniones sobre la iniciativa enviada por el Poder Ejecutivo. Se tratar\u00eda en la sesi\u00f3n del mi\u00e9rcoles 19 de noviembre.<\/p>\n","protected":false},"author":4,"featured_media":0,"comment_status":"open","ping_status":"open","sticky":false,"template":"","format":"standard","meta":{"_jetpack_newsletter_access":"","_jetpack_dont_email_post_to_subs":false,"_jetpack_newsletter_tier_id":0,"_jetpack_memberships_contains_paywalled_content":false,"_jetpack_memberships_contains_paid_content":false,"footnotes":""},"categories":[51],"tags":[],"class_list":["post-56843","post","type-post","status-publish","format-standard","hentry","category-politica"],"jetpack_shortlink":"https:\/\/wp.me\/p2JWE0-eMP","jetpack-related-posts":[{"id":21053,"url":"http:\/\/www.24baires.com\/?p=21053","url_meta":{"origin":56843,"position":0},"title":"El Senado vota este mi\u00e9rcoles tres proyectos clave para la reforma judicial","author":"AF","date":"15\/04\/2013","format":false,"excerpt":"Desde el pr\u00f3ximo mi\u00e9rcoles, la c\u00e1mara alta debatir\u00e1 las normas del voto popular para elegir a los miembros del Consejo de la Magistratura, la regulaci\u00f3n de las medidas cautelares y la creaci\u00f3n de tres tribunales de Casaci\u00f3n. Las tres normas ya tienen dictamen fruto de un plenario de las comisiones\u2026","rel":"","context":"En \u00abPol\u00edtica\u00bb","block_context":{"text":"Pol\u00edtica","link":"http:\/\/www.24baires.com\/?cat=51"},"img":{"alt_text":"","src":"","width":0,"height":0},"classes":[]},{"id":116007,"url":"http:\/\/www.24baires.com\/?p=116007","url_meta":{"origin":56843,"position":1},"title":"La Reforma Judicial llegar\u00e1 al recinto la semana que viene","author":"GB","date":"20\/08\/2020","format":false,"excerpt":"La iniciativa cont\u00f3 con el apoyo de los legisladores del Frente de Todos, en tanto que el interbloque de Juntos por el Cambio y sus aliados se opusieron, lo que gener\u00f3 varios cruces con el oficialismo. El proyecto de Ley de Reforma Judicial enviado por el Poder Ejecutivo y que\u2026","rel":"","context":"En \u00abPol\u00edtica\u00bb","block_context":{"text":"Pol\u00edtica","link":"http:\/\/www.24baires.com\/?cat=51"},"img":{"alt_text":"","src":"https:\/\/i0.wp.com\/www.24baires.com\/wp-content\/uploads\/2020\/05\/diputados-virtual.jpg?resize=350%2C200","width":350,"height":200,"srcset":"https:\/\/i0.wp.com\/www.24baires.com\/wp-content\/uploads\/2020\/05\/diputados-virtual.jpg?resize=350%2C200 1x, https:\/\/i0.wp.com\/www.24baires.com\/wp-content\/uploads\/2020\/05\/diputados-virtual.jpg?resize=525%2C300 1.5x"},"classes":[]},{"id":9516,"url":"http:\/\/www.24baires.com\/?p=9516","url_meta":{"origin":56843,"position":2},"title":"Este martes se inicia el debate en el Congreso del proyecto sobre Trata de Personas","author":"Grupo Sierra","date":"17\/12\/2012","format":false,"excerpt":"El debate del proyecto fue incluido en el temario de convocatoria a sesiones extraordinarias del Congreso enviado la semana pasada por el Poder Ejecutivo, luego de conocerse el fallo de la justicia tucumana que absolvi\u00f3 a los 13 acusados por el secuestro y desaparici\u00f3n de Marita Ver\u00f3n. El debate en\u2026","rel":"","context":"En \u00abPol\u00edtica\u00bb","block_context":{"text":"Pol\u00edtica","link":"http:\/\/www.24baires.com\/?cat=51"},"img":{"alt_text":"","src":"","width":0,"height":0},"classes":[]},{"id":116905,"url":"http:\/\/www.24baires.com\/?p=116905","url_meta":{"origin":56843,"position":3},"title":"El Senado buscar\u00e1 emitir dictamen al proyecto de legalizaci\u00f3n del aborto","author":"GB","date":"17\/12\/2020","format":false,"excerpt":"Los legisladores se reunir\u00e1n este jueves para pasar a la firma el dictamen con la intenci\u00f3n con el objetivo de debatir el proyecto en la sesi\u00f3n del martes 29 de diciembre El plenario de comisiones de Banca de la Mujer, Justicia y Asuntos Penales y de Salud, que tiene a\u2026","rel":"","context":"En \u00abPol\u00edtica\u00bb","block_context":{"text":"Pol\u00edtica","link":"http:\/\/www.24baires.com\/?cat=51"},"img":{"alt_text":"","src":"https:\/\/i0.wp.com\/www.24baires.com\/wp-content\/uploads\/2020\/11\/el-senado-comenzara-tratar-la-ley-del-aporte-extraordinario-el-martes-300x225.jpg?resize=350%2C200","width":350,"height":200},"classes":[]},{"id":103007,"url":"http:\/\/www.24baires.com\/?p=103007","url_meta":{"origin":56843,"position":4},"title":"El Senado votar\u00e1 el aborto legal el pr\u00f3ximo 8 de agosto","author":"AF","date":"26\/06\/2018","format":false,"excerpt":"Esta semana arranc\u00f3 el tratamiento en comisiones y se acord\u00f3 en la reuni\u00f3n de Labor Parlamentaria de este martes entre los jefes de bloques la fecha del tratamiento del proyecto en el recinto. Los jefes de las bancadas del Senado acordaron este martes que la votaci\u00f3n de la ley del\u2026","rel":"","context":"En \u00abSociedad\u00bb","block_context":{"text":"Sociedad","link":"http:\/\/www.24baires.com\/?cat=1"},"img":{"alt_text":"","src":"https:\/\/i0.wp.com\/www.24baires.com\/wp-content\/uploads\/2018\/02\/aborto.jpg?resize=350%2C200","width":350,"height":200,"srcset":"https:\/\/i0.wp.com\/www.24baires.com\/wp-content\/uploads\/2018\/02\/aborto.jpg?resize=350%2C200 1x, https:\/\/i0.wp.com\/www.24baires.com\/wp-content\/uploads\/2018\/02\/aborto.jpg?resize=525%2C300 1.5x"},"classes":[]},{"id":57809,"url":"http:\/\/www.24baires.com\/?p=57809","url_meta":{"origin":56843,"position":5},"title":"Avanza el C\u00f3digo Procesal Penal y est\u00e1 cerca de ser ley","author":"Grupo Sierra","date":"27\/11\/2014","format":false,"excerpt":"El bloque de diputados del FPV consigui\u00f3 emitir dictamen al proyecto en un plenario de comisiones y buscar\u00e1 convertirlo en ley en una sesi\u00f3n especial que se realizar\u00e1 la semana pr\u00f3ximo. El ministro expuso los alcances de la iniciativa aprobada el pasado 19 de noviembre por el Senado, en el\u2026","rel":"","context":"En \u00abLegislativo\u00bb","block_context":{"text":"Legislativo","link":"http:\/\/www.24baires.com\/?cat=75"},"img":{"alt_text":"congreso","src":"https:\/\/i0.wp.com\/www.24baires.com\/wp-content\/uploads\/2014\/09\/congreso.jpg?resize=350%2C200","width":350,"height":200,"srcset":"https:\/\/i0.wp.com\/www.24baires.com\/wp-content\/uploads\/2014\/09\/congreso.jpg?resize=350%2C200 1x, https:\/\/i0.wp.com\/www.24baires.com\/wp-content\/uploads\/2014\/09\/congreso.jpg?resize=525%2C300 1.5x"},"classes":[]}],"jetpack_sharing_enabled":true,"jetpack_likes_enabled":true,"jetpack_featured_media_url":"","_links":{"self":[{"href":"http:\/\/www.24baires.com\/index.php?rest_route=\/wp\/v2\/posts\/56843","targetHints":{"allow":["GET"]}}],"collection":[{"href":"http:\/\/www.24baires.com\/index.php?rest_route=\/wp\/v2\/posts"}],"about":[{"href":"http:\/\/www.24baires.com\/index.php?rest_route=\/wp\/v2\/types\/post"}],"author":[{"embeddable":true,"href":"http:\/\/www.24baires.com\/index.php?rest_route=\/wp\/v2\/users\/4"}],"replies":[{"embeddable":true,"href":"http:\/\/www.24baires.com\/index.php?rest_route=%2Fwp%2Fv2%2Fcomments&post=56843"}],"version-history":[{"count":1,"href":"http:\/\/www.24baires.com\/index.php?rest_route=\/wp\/v2\/posts\/56843\/revisions"}],"predecessor-version":[{"id":56844,"href":"http:\/\/www.24baires.com\/index.php?rest_route=\/wp\/v2\/posts\/56843\/revisions\/56844"}],"wp:attachment":[{"href":"http:\/\/www.24baires.com\/index.php?rest_route=%2Fwp%2Fv2%2Fmedia&parent=56843"}],"wp:term":[{"taxonomy":"category","embeddable":true,"href":"http:\/\/www.24baires.com\/index.php?rest_route=%2Fwp%2Fv2%2Fcategories&post=56843"},{"taxonomy":"post_tag","embeddable":true,"href":"http:\/\/www.24baires.com\/index.php?rest_route=%2Fwp%2Fv2%2Ftags&post=56843"}],"curies":[{"name":"wp","href":"https:\/\/api.w.org\/{rel}","templated":true}]}}